{"id":333186,"date":"2025-08-21T05:15:12","date_gmt":"2025-08-21T05:15:12","guid":{"rendered":"https:\/\/www.europesays.com\/fr\/333186\/"},"modified":"2025-08-21T05:15:12","modified_gmt":"2025-08-21T05:15:12","slug":"grenoble-24e-ville-etudiante-la-plus-chere-de-france-selon-lunef","status":"publish","type":"post","link":"https:\/\/www.europesays.com\/fr\/333186\/","title":{"rendered":"Grenoble, 24e ville \u00e9tudiante la plus ch\u00e8re de France selon l\u2019UNEF"},"content":{"rendered":"<p>\t\t\t\t\t\t\t\t\t\t\t<img loading=\"lazy\" decoding=\"async\" width=\"1110\" title=\"Grenoble, 24e ville \u00e9tudiante la plus ch\u00e8re de France selon l\u2019UNEF\" class=\"img-fluid  mb-3\" src=\"https:\/\/grandgrenoble.alpes1.com\/media\/news\/thumb\/1110x624_grenoble-24e-ville-etudiante-la-plus-chere-de-france-selon-l-unef_68a623a3560b5.webp\" alt=\"Grenoble, 24e ville \u00e9tudiante la plus ch\u00e8re de France selon l\u2019UNEF\" itemprop=\"image\" height=\"624\"\/>\t\t\t\t\t\t\t\t\t\t\t\t<\/p>\n<p>Grenoble, 24e ville \u00e9tudiante la plus ch\u00e8re de France selon l\u2019UNEF &#8211; DR<\/p>\n<p itemprop=\"description\"><strong>L\u2019UNEF a publi\u00e9 son barom\u00e8tre annuel du co\u00fbt de la vie \u00e9tudiante, et les r\u00e9sultats confirment la difficult\u00e9 croissante de se loger et d\u2019\u00e9tudier dans les grandes villes universitaires.<\/strong><\/p>\n<p>Grenoble se classe 24e sur 47 dans ce palmar\u00e8s 2025, avec un budget mensuel moyen estim\u00e9 \u00e0 1188 euros pour un \u00e9tudiant.<\/p>\n<p>C\u2019est pr\u00e8s de 60 euros de moins que la moyenne nationale, fix\u00e9e par le syndicat \u00e9tudiant \u00e0 1226 euros par mois, mais cela reste un niveau \u00e9lev\u00e9, surtout en comparaison avec d\u2019autres villes de la r\u00e9gion comme Clermont-Ferrand (1130 euros, 38e place) ou Saint-\u00c9tienne (1094 euros, 43e place). Lyon, elle, reste la plus ch\u00e8re de la r\u00e9gion et figure dans le top 10 national avec 1324 euros par mois. \u00a0<\/p>\n<p>\u00c0 Grenoble, ce sont principalement les logements qui p\u00e8sent dans le budget, malgr\u00e9 une offre relativement importante de r\u00e9sidences \u00e9tudiantes. Les loyers dans le parc priv\u00e9 restent \u00e9lev\u00e9s, renforc\u00e9s par une forte demande chaque rentr\u00e9e universitaire. \u00c0 cela s\u2019ajoutent des frais de transport (TAG) et d\u2019alimentation en hausse.<\/p>\n<blockquote class=\"twitter-tweet\"><p>&#13;<\/p>\n<p dir=\"ltr\" lang=\"fr\">L\u2019UNEF publie son classement des villes universitaires donc voici le top 23 des villes les plus ch\u00e8res pour les \u00e9tudiant\u2022e\u2022s. <br \/>L\u2019\u00e9tude au complet est \u00e0 retrouver sur notre site internet. <a href=\"https:\/\/t.co\/YCg9vmd7HU\">pic.twitter.com\/YCg9vmd7HU<\/a><\/p>\n<p>&#13;<br \/>\n\u2014 UNEF (@UNEF) <a href=\"https:\/\/twitter.com\/UNEF\/status\/1958095925831696805?ref_src=twsrc%5Etfw\" target=\"_blank\" rel=\"noopener\">August 20, 2025<\/a><\/p><\/blockquote>\n<p>Au niveau national, l\u2019UNEF alerte : le co\u00fbt de la vie \u00e9tudiante a progress\u00e9 de 4,12% par rapport \u00e0 2024, soit une hausse de 807 euros \u00e0 l\u2019ann\u00e9e. Le syndicat pointe la responsabilit\u00e9 de l\u2019augmentation des loyers, y compris dans les r\u00e9sidences CROUS, ainsi que la flamb\u00e9e des prix des produits de premi\u00e8re n\u00e9cessit\u00e9.<\/p>\n<p>Si Grenoble n\u2019appara\u00eet pas parmi les villes les plus ch\u00e8res comme Lyon, Bordeaux ou Paris, le budget reste cons\u00e9quent pour les \u00e9tudiants, particuli\u00e8rement les plus pr\u00e9caires. L\u2019UNEF appelle d\u2019ailleurs \u00e0 des mesures nationales fortes pour \u00e9viter que la hausse continue du co\u00fbt de la vie ne devienne un frein \u00e0 la poursuite d\u2019\u00e9tudes.<\/p>\n<p>\t\t\t\t\t\t\t\t\t\t\t\t\t\t\t\t\t\t\t<script async src=\"https:\/\/platform.twitter.com\/widgets.js\" charset=\"utf-8\"><\/script><\/p>\n","protected":false},"excerpt":{"rendered":"Grenoble, 24e ville \u00e9tudiante la plus ch\u00e8re de France selon l\u2019UNEF &#8211; DR L\u2019UNEF a publi\u00e9 son barom\u00e8tre&hellip;\n","protected":false},"author":2,"featured_media":333187,"comment_status":"","ping_status":"","sticky":false,"template":"","format":"standard","meta":{"footnotes":""},"categories":[9566],"tags":[1111,11,7733,8279,2430,7736,650,7734,2889,2263,1777,674,1011,27,2731,8280,6417,1114,108,4662,12,3725,1825,25,7737],"class_list":{"0":"post-333186","1":"post","2":"type-post","3":"status-publish","4":"format-standard","5":"has-post-thumbnail","7":"category-grenoble","8":"tag-actu","9":"tag-actualites","10":"tag-alpes","11":"tag-alpes1","12":"tag-auvergne-rhone-alpes","13":"tag-cds","14":"tag-cinema","15":"tag-ecoute","16":"tag-emission","17":"tag-equipe","18":"tag-eu","19":"tag-europe","20":"tag-fr","21":"tag-france","22":"tag-grenoble","23":"tag-haute","24":"tag-information","25":"tag-infos","26":"tag-isere","27":"tag-journal","28":"tag-news","29":"tag-podcast","30":"tag-radio","31":"tag-republique-francaise","32":"tag-winamp"},"share_on_mastodon":{"url":"https:\/\/pubeurope.com\/@fr\/115065056485012964","error":""},"_links":{"self":[{"href":"https:\/\/www.europesays.com\/fr\/wp-json\/wp\/v2\/posts\/333186","targetHints":{"allow":["GET"]}}],"collection":[{"href":"https:\/\/www.europesays.com\/fr\/wp-json\/wp\/v2\/posts"}],"about":[{"href":"https:\/\/www.europesays.com\/fr\/wp-json\/wp\/v2\/types\/post"}],"author":[{"embeddable":true,"href":"https:\/\/www.europesays.com\/fr\/wp-json\/wp\/v2\/users\/2"}],"replies":[{"embeddable":true,"href":"https:\/\/www.europesays.com\/fr\/wp-json\/wp\/v2\/comments?post=333186"}],"version-history":[{"count":0,"href":"https:\/\/www.europesays.com\/fr\/wp-json\/wp\/v2\/posts\/333186\/revisions"}],"wp:featuredmedia":[{"embeddable":true,"href":"https:\/\/www.europesays.com\/fr\/wp-json\/wp\/v2\/media\/333187"}],"wp:attachment":[{"href":"https:\/\/www.europesays.com\/fr\/wp-json\/wp\/v2\/media?parent=333186"}],"wp:term":[{"taxonomy":"category","embeddable":true,"href":"https:\/\/www.europesays.com\/fr\/wp-json\/wp\/v2\/categories?post=333186"},{"taxonomy":"post_tag","embeddable":true,"href":"https:\/\/www.europesays.com\/fr\/wp-json\/wp\/v2\/tags?post=333186"}],"curies":[{"name":"wp","href":"https:\/\/api.w.org\/{rel}","templated":true}]}}