{"id":333188,"date":"2025-08-21T05:16:23","date_gmt":"2025-08-21T05:16:23","guid":{"rendered":"https:\/\/www.europesays.com\/fr\/333188\/"},"modified":"2025-08-21T05:16:23","modified_gmt":"2025-08-21T05:16:23","slug":"pronostic-clermont-grenoble-foot-ligue-2","status":"publish","type":"post","link":"https:\/\/www.europesays.com\/fr\/333188\/","title":{"rendered":"Pronostic Clermont Grenoble Foot &#8211; Ligue 2"},"content":{"rendered":"<p class=\"text-xs leading-5 text-gray-400 mb-2\">\n                        Publi\u00e9 le 20\/08\/2025 13:00<br \/>\n                        \u00a0par<br \/>\n                                                            <a href=\"https:\/\/www.sportytrader.com\/auteur\/steeven-occhipinti-1\/\" target=\"_blank\" rel=\"noopener\">Steeven Occhipinti<\/a><\/p>\n<p>                                                                                                            dans<br \/>\n                                <a data-trans=\"tips.published.competition %competition%\" href=\"https:\/\/www.sportytrader.com\/pronostics\/football\/france\/ligue-2-124\/\" target=\"_blank\" rel=\"noopener\"><br \/>\n                                    Pronostic Ligue 2<br \/>\n                                <\/a><\/p>\n<p style=\"text-align: justify;\">Pour la 3e journ\u00e9e de la Ligue 2, le Clermont Foot va recevoir le Grenoble Foot 38 ce vendredi \u00e0 20h00 au Stade Gabriel-Montpied. Pass\u00e9 par les barrages de maintien lors du dernier exercice, le club clermontois s&rsquo;attend \u00e0 montrer un autre visage dans les mois \u00e0 venir. S&rsquo;il n&rsquo;a toujours pas gagn\u00e9 apr\u00e8s ses 2 premi\u00e8res journ\u00e9es de Ligue 2, il n&rsquo;a pas perdu non plus, puisqu&rsquo;il reste sur des scores de parit\u00e9 contre l&rsquo;USL Dunkerque (2-2) et l&rsquo;ES Troyes AC (0-0). L&rsquo;\u00e9quipe entra\u00een\u00e9e par\u00a0S\u00e9bastien Mazeyrat aura l&rsquo;intention de d\u00e9bloquer son compteur de succ\u00e8s pour la venue des Grenoblois.<\/p>\n<p style=\"text-align: justify;\">Le GF38 n&rsquo;est pas des plus rassurants dans cette entame de saison en Ligue 2. Il n&rsquo;a pris qu&rsquo;un seul point apr\u00e8s ses 2 premi\u00e8res journ\u00e9es. Le club grenoblois s&rsquo;est lanc\u00e9 en championnat avec une d\u00e9faite contre l&rsquo;ES Troyes AC (2-1). Les hommes de\u00a0Franck Rizzetto se sont ensuite content\u00e9s d&rsquo;un score de parit\u00e9, lors de la r\u00e9ception du Stade Lavallois (1-1). Ils ont tout de m\u00eame toujours r\u00e9ussi \u00e0 faire parler la poudre depuis la reprise. Une belle s\u00e9rie qu&rsquo;ils ne veulent pas voir prendre fin ce vendredi soir. De quoi s&rsquo;attendre \u00e0 quelques buts du c\u00f4t\u00e9 de Clermont.<\/p>\n","protected":false},"excerpt":{"rendered":"Publi\u00e9 le 20\/08\/2025 13:00 \u00a0par Steeven Occhipinti dans Pronostic Ligue 2 Pour la 3e journ\u00e9e de la Ligue&hellip;\n","protected":false},"author":2,"featured_media":333189,"comment_status":"","ping_status":"","sticky":false,"template":"","format":"standard","meta":{"footnotes":""},"categories":[9566],"tags":[1111,11,2430,2313,1777,674,1011,27,2731,11705,446,12,1817,1821,25],"class_list":{"0":"post-333188","1":"post","2":"type-post","3":"status-publish","4":"format-standard","5":"has-post-thumbnail","7":"category-grenoble","8":"tag-actu","9":"tag-actualites","10":"tag-auvergne-rhone-alpes","11":"tag-clermont","12":"tag-eu","13":"tag-europe","14":"tag-fr","15":"tag-france","16":"tag-grenoble","17":"tag-grenoble-foot","18":"tag-ligue-2","19":"tag-news","20":"tag-pronostic","21":"tag-pronostics","22":"tag-republique-francaise"},"share_on_mastodon":{"url":"https:\/\/pubeurope.com\/@fr\/115065060379019219","error":""},"_links":{"self":[{"href":"https:\/\/www.europesays.com\/fr\/wp-json\/wp\/v2\/posts\/333188","targetHints":{"allow":["GET"]}}],"collection":[{"href":"https:\/\/www.europesays.com\/fr\/wp-json\/wp\/v2\/posts"}],"about":[{"href":"https:\/\/www.europesays.com\/fr\/wp-json\/wp\/v2\/types\/post"}],"author":[{"embeddable":true,"href":"https:\/\/www.europesays.com\/fr\/wp-json\/wp\/v2\/users\/2"}],"replies":[{"embeddable":true,"href":"https:\/\/www.europesays.com\/fr\/wp-json\/wp\/v2\/comments?post=333188"}],"version-history":[{"count":0,"href":"https:\/\/www.europesays.com\/fr\/wp-json\/wp\/v2\/posts\/333188\/revisions"}],"wp:featuredmedia":[{"embeddable":true,"href":"https:\/\/www.europesays.com\/fr\/wp-json\/wp\/v2\/media\/333189"}],"wp:attachment":[{"href":"https:\/\/www.europesays.com\/fr\/wp-json\/wp\/v2\/media?parent=333188"}],"wp:term":[{"taxonomy":"category","embeddable":true,"href":"https:\/\/www.europesays.com\/fr\/wp-json\/wp\/v2\/categories?post=333188"},{"taxonomy":"post_tag","embeddable":true,"href":"https:\/\/www.europesays.com\/fr\/wp-json\/wp\/v2\/tags?post=333188"}],"curies":[{"name":"wp","href":"https:\/\/api.w.org\/{rel}","templated":true}]}}