{"id":333192,"date":"2025-08-21T05:18:15","date_gmt":"2025-08-21T05:18:15","guid":{"rendered":"https:\/\/www.europesays.com\/fr\/333192\/"},"modified":"2025-08-21T05:18:15","modified_gmt":"2025-08-21T05:18:15","slug":"a-rennes-de-plus-en-plus-de-vetements-sont-jetes-dans-la-poubelle-jaune-ce-sont-de-tres-grandes-quantites-qui-nont-rien-a-faire-la","status":"publish","type":"post","link":"https:\/\/www.europesays.com\/fr\/333192\/","title":{"rendered":"\u00c0 Rennes, de plus en plus de v\u00eatements sont jet\u00e9s dans la poubelle jaune\u00a0: \u00ab\u00a0Ce sont de tr\u00e8s grandes quantit\u00e9s qui n\u2019ont rien \u00e0 faire l\u00e0\u00a0\u00bb"},"content":{"rendered":"<p>Rennes m\u00e9tropole lance un appel au civisme. Trop souvent les v\u00eatements usagers sont jet\u00e9s dans les bacs d\u2019ordures m\u00e9nag\u00e8res ou dans les poubelles jaunes. Un acte qui g\u00e9n\u00e8re de nombreux dysfonctionnements dans le tri des emballages assur\u00e9 par Paprec (Le Rheu) pour Rennes M\u00e9tropole. \u00ab Certains textiles s\u2019enroulent dans les \u00e9quipements et g\u00e9n\u00e8rent des arr\u00eats techniques \u00bb, explique Erwan Nedelec, directeur r\u00e9gional Bretagne chez Paprec. Cela provoque une maintenance accrue qui porte pr\u00e9judice \u00e0 toute la fili\u00e8re de tri. \u00bb<\/p>\n<p>En juillet, la situation s\u2019est encore d\u00e9grad\u00e9e. Dans la m\u00e9tropole rennaise comme partout en France, la collecte des v\u00eatements a \u00e9t\u00e9 arr\u00eat\u00e9e par le Relais, le principal organisme de collecte. Confront\u00e9 \u00e0 des recettes qui s\u2019\u00e9rodent, Le Relais demandait notamment la revalorisation de la contribution au tri vers\u00e9e par Refashion. Apr\u00e8s plusieurs jours d\u2019interruption, la collecte de ces bornes textiles a repris le 24 juillet dernier.<\/p>\n<p>1kg de v\u00eatements par an et par habitant dans Rennes m\u00e9tropole<\/p>\n<p>Cette interruption a suffi \u00e0 ce que les habitants de la m\u00e9tropole se d\u00e9barrassent encore un peu plus de leurs vieux v\u00eatements dans des bancs jaunes ou dans les ordures m\u00e9nag\u00e8res. \u00ab Dans les poubelles jaunes de la m\u00e9tropole, on estime qu\u2019on trouve 1 kg de v\u00eatements par habitant et par an. Dans les ordures m\u00e9nag\u00e8res, ce chiffre grimpe \u00e0 7 kg par habitant\/par an, d\u00e9taille Laurent Hamon, vice pr\u00e9sident en charge des d\u00e9chets de la m\u00e9tropole rennaise. Ce sont de tr\u00e8s grandes quantit\u00e9s qui n\u2019ont rien \u00e0 faire l\u00e0. Tous les textiles, y compris ceux qui sont ab\u00eem\u00e9s, doivent aller dans les bornes de collecte du Relais. Les cha\u00eenes de tri ne sont faites que pour les emballages carton\/plastiques, par pour les v\u00eatements. \u00bb<\/p>\n<p>\u00ab C\u2019est dans les habitats collectifs que le manque de civisme est le plus important, ajoute Erwan Nedelec. Les gens se cachent derri\u00e8re l\u2019anonymat d\u2019une grande benne \u00e0 ordures. Depuis quelque temps, il y a de plus en plus de probl\u00e8mes sur les cha\u00eenes de tri. Depuis six mois, \u00e0 cause de l\u2019engorgement sur la fili\u00e8re des v\u00eatements, les erreurs de tri montent crescendo. Il y a de plus en plus d\u2019ind\u00e9sirables. Les refus de tri ont explos\u00e9. Dans la m\u00e9tropole rennaise, nous sommes pass\u00e9s de 20 \u00e0 30 % en quelques mois. \u00bb<\/p>\n<p>Reprise de la collecte par le Relais<\/p>\n<p>Le Relais a repris ses collectes fin juillet. Tous les v\u00eatements, linges et chaussures propres et secs, peuvent \u00eatre d\u00e9pos\u00e9s en sacs ferm\u00e9s dans l\u2019une des 307 bornes pr\u00e9sentes dans la M\u00e9tropole. Sur l\u2019agglom\u00e9ration, le Relais trie 2000 tonnes de v\u00eatements chaque ann\u00e9e. Son activit\u00e9 pourrait \u00eatre multipli\u00e9e par trois s\u2019il triait tous les textiles jet\u00e9s.<\/p>\n","protected":false},"excerpt":{"rendered":"Rennes m\u00e9tropole lance un appel au civisme. Trop souvent les v\u00eatements usagers sont jet\u00e9s dans les bacs d\u2019ordures&hellip;\n","protected":false},"author":2,"featured_media":333193,"comment_status":"","ping_status":"","sticky":false,"template":"","format":"standard","meta":{"footnotes":""},"categories":[2821],"tags":[1111,11,829,765,1777,674,1011,27,12,584,25],"class_list":{"0":"post-333192","1":"post","2":"type-post","3":"status-publish","4":"format-standard","5":"has-post-thumbnail","7":"category-rennes","8":"tag-actu","9":"tag-actualites","10":"tag-bretagne","11":"tag-en-continu","12":"tag-eu","13":"tag-europe","14":"tag-fr","15":"tag-france","16":"tag-news","17":"tag-rennes","18":"tag-republique-francaise"},"share_on_mastodon":{"url":"https:\/\/pubeurope.com\/@fr\/115065068222524583","error":""},"_links":{"self":[{"href":"https:\/\/www.europesays.com\/fr\/wp-json\/wp\/v2\/posts\/333192","targetHints":{"allow":["GET"]}}],"collection":[{"href":"https:\/\/www.europesays.com\/fr\/wp-json\/wp\/v2\/posts"}],"about":[{"href":"https:\/\/www.europesays.com\/fr\/wp-json\/wp\/v2\/types\/post"}],"author":[{"embeddable":true,"href":"https:\/\/www.europesays.com\/fr\/wp-json\/wp\/v2\/users\/2"}],"replies":[{"embeddable":true,"href":"https:\/\/www.europesays.com\/fr\/wp-json\/wp\/v2\/comments?post=333192"}],"version-history":[{"count":0,"href":"https:\/\/www.europesays.com\/fr\/wp-json\/wp\/v2\/posts\/333192\/revisions"}],"wp:featuredmedia":[{"embeddable":true,"href":"https:\/\/www.europesays.com\/fr\/wp-json\/wp\/v2\/media\/333193"}],"wp:attachment":[{"href":"https:\/\/www.europesays.com\/fr\/wp-json\/wp\/v2\/media?parent=333192"}],"wp:term":[{"taxonomy":"category","embeddable":true,"href":"https:\/\/www.europesays.com\/fr\/wp-json\/wp\/v2\/categories?post=333192"},{"taxonomy":"post_tag","embeddable":true,"href":"https:\/\/www.europesays.com\/fr\/wp-json\/wp\/v2\/tags?post=333192"}],"curies":[{"name":"wp","href":"https:\/\/api.w.org\/{rel}","templated":true}]}}