{"id":333194,"date":"2025-08-21T05:19:12","date_gmt":"2025-08-21T05:19:12","guid":{"rendered":"https:\/\/www.europesays.com\/fr\/333194\/"},"modified":"2025-08-21T05:19:12","modified_gmt":"2025-08-21T05:19:12","slug":"de-nouvelles-perturbations-prevues-des-vendredi","status":"publish","type":"post","link":"https:\/\/www.europesays.com\/fr\/333194\/","title":{"rendered":"de nouvelles perturbations pr\u00e9vues d\u00e8s vendredi"},"content":{"rendered":"<p>            Par<br \/>\n        <strong><br \/>\n            <a href=\"https:\/\/actu.fr\/auteur\/redaction-strasbourg\" title=\"Consulter tous les articles de R\u00e9daction Strasbourg\" target=\"_blank\" rel=\"noopener\">R\u00e9daction Strasbourg<\/a><br \/>\n        <\/strong><\/p>\n<p>        Publi\u00e9 le<\/p>\n<p>            21 ao\u00fbt 2025 \u00e0 7h04        <\/p>\n<p>Apr\u00e8s<strong> d\u2019importants travaux rue des Halles<\/strong> \u00e0 <a href=\"https:\/\/actu.fr\/strasbourg\/\" target=\"_blank\" rel=\"noopener\">Strasbourg<\/a>, le <strong>chantier de transformation<\/strong> <strong>du secteur entame sa phase finale<\/strong> avec notamment <strong>le d\u00e9but des <\/strong><a href=\"https:\/\/actu.fr\/grand-est\/strasbourg_67482\/strasbourg-ce-square-situe-en-centre-ville-va-quadrupler-de-taille-voici-les-amenagements-prevus_62855757.html\" target=\"_blank\" rel=\"noopener\">travaux du square<\/a> d\u00e8s la rentr\u00e9e pour une livraison pr\u00e9vue fin 2025\/d\u00e9but 2026.<\/p>\n<p class=\" wall-content\">De nouvelles <strong>perturbations<\/strong> sont pr\u00e9vues d\u00e8s le vendredi 22 ao\u00fbt 2025, d\u00e9couvrez-les en d\u00e9tail.<\/p>\n<p>Fermeture de la circulation rue des Halles<\/p>\n<p class=\" wall-content\">Entre le<strong> 22 et le 29 ao\u00fbt<\/strong>, seront r\u00e9alis\u00e9s les travaux de reprise de la structure de la chauss\u00e9e et les enrob\u00e9s d\u00e9finitifs. Il s\u2019agit de la derni\u00e8re \u00e9tape des travaux de la rue des Halles. <strong>La rue sera donc compl\u00e8tement ferm\u00e9e \u00e0 la circulation.<\/strong><\/p>\n<p>    <img   decoding=\"async\" loading=\"lazy\" src=\"https:\/\/www.europesays.com\/fr\/wp-content\/uploads\/2025\/08\/design-sans-titre-41-960x640.jpg\" alt=\"La rue des Halles sera ferm\u00e9e \u00e0 la circulation du 22 au 29 ao\u00fbt.\" width=\"960\" height=\"640\"\/><br \/>\n    La rue des Halles sera ferm\u00e9e \u00e0 la circulation du 22 au 29\u00a0ao\u00fbt. (\u00a9Ville de Strasbourg)<\/p>\n<p class=\" wall-content\">L\u2019acc\u00e8s aux <strong>parkings P3-Wilson et P1-Marais-Vert<\/strong> se fera par les rues de S\u00e9bastopol et du Marais-Vert, le mouvement de tourne-\u00e0-droite depuis S\u00e9bastopol vers Marais-Vert sera exceptionnellement autoris\u00e9 depuis la voie de bus r\u00e9serv\u00e9e de la rue de S\u00e9bastopol.<\/p>\n<p>Am\u00e9nagement de la rue du Travail<\/p>\n<p class=\" wall-content\">Les travaux d\u2019am\u00e9nagement de la<strong> rue du Travail,<\/strong> entre la rue d\u2019Ingwiller et la rue de S\u00e9bastopol, ainsi que les travaux de r\u00e9am\u00e9nagement du square des Halles d\u00e9marreront \u00e0 <strong>partir du 1er\u00a0septembre et jusqu\u2019au 17\u00a0octobre.<\/strong><\/p>\n<p>Votre r\u00e9gion, votre actu !<\/p>\n<p>Recevez chaque jour les infos qui comptent pour vous.<\/p>\n<p>\t<a href=\"https:\/\/actu.fr\/newsletter\" class=\"ac-btn ac-btn--corner ac-btn--medium ac-btn--blue800\" target=\"_blank\" rel=\"noopener\">S&rsquo;incrire<\/a><\/p>\n<p>    <img   decoding=\"async\" loading=\"lazy\" src=\"https:\/\/www.europesays.com\/fr\/wp-content\/uploads\/2025\/08\/design-sans-titre-42-960x640.jpg\" alt=\"Le circulation dans la rue du Travail sera perturb\u00e9e d\u00e8s le 1er septembre. \" width=\"960\" height=\"640\"\/><br \/>\n    La circulation dans la rue du Travail sera perturb\u00e9e d\u00e8s le 1er\u00a0septembre. (\u00a9Ville de Strasbourg)<\/p>\n<p class=\" wall-content\">En cons\u00e9quence, la circulation en sens sortant sur la rue du Travail entre la rue d\u2019Ingwiller et la rue de S\u00e9bastopol <strong>sera impossible.<\/strong><\/p>\n<p class=\" wall-content\">Ainsi<strong>, \u00e0 partir de septembre\u00a02025, l\u2019aire de jeu, les bancs et la cl\u00f4ture du square seront d\u00e9pos\u00e9s<\/strong> pour laisser la place aux futurs am\u00e9nagements et \u00e9quipements qui composeront le nouveau square. L\u2019am\u00e9nagement d\u00e9finitif du futur square est envisag\u00e9 pour fin 2025\/d\u00e9but 2026.<\/p>\n<p class=\" wall-content\">Personnalisez votre actualit\u00e9 en ajoutant vos villes et m\u00e9dias en favori avec <a href=\"https:\/\/moncompte.actu.fr\" title=\"D\u00e9couvez Mon Actu\" rel=\"nofollow noopener\" data-trk=\"{&quot;cta&quot;:{&quot;action&quot;:&quot;https:\\\/\\\/moncompte.actu.fr&quot;,&quot;category&quot;:&quot;mon compte&quot;,&quot;from&quot;:&quot;article footer&quot;,&quot;name&quot;:&quot;Mon actu&quot;,&quot;type&quot;:&quot;cta&quot;}}\" target=\"_blank\">Mon Actu<\/a>.<\/p>\n","protected":false},"excerpt":{"rendered":"Par R\u00e9daction Strasbourg Publi\u00e9 le 21 ao\u00fbt 2025 \u00e0 7h04 Apr\u00e8s d\u2019importants travaux rue des Halles \u00e0 Strasbourg,&hellip;\n","protected":false},"author":2,"featured_media":217483,"comment_status":"","ping_status":"","sticky":false,"template":"","format":"standard","meta":{"footnotes":""},"categories":[2820],"tags":[1111,11,1777,674,1011,27,775,12,25,104,640,2086],"class_list":{"0":"post-333194","1":"post","2":"type-post","3":"status-publish","4":"format-standard","5":"has-post-thumbnail","7":"category-strasbourg","8":"tag-actu","9":"tag-actualites","10":"tag-eu","11":"tag-europe","12":"tag-fr","13":"tag-france","14":"tag-grand-est","15":"tag-news","16":"tag-republique-francaise","17":"tag-societe","18":"tag-strasbourg","19":"tag-travaux"},"share_on_mastodon":{"url":"https:\/\/pubeurope.com\/@fr\/115065072168393487","error":""},"_links":{"self":[{"href":"https:\/\/www.europesays.com\/fr\/wp-json\/wp\/v2\/posts\/333194","targetHints":{"allow":["GET"]}}],"collection":[{"href":"https:\/\/www.europesays.com\/fr\/wp-json\/wp\/v2\/posts"}],"about":[{"href":"https:\/\/www.europesays.com\/fr\/wp-json\/wp\/v2\/types\/post"}],"author":[{"embeddable":true,"href":"https:\/\/www.europesays.com\/fr\/wp-json\/wp\/v2\/users\/2"}],"replies":[{"embeddable":true,"href":"https:\/\/www.europesays.com\/fr\/wp-json\/wp\/v2\/comments?post=333194"}],"version-history":[{"count":0,"href":"https:\/\/www.europesays.com\/fr\/wp-json\/wp\/v2\/posts\/333194\/revisions"}],"wp:featuredmedia":[{"embeddable":true,"href":"https:\/\/www.europesays.com\/fr\/wp-json\/wp\/v2\/media\/217483"}],"wp:attachment":[{"href":"https:\/\/www.europesays.com\/fr\/wp-json\/wp\/v2\/media?parent=333194"}],"wp:term":[{"taxonomy":"category","embeddable":true,"href":"https:\/\/www.europesays.com\/fr\/wp-json\/wp\/v2\/categories?post=333194"},{"taxonomy":"post_tag","embeddable":true,"href":"https:\/\/www.europesays.com\/fr\/wp-json\/wp\/v2\/tags?post=333194"}],"curies":[{"name":"wp","href":"https:\/\/api.w.org\/{rel}","templated":true}]}}