{"id":333199,"date":"2025-08-21T05:22:11","date_gmt":"2025-08-21T05:22:11","guid":{"rendered":"https:\/\/www.europesays.com\/fr\/333199\/"},"modified":"2025-08-21T05:22:11","modified_gmt":"2025-08-21T05:22:11","slug":"ogc-nice-decouvrez-le-nouveau-maillot-des-aiglons-pour-les-matchs-a-exterieur","status":"publish","type":"post","link":"https:\/\/www.europesays.com\/fr\/333199\/","title":{"rendered":"OGC Nice\u00a0: d\u00e9couvrez le nouveau maillot des Aiglons pour les matchs \u00e0 ext\u00e9rieur"},"content":{"rendered":"<p>L&rsquo;OGC Nice d\u00e9voile son nouveau maillot ext\u00e9rieur. \u00ab\u00a0Nice la Belle\u00a0\u00bb, c&rsquo;est son nom , rend un hommage visuel et textile \u00e0 la capitale azur\u00e9enne.<\/p>\n<p>Les couleurs du nouveau maillot ext\u00e9rieur des Aiglons reprennent les couleurs du Vieux-Nice. L&rsquo;OGC Nice pr\u00e9sente \u00ab\u00a0Nice la Belle\u00a0\u00bb, c&rsquo;est le nom de ce nouveau maillot que les joueurs porteront pour les matchs \u00e0 l&rsquo;ext\u00e9rieur. Selon le club et la marque Kappa le design est un hommage \u00e0 la capitale azur\u00e9enne.<\/p>\n<p><img loading=\"lazy\" decoding=\"async\" class=\"VisualPreview svelte-1rldrkz\" src=\"data:image\/jpeg;base64,\/9j\/2wBDACgcHiMeGSgjISMtKygwPGRBPDc3PHtYXUlkkYCZlo+AjIqgtObDoKrarYqMyP\/L2u71\/\/\/\/m8H\/\/\/\/6\/+b9\/\/j\/2wBDASstLTw1PHZBQXb4pYyl+Pj4+Pj4+Pj4+Pj4+Pj4+Pj4+Pj4+Pj4+Pj4+Pj4+Pj4+Pj4+Pj4+Pj4+Pj4+Pj4+Pj\/wAARCAAqACEDASIAAhEBAxEB\/8QAGAAAAwEBAAAAAAAAAAAAAAAAAAECAwT\/xAAXEAEBAQEAAAAAAAAAAAAAAAAAAREC\/8QAFgEBAQEAAAAAAAAAAAAAAAAAAQAC\/8QAFhEBAQEAAAAAAAAAAAAAAAAAABEB\/9oADAMBAAIRAxEAPwDWxOLGFlEipDw5CoWBWBBMqmU6VOmK3izTpyqmGBoVEcc6XO2MOA43nS5WHLXlFpoIIP\/Z\" alt=\"Le maillot de l'OGC Nice pour les matchs \u00e0 l'ext\u00e9rieur &quot;Nice la Belle&quot;, devant le Negresco\" width=\"600\" height=\"751\"\/>  Le maillot de l&rsquo;OGC Nice pour les matchs \u00e0 l&rsquo;ext\u00e9rieur \u00ab\u00a0Nice la Belle\u00a0\u00bb, devant le Negresco  &#8211; OGC Nice<\/p>\n<p>La terracotta rappelle les fa\u00e7ades du centre historique, le vert profond pour ses volets en bois et ses ferronneries et le blanc, couleur traditionnelle du maillot ext\u00e9rieur ni\u00e7ois qui symbolise la lumi\u00e8re qui enveloppe quotidiennement la ville.<\/p>\n","protected":false},"excerpt":{"rendered":"L&rsquo;OGC Nice d\u00e9voile son nouveau maillot ext\u00e9rieur. \u00ab\u00a0Nice la Belle\u00a0\u00bb, c&rsquo;est son nom , rend un hommage visuel&hellip;\n","protected":false},"author":2,"featured_media":333200,"comment_status":"","ping_status":"","sticky":false,"template":"","format":"standard","meta":{"footnotes":""},"categories":[2819],"tags":[1111,11,1777,674,1011,27,12,2401,882,25],"class_list":{"0":"post-333199","1":"post","2":"type-post","3":"status-publish","4":"format-standard","5":"has-post-thumbnail","7":"category-nice","8":"tag-actu","9":"tag-actualites","10":"tag-eu","11":"tag-europe","12":"tag-fr","13":"tag-france","14":"tag-news","15":"tag-nice","16":"tag-provence-alpes-cote-dazur","17":"tag-republique-francaise"},"share_on_mastodon":{"url":"https:\/\/pubeurope.com\/@fr\/115065083906999695","error":""},"_links":{"self":[{"href":"https:\/\/www.europesays.com\/fr\/wp-json\/wp\/v2\/posts\/333199","targetHints":{"allow":["GET"]}}],"collection":[{"href":"https:\/\/www.europesays.com\/fr\/wp-json\/wp\/v2\/posts"}],"about":[{"href":"https:\/\/www.europesays.com\/fr\/wp-json\/wp\/v2\/types\/post"}],"author":[{"embeddable":true,"href":"https:\/\/www.europesays.com\/fr\/wp-json\/wp\/v2\/users\/2"}],"replies":[{"embeddable":true,"href":"https:\/\/www.europesays.com\/fr\/wp-json\/wp\/v2\/comments?post=333199"}],"version-history":[{"count":0,"href":"https:\/\/www.europesays.com\/fr\/wp-json\/wp\/v2\/posts\/333199\/revisions"}],"wp:featuredmedia":[{"embeddable":true,"href":"https:\/\/www.europesays.com\/fr\/wp-json\/wp\/v2\/media\/333200"}],"wp:attachment":[{"href":"https:\/\/www.europesays.com\/fr\/wp-json\/wp\/v2\/media?parent=333199"}],"wp:term":[{"taxonomy":"category","embeddable":true,"href":"https:\/\/www.europesays.com\/fr\/wp-json\/wp\/v2\/categories?post=333199"},{"taxonomy":"post_tag","embeddable":true,"href":"https:\/\/www.europesays.com\/fr\/wp-json\/wp\/v2\/tags?post=333199"}],"curies":[{"name":"wp","href":"https:\/\/api.w.org\/{rel}","templated":true}]}}