{"id":333201,"date":"2025-08-21T05:23:23","date_gmt":"2025-08-21T05:23:23","guid":{"rendered":"https:\/\/www.europesays.com\/fr\/333201\/"},"modified":"2025-08-21T05:23:23","modified_gmt":"2025-08-21T05:23:23","slug":"a-nantes-une-proprietaire-de-79-ans-retrouve-son-appartement-apres-deux-ans-de-squat","status":"publish","type":"post","link":"https:\/\/www.europesays.com\/fr\/333201\/","title":{"rendered":"\u00e0 Nantes, une propri\u00e9taire de 79 ans retrouve son appartement apr\u00e8s deux ans de squat"},"content":{"rendered":"<p>En raison de probl\u00e8mes de sant\u00e9, elle avait suspendu la location de son bien qui compl\u00e9tait sa petite retraite. Depuis l\u2019automne 2023, les lieux \u00e9taient occup\u00e9s par une famille dont l\u2019expulsion avait \u00e9t\u00e9 suspendue en raison de sa vuln\u00e9rabilit\u00e9.<\/p>\n<p class=\"fig-paragraph\">Le parcours du combattant s\u2019est termin\u00e9 le 29 juillet. \u00c0\u00a0<a href=\"http:\/\/www.lefigaro.fr\/nantes\/nantes-un-pere-de-famille-roulait-avec-3-4-g-d-alcool-une-bouteille-de-pastis-entre-les-jambes-et-son-fils-de-9-ans-a-l-arriere-20250820\" target=\"_blank\" data-fig-type=\"NewsFlash\" rel=\"noopener\" data-gtm-custom-categorie=\"navigation\" data-gtm-custom-action=\"crossclick\" data-gtm-custom-label=\"Contextuel\" data-gtm-event=\"customEventSPE\" data-fig-domain=\"LEFIGARO\">Nantes<\/a>, l\u2019appartement squatt\u00e9\u00a0<a href=\"http:\/\/www.lefigaro.fr\/nantes\/nantes-a-78-ans-elle-n-arrive-pas-a-recuperer-son-logement-squatte-depuis-plus-de-18-mois-par-une-famille-precaire-20250521\" target=\"_blank\" data-fig-type=\"NewsFlash\" rel=\"noopener\" data-gtm-custom-categorie=\"navigation\" data-gtm-custom-action=\"crossclick\" data-gtm-custom-label=\"Contextuel\" data-gtm-event=\"customEventSPE\" data-fig-domain=\"LEFIGARO\">d\u2019une propri\u00e9taire de 79 ans<\/a>\u00a0a \u00e9t\u00e9 lib\u00e9r\u00e9 apr\u00e8s presque deux ans d\u2019occupation. \u00ab\u00c7a a \u00e9t\u00e9 stressant. \u00c7a se finit plut\u00f4t bien\u00bb, a r\u00e9agi sa fille, jointe par t\u00e9l\u00e9phone. C\u2019est elle qui a accompagn\u00e9 sa m\u00e8re dans cette \u00e9preuve. Si le soulagement de retrouver le logement situ\u00e9 quartier Dalby est bien r\u00e9el,\u00a0<a href=\"https:\/\/www.lefigaro.fr\/actualite-france\/comment-faire-pour-recuperer-un-logement-squatte-20201106\" target=\"_blank\" data-fig-type=\"Article\" rel=\"noopener\" data-gtm-custom-categorie=\"navigation\" data-gtm-custom-action=\"crossclick\" data-gtm-custom-label=\"Contextuel\" data-gtm-event=\"customEventSPE\" data-fig-domain=\"LEFIGARO\">les proc\u00e9dures<\/a>\u00a0ont \u00e9t\u00e9 laborieuses.<\/p>\n<p class=\"fig-paragraph\">La propri\u00e9taire qui avait h\u00e9rit\u00e9 d\u2019un bien de son p\u00e8re louait ce logement pour compl\u00e9ter sa petite retraite. Victime de probl\u00e8mes de sant\u00e9, elle avait d\u00fb suspendre momentan\u00e9ment la location. \u00c0 l\u2019automne 2023, une famille avait alors occup\u00e9 l\u2019appartement vacant. Une d\u00e9cision d\u2019expulsion avait \u00e9t\u00e9 suspendue en raison de la vuln\u00e9rabilit\u00e9 des occupants, un couple de Guin\u00e9ens parents d\u2019enfants de 1 et 2 ans.<\/p>\n<p>                                    <a class=\"fig-a11y-skip a11y-hidden\" href=\"#fig-a11y-skip-main-inarticle\"><br \/>\n        Passer la publicit\u00e9<br \/>\n    <\/a><\/p>\n<p>Changer les serrures, aller aux encombrants&#8230;<\/p>\n<p class=\"fig-paragraph\">Fin juillet, la pr\u00e9fecture de Loire-Atlantique a pr\u00e9venu la famille propri\u00e9taire qu\u2019elle allait pouvoir r\u00e9cup\u00e9rer son logement. \u00ab\u00c0 la suite d\u2019une m\u00e9diation engag\u00e9e par la pr\u00e9fecture avec le conseil des int\u00e9ress\u00e9s, les occupants illicites du logement de Mme M. ont quitt\u00e9 les lieux le 29 juillet dernier et sont h\u00e9berg\u00e9s \u00e0 titre temporaire dans un h\u00f4tel\u00bb, confirment au Figaro les services pr\u00e9fectoraux.<\/p>\n<p class=\"fig-paragraph\">L\u2019\u00e9tat dans lequel l\u2019appartement a \u00e9t\u00e9 restitu\u00e9 n\u2019est pas glorieux. \u00abCe n\u2019\u00e9tait pas tagu\u00e9 ou cass\u00e9, mais c\u2019\u00e9tait tr\u00e8s d\u00e9grad\u00e9. Il y avait beaucoup de d\u00e9chets\u00bb, indique la fille de la propri\u00e9taire, qui a d\u00fb se rendre aux encombrants. Elle estime \u00e0 au moins 6000 euros la remise en \u00e9tat de l\u2019int\u00e9rieur. Changer les serrures, repeindre les murs, revoir le syst\u00e8me d\u2019installation de l\u2019\u00e9lectricit\u00e9&#8230; La liste est longue, et les artisans sont difficiles \u00e0 trouver en cette p\u00e9riode estivale. Parmi les autres anomalies constat\u00e9es, un chauffe-eau \u00e9lectrique a \u00e9t\u00e9 pos\u00e9 pr\u00e8s de la chaudi\u00e8re \u00e0 gaz. \u00abUn radiateur d\u00e9tach\u00e9 \u00e9tait \u00e0 la limite de br\u00fbler. Une voisine \u00e9tait reli\u00e9e \u00e0 l\u2019\u00e9lectricit\u00e9 par la fen\u00eatre\u00bb, ajoute encore la fille de la propri\u00e9taire, qui s\u2019est inqui\u00e9t\u00e9e pendant deux ans de la s\u00e9curit\u00e9 de l\u2019immeuble.<\/p>\n<p class=\"fig-paragraph\">Au moment de d\u00e9couvrir les dommages aux c\u00f4t\u00e9s d\u2019un commissaire de justice, elle a crois\u00e9 de mani\u00e8re impr\u00e9vue les occupants qui n\u2019avaient pas encore fini de d\u00e9m\u00e9nager. \u00abJe ne souhaite \u00e0 personne de vivre cette situation. Se retrouver confront\u00e9 \u00e0 une famille en difficult\u00e9, et en m\u00eame temps \u00eatre dans son droit&#8230;\u00bb, t\u00e9moigne-t-elle, apr\u00e8s avoir observ\u00e9 que la m\u00e8re \u00e9tait enceinte. \u00abC\u2019est difficile pour tout le monde\u00a0: pour les occupants, pour la propri\u00e9taire, pour les voisins, pour la pr\u00e9fecture, pour l\u2019ambiance dans le quartier.\u00bb<\/p>\n<blockquote class=\"fig-quote&#10;    \">\n<p class=\"fig-quote__text\">C\u2019est l\u2019action m\u00e9diatique et politique qui a permis de r\u00e9cup\u00e9rer l\u2019appartement<\/p>\n<p>            La fille de la propri\u00e9taire de l\u2019appartement\n    <\/p><\/blockquote>\n<p class=\"fig-paragraph\">Si la situation a pu \u00eatre r\u00e9solue, c\u2019est notamment gr\u00e2ce au soutien du conseiller municipal de droite\u00a0<a href=\"http:\/\/www.lefigaro.fr\/nantes\/municipales-2026-a-nantes-la-droite-deja-divisee-apres-le-coup-de-force-d-un-aspirant-a-la-mairie-20231015\" target=\"_blank\" data-fig-type=\"Article\" rel=\"noopener\" data-gtm-custom-categorie=\"navigation\" data-gtm-custom-action=\"crossclick\" data-gtm-custom-label=\"Contextuel\" data-gtm-event=\"customEventSPE\" data-fig-domain=\"LEFIGARO\">Foulques Chombart de Lauwe<\/a>. C\u2019est d\u2019ailleurs lui qui a annonc\u00e9 dans un communiqu\u00e9 la r\u00e9solution de cette affaire. La pr\u00e9sidente de la r\u00e9gion Pays de la Loire\u00a0<a href=\"http:\/\/www.lefigaro.fr\/politique\/elle-peut-etre-un-element-federateur-christelle-morancais-futur-agent-de-liaison-entre-bruno-retailleau-et-edouard-philippe-20250606\" target=\"_blank\" data-fig-type=\"Article\" rel=\"noopener\" data-gtm-custom-categorie=\"navigation\" data-gtm-custom-action=\"crossclick\" data-gtm-custom-label=\"Contextuel\" data-gtm-event=\"customEventSPE\" data-fig-domain=\"LEFIGARO\">Christelle Moran\u00e7ais<\/a>\u00a0(Horizons) s\u2019est \u00e9galement mobilis\u00e9e, ainsi que les d\u00e9put\u00e9s Karim Benbrahim (PS) et Sophie Errante (sans \u00e9tiquette), qui ont \u00e9crit \u00e0 la pr\u00e9fecture. \u00abFinalement, c\u2019est l\u2019action m\u00e9diatique et politique qui a permis de r\u00e9cup\u00e9rer l\u2019appartement\u00bb, r\u00e9sume notre interlocutrice, \u00e0 propos d\u2019une situation qui n\u2019aurait jamais d\u00fb arriver. Et qu\u2019elle redoute de voir se reproduire. Le soir de la r\u00e9cup\u00e9ration des lieux, des inconnus surveillaient l\u2019immeuble et l\u2019ont interrog\u00e9e pour savoir si l\u2019appartement \u00e9tait libre.<\/p>\n<p class=\"fig-paragraph\">Gasprom-ASTI, qui \u0153uvre localement aux c\u00f4t\u00e9s des personnes migrantes ou immigr\u00e9es, a \u00e9t\u00e9 cit\u00e9 comme soutien des squatteurs au moment de la m\u00e9diatisation de l\u2019affaire. Dans un communiqu\u00e9 d\u00e9but juin, l\u2019association nantaise qui agit pour l\u2019accueil, l\u2019acc\u00e8s aux droits et l\u2019int\u00e9gration des personnes migrantes, a fait savoir qu\u2019elle n\u2019avait \u00abpas organis\u00e9 une quelconque occupation ill\u00e9gale d\u2019un appartement de particuliers\u00bb. Elle a toutefois reconnu soutenir la famille \u00abdans diverses d\u00e9marches administratives\u00bb.\u00a0De son c\u00f4t\u00e9, dans son communiqu\u00e9, Foulques Chombart de Lauwe, candidat \u00e0 la\u00a0<a href=\"http:\/\/www.lefigaro.fr\/elections\/municipales\/municipales-2026-a-nantes-une-consultation-fin-aout-pour-departager-les-deux-candidats-lr-20250729\" target=\"_blank\" data-fig-type=\"NewsFlash\" rel=\"noopener\" data-gtm-custom-categorie=\"navigation\" data-gtm-custom-action=\"crossclick\" data-gtm-custom-label=\"Contextuel\" data-gtm-event=\"customEventSPE\" data-fig-domain=\"LEFIGARO\">primaire de la droite aux municipales nantaises<\/a>, n\u2019a pas h\u00e9sit\u00e9 \u00e0 en remettre une couche. \u00abLa mairie a refus\u00e9 de reconna\u00eetre l\u2019injustice subie, allant jusqu\u2019\u00e0 d\u00e9noncer une suppos\u00e9e \u201cinstrumentalisation\u201d en conseil municipal. Pire, elle a maintenu la subvention municipale \u00e0 l\u2019association Gasprom, soutien des squatteurs\u00bb, a-t-il tanc\u00e9, taclant aussi le silence de la municipalit\u00e9, qui a renvoy\u00e9 la propri\u00e9taire vers la Maison de la Justice et du Droit.<\/p>\n","protected":false},"excerpt":{"rendered":"En raison de probl\u00e8mes de sant\u00e9, elle avait suspendu la location de son bien qui compl\u00e9tait sa petite&hellip;\n","protected":false},"author":2,"featured_media":333202,"comment_status":"","ping_status":"","sticky":false,"template":"","format":"standard","meta":{"footnotes":""},"categories":[2818],"tags":[1111,11,1777,674,1011,27,766,12,2636,25,5221],"class_list":{"0":"post-333201","1":"post","2":"type-post","3":"status-publish","4":"format-standard","5":"has-post-thumbnail","7":"category-nantes","8":"tag-actu","9":"tag-actualites","10":"tag-eu","11":"tag-europe","12":"tag-fr","13":"tag-france","14":"tag-nantes","15":"tag-news","16":"tag-pays-de-la-loire","17":"tag-republique-francaise","18":"tag-squat"},"share_on_mastodon":{"url":"https:\/\/pubeurope.com\/@fr\/115065087821605780","error":""},"_links":{"self":[{"href":"https:\/\/www.europesays.com\/fr\/wp-json\/wp\/v2\/posts\/333201","targetHints":{"allow":["GET"]}}],"collection":[{"href":"https:\/\/www.europesays.com\/fr\/wp-json\/wp\/v2\/posts"}],"about":[{"href":"https:\/\/www.europesays.com\/fr\/wp-json\/wp\/v2\/types\/post"}],"author":[{"embeddable":true,"href":"https:\/\/www.europesays.com\/fr\/wp-json\/wp\/v2\/users\/2"}],"replies":[{"embeddable":true,"href":"https:\/\/www.europesays.com\/fr\/wp-json\/wp\/v2\/comments?post=333201"}],"version-history":[{"count":0,"href":"https:\/\/www.europesays.com\/fr\/wp-json\/wp\/v2\/posts\/333201\/revisions"}],"wp:featuredmedia":[{"embeddable":true,"href":"https:\/\/www.europesays.com\/fr\/wp-json\/wp\/v2\/media\/333202"}],"wp:attachment":[{"href":"https:\/\/www.europesays.com\/fr\/wp-json\/wp\/v2\/media?parent=333201"}],"wp:term":[{"taxonomy":"category","embeddable":true,"href":"https:\/\/www.europesays.com\/fr\/wp-json\/wp\/v2\/categories?post=333201"},{"taxonomy":"post_tag","embeddable":true,"href":"https:\/\/www.europesays.com\/fr\/wp-json\/wp\/v2\/tags?post=333201"}],"curies":[{"name":"wp","href":"https:\/\/api.w.org\/{rel}","templated":true}]}}