{"id":333205,"date":"2025-08-21T05:25:17","date_gmt":"2025-08-21T05:25:17","guid":{"rendered":"https:\/\/www.europesays.com\/fr\/333205\/"},"modified":"2025-08-21T05:25:17","modified_gmt":"2025-08-21T05:25:17","slug":"apres-un-ete-brulant-la-mise-en-garde-du-chef-des-pompiers-girondins","status":"publish","type":"post","link":"https:\/\/www.europesays.com\/fr\/333205\/","title":{"rendered":"apr\u00e8s un \u00e9t\u00e9 br\u00fblant, la mise en garde du chef des pompiers girondins"},"content":{"rendered":"<p>Il est \u00e0 la t\u00eate du deuxi\u00e8me plus gros d\u00e9partement pour les pompiers. Le contr\u00f4leur g\u00e9n\u00e9ral Marc Vermeulen n\u2019a pas connu de vacances en ce mois d\u2019ao\u00fbt. Le directeur du Service d\u00e9partemental d\u2019incendie et de secours (Sdis) de la Gironde fait le point sur les <a href=\"https:\/\/www.sudouest.fr\/gironde\/lesparre-medoc\/medoc-trois-minutes-pour-frapper-vite-et-fort-ces-pompiers-prets-a-intervenir-sur-les-feux-de-foret-25541973.php\" target=\"_blank\" rel=\"follow nofollow noopener\">feux de for\u00eats tr\u00e8s nombreux cet \u00e9t\u00e9<\/a>.<\/p>\n<p class=\"interview-question\">La premi\u00e8re quinzaine d\u2019ao\u00fbt a \u00e9t\u00e9 marqu\u00e9e par de nombreux incendies. Vous confirmez ce sentiment\u00a0?<\/p>\n<p class=\"interview-answer\">Oui, c\u2019est la premi\u00e8re fois depuis 2022 [il fait r\u00e9f\u00e9rence aux <a href=\"https:\/\/www.sudouest.fr\/faits-divers\/incendies\/incendies-en-gironde\/gillos-et-landiras-en-images-le-jour-ou-les-premiers-incendies-de-foret-historiques-de-l-ete-2022-frappent-la-gironde-20415830.php\" target=\"_blank\" rel=\"follow nofollow noopener\">m\u00e9ga feux d\u2019il y a trois ans, NDLR<\/a>] que la Gironde a connu des conditions \u00e0 haut risque d\u2019incendie. On a connu un pic d\u2019activit\u00e9 la semaine du 11\u00a0ao\u00fbt, avec 60 feux en sept jours.<\/p>\n<p class=\"interview-question\">La nuit du 12 au 13\u00a0ao\u00fbt, <a href=\"https:\/\/www.sudouest.fr\/gironde\/trois-departs-de-feu-en-sud-gironde-apres-la-nuit-orageuse-25542277.php\" target=\"_blank\" rel=\"follow nofollow noopener\">des orages secs ont \u00e9clat\u00e9, cr\u00e9ant des feux a posteriori<\/a>. C\u2019est quelque chose de dangereux\u00a0?<\/p>\n<p class=\"interview-answer\">Pour les pompiers, c\u2019est une forme de cauchemar. Surtout quand la s\u00e9cheresse et le stress hydrique de la v\u00e9g\u00e9tation atteignent ce niveau. Avec la foudre et sans la pluie, on a des feux qui s\u2019enterrent rapidement, couvent et \u00e9closent plus de soixante-douze heures apr\u00e8s. C\u2019est d\u2019autant plus pr\u00e9sent avec des temp\u00e9ratures sup\u00e9rieures \u00e0 40\u00a0\u00b0C.<\/p>\n<p>        <img decoding=\"async\" id=\"25612369\" src=\"https:\/\/www.europesays.com\/fr\/wp-content\/uploads\/2025\/08\/1000011847.jpg\" alt=\"Un exemple de foudre s\u00e8che, o\u00f9 le feu a couv\u00e9 sous la terre.\" itemprop=\"contentURL\"\/><\/p>\n<p>    Un exemple de foudre s\u00e8che, o\u00f9 le feu a couv\u00e9 sous la terre.<\/p>\n<p>Sdis 33<\/p>\n<p class=\"interview-question\">Et ce ph\u00e9nom\u00e8ne a vraiment \u00e9t\u00e9 significatif\u00a0?<\/p>\n<p class=\"interview-answer\">Oui, puisqu\u2019il a g\u00e9n\u00e9r\u00e9 des d\u00e9parts de feux simultan\u00e9s. On peut citer Saucats et Hostens, o\u00f9 de petites surfaces ont br\u00fbl\u00e9, de l\u2019ordre de 1 \u00e0 5 hectares. Mais il y a aussi Lanton, le 13\u00a0ao\u00fbt, o\u00f9 27 hectares de pins sont partis en fum\u00e9e.<\/p>\n<p>        <img decoding=\"async\" id=\"25612376\" src=\"https:\/\/www.europesays.com\/fr\/wp-content\/uploads\/2025\/08\/img-6736-gf.jpg\" alt=\"Le nombre de feux de for\u00eat est pass\u00e9 de 175 en 2024 \u00e0 247 \u00e0 date\u00a0; et surtout, les surfaces br\u00fbl\u00e9es flambent de 34\u00a0hectares l\u2019an dernier \u00e0 120\u00a0hectares cet \u00e9t\u00e9.\" itemprop=\"contentURL\"\/><\/p>\n<p>    Le nombre de feux de for\u00eat est pass\u00e9 de 175 en 2024 \u00e0 247 \u00e0 date\u00a0; et surtout, les surfaces br\u00fbl\u00e9es flambent de 34\u00a0hectares l\u2019an dernier \u00e0 120\u00a0hectares cet \u00e9t\u00e9.<\/p>\n<p>Sdis 33<\/p>\n<p class=\"interview-question\">Cette activit\u00e9 croissante a un impact sur l\u2019usure des mat\u00e9riels\u00a0?<\/p>\n<p class=\"interview-answer\">On est en cours de renouvellement des mat\u00e9riels. Cela fait suite \u00e0 2022 et \u00e0 l\u2019effort de l\u2019\u00c9tat et du Conseil d\u00e9partemental de la Gironde. Nous avons re\u00e7u 22 camions-citernes feux de for\u00eats et 20 vont arriver avant l\u2019ann\u00e9e prochaine. On est sur une augmentation du parc car le mat\u00e9riel est effectivement soumis \u00e0 rude \u00e9preuve.<\/p>\n<p class=\"interview-question\">Et la multiplication des feux joue aussi sur la fatigue de vos hommes\u00a0?<\/p>\n<p class=\"interview-answer\">Ils sont forc\u00e9ment plus mobilis\u00e9s, donc on fait un travail de recrutement des sapeurs-pompiers volontaires. Il y a aussi la mise en place d\u2019un logiciel pour mieux planifier leurs disponibilit\u00e9s.<\/p>\n<p class=\"interview-question\">Malgr\u00e9 l\u2019intensit\u00e9 des incendies cette ann\u00e9e, vous avez pu envoyer des renforts dans d\u2019autres d\u00e9partements\u00a0?<\/p>\n<p class=\"interview-answer\">Oui, \u00e7a a \u00e9t\u00e9 le cas en Charente, o\u00f9 30 pompiers ont \u00e9t\u00e9 engag\u00e9s. Cela rel\u00e8ve du travail fait au cours des derni\u00e8res ann\u00e9es pour augmenter le mat\u00e9riel et la capacit\u00e9 \u00e0 mobiliser du personnel. La Gironde est le deuxi\u00e8me plus gros Sdis de France\u00a0: on a pu compter sur des renforts en 2022, donc il est normal qu\u2019on participe \u00e0 la solidarit\u00e9 nationale.<\/p>\n<p>        <img decoding=\"async\" id=\"25612378\" src=\"https:\/\/www.europesays.com\/fr\/wp-content\/uploads\/2025\/08\/img-6739-gf.jpg\" alt=\"La strat\u00e9gie est de mettre beaucoup de moyens d\u00e8s le d\u00e9part du feu.\" itemprop=\"contentURL\"\/><\/p>\n<p>    La strat\u00e9gie est de mettre beaucoup de moyens d\u00e8s le d\u00e9part du feu.<\/p>\n<p>Sdis 33<\/p>\n<p class=\"interview-question\">Du mat\u00e9riel et de l\u2019humain, \u00e7a co\u00fbte de l\u2019argent. Le budget suit ces augmentations\u00a0?<\/p>\n<p class=\"interview-answer\">Apr\u00e8s les enseignements de 2022, il y a eu un accompagnement important. On a pu compter sur le soutien sans faille de Jean-Luc Gleyze, pr\u00e9sident du D\u00e9partement, et sur les aides europ\u00e9ennes. Cela nous a permis d\u2019am\u00e9liorer la vid\u00e9osurveillance, pour d\u00e9tecter le feu plus vite et l\u2019attaquer tout de suite, ou encore les v\u00e9hicules dont je parlais plus t\u00f4t.<\/p>\n<p>        <img decoding=\"async\" id=\"25612448\" src=\"https:\/\/www.europesays.com\/fr\/wp-content\/uploads\/2025\/08\/img-9707.jpg\" alt=\"Malgr\u00e9 la multiplication des feux en Gironde, les pompiers ont pu aider ailleurs, notamment en Charente.\" itemprop=\"contentURL\"\/><\/p>\n<p>    Malgr\u00e9 la multiplication des feux en Gironde, les pompiers ont pu aider ailleurs, notamment en Charente.<\/p>\n<p>Sdis 33<\/p>\n<p class=\"interview-question\"><a href=\"https:\/\/www.sudouest.fr\/gironde\/bordeaux\/info-sud-ouest-suspecte-d-etre-le-pyromane-de-gironde-et-charente-maritime-un-homme-part-en-prison-25533580.php\" target=\"_blank\" rel=\"follow nofollow noopener\">\u00ab\u00a0Sud Ouest\u00a0\u00bb a r\u00e9v\u00e9l\u00e9 la pr\u00e9sence de plusieurs pyromanes<\/a>. Ce n\u2019est pas d\u00e9sesp\u00e9rant quand on est pompier\u00a0?<\/p>\n<p class=\"interview-answer\">C\u2019est une situation qui ne nous satisfait pas car cela fait prendre des risques aux sapeurs-pompiers. On travaille en \u00e9troite collaboration avec le parquet et les forces de l\u2019ordre pour pr\u00e9server les preuves mat\u00e9rielles en cas de d\u00e9part de feu suspect. Et on appelle \u00e0 la plus grande fermet\u00e9.<\/p>\n<p class=\"interview-question\">Il faut aussi rappeler que l\u2019\u00e9crasante majorit\u00e9 des feux est d\u2019origine humaine\u2026<\/p>\n<p class=\"interview-answer\">Oui, d\u2019ailleurs on a remarqu\u00e9 une chose\u00a0: d\u00e8s que la pr\u00e9fecture a limit\u00e9 les activit\u00e9s dans les massifs, les d\u00e9parts de feu ont baiss\u00e9 de mani\u00e8re imm\u00e9diate. Par ailleurs, cela peut para\u00eetre banal, mais il y a encore des incendies li\u00e9s aux m\u00e9gots jet\u00e9s. La sensibilisation sur ce point est importante. Il faut que le message passe et que les gens prennent conscience du danger que c\u2019est\u00a0!<\/p>\n<p>        <img decoding=\"async\" id=\"25612382\" src=\"https:\/\/www.europesays.com\/fr\/wp-content\/uploads\/2025\/08\/img-9922.jpg\" alt=\"Les moyens a\u00e9riens sont cruciaux pour ma\u00eetriser le feu.\" itemprop=\"contentURL\"\/><\/p>\n<p>    Les moyens a\u00e9riens sont cruciaux pour ma\u00eetriser le feu.<\/p>\n<p>Sdis 33<\/p>\n<p class=\"interview-question\">Vous tenez \u00e0 pr\u00e9ciser que l\u2019\u00e9t\u00e9 n\u2019est pas termin\u00e9\u2026<\/p>\n<p class=\"interview-answer\">Oui. M\u00eame si on a eu un peu de pluie, la saison des feux de for\u00eat n\u2019est pas termin\u00e9e. Nous avons, depuis 2022, des indicateurs qui permettent de mesurer la s\u00e9cheresse de la v\u00e9g\u00e9tation. Le dernier relev\u00e9 date du 17\u00a0ao\u00fbt et il t\u00e9moigne d\u2019une situation de s\u00e9cheresse du massif sup\u00e9rieure \u00e0 2022.<\/p>\n<p class=\"interview-question\">Justement, on sent que 2022 a v\u00e9ritablement \u00e9t\u00e9 une ann\u00e9e charni\u00e8re.<\/p>\n<p class=\"interview-answer\">Nous nous mettons d\u00e9sormais dans une posture de risque. Cela passe par le d\u00e9ploiement d\u2019effectifs de mani\u00e8re pr\u00e9ventive\u00a0: des groupes d\u2019intervention feux de for\u00eat, que l\u2019on appelle GIFF. On en compte jusqu\u2019\u00e0 14 dans le massif. C\u2019est comme si on avait 14 centres de secours suppl\u00e9mentaires pr\u00eats en cas de d\u00e9part, en plus des 350 pompiers de la Gironde. On a besoin d\u2019intervenir plus rapidement.<\/p>\n<p>        <img decoding=\"async\" id=\"25612391\" src=\"https:\/\/www.europesays.com\/fr\/wp-content\/uploads\/2025\/08\/img-20250813-wa0014.jpg\" alt=\"Au total, 42 nouveaux camions feux de for\u00eat vont \u00eatre re\u00e7us d\u2019ici 2026.\" itemprop=\"contentURL\"\/><\/p>\n<p>    Au total, 42 nouveaux camions feux de for\u00eat vont \u00eatre re\u00e7us d\u2019ici 2026.<\/p>\n<p>Sdis 33<\/p>\n<p class=\"interview-question\">Vous appelez \u00e7a la \u00ab\u00a0doctrine 2022\u00a0\u00bb\u00a0?<\/p>\n<p class=\"interview-answer\">Apr\u00e8s trois mois de feux hors norme, on a rapidement dit qu\u2019un nouveau contrat op\u00e9rationnel s\u2019impose \u00e0 nous. Notre approche est de conserver les fondamentaux\u00a0: la technicit\u00e9, la mani\u00e8re d\u2019attaquer le feu dans le massif\u2026 Mais on travaille sur la d\u00e9tection (plus rapide) et les moyens d\u00e9di\u00e9s dans le massif. Nous avons d\u00e9sormais un ou deux Dash d\u00e9di\u00e9s \u00e0 la d\u00e9tection du feu, pour avoir une attaque directe.<\/p>\n<p>        <img decoding=\"async\" id=\"25612392\" src=\"https:\/\/www.europesays.com\/fr\/wp-content\/uploads\/2025\/08\/img-9973.jpg\" alt=\"La pr\u00e9sence de plusieurs pyromanes inqui\u00e8te les pompiers.\" itemprop=\"contentURL\"\/><\/p>\n<p>    La pr\u00e9sence de plusieurs pyromanes inqui\u00e8te les pompiers.<\/p>\n<p>Sdis 33<\/p>\n<p class=\"interview-question\">Les autorit\u00e9s s\u2019attendent \u00e0 un nouvel accroissement des feux de for\u00eat\u2026<\/p>\n<p class=\"interview-answer\">La litt\u00e9rature fait \u00e9tat que les feux comme ceux de 2022 risquent de se reproduire tous les dix ans. Le combustible [la for\u00eat en \u00e9tat de s\u00e9cheresse, NDLR] va \u00eatre de plus en plus disponible. Il faudra \u00eatre vigilant sur le risque d\u2019\u00e9closion des incendies. Il y a par exemple des partenariats \u00e0 nouer avec les sylviculteurs pour mettre en place des dispositifs pr\u00e9ventifs, comme le nettoyage des surfaces et la diversification des essences. Nous, on se pr\u00e9pare. Mais il faut rester humble. On risque d\u2019\u00eatre confront\u00e9s \u00e0 des situations op\u00e9rationnelles de plus en plus complexes. Par exemple avec de grands feux qui \u00e9closent en simultan\u00e9.<\/p>\n<p class=\"interview-question\">Le Sdis 33 est-il pr\u00eat\u00a0?<\/p>\n<p class=\"interview-answer\">La diff\u00e9rence par rapport \u00e0 2022, c\u2019est que nous disposons de meilleures capacit\u00e9s mat\u00e9rielles et humaines. Mais comme tout dispositif, il y a une limite capacitaire. Par exemple, si la France connaissait plusieurs incendies estivaux en m\u00eame temps. C\u2019est pour cela qu\u2019il existe un m\u00e9canisme europ\u00e9en de s\u00e9curit\u00e9 civile. Nous avons d\u2019ailleurs re\u00e7u des homologues allemands cet \u00e9t\u00e9\u00a0: eux s\u2019aguerrissent sur nos feux et nous, on apprend \u00e0 travailler avec des moyens europ\u00e9ens.<\/p>\n<p>        <img decoding=\"async\" id=\"25612433\" src=\"https:\/\/www.europesays.com\/fr\/wp-content\/uploads\/2025\/08\/img-20250814-wa0003.jpg\" alt=\"Le Sdis a b\u00e9n\u00e9fici\u00e9 du soutien de fonds europ\u00e9en, de l\u2019\u00c9tat et du Conseil d\u00e9partemental.\" itemprop=\"contentURL\"\/><\/p>\n<p>    Le Sdis a b\u00e9n\u00e9fici\u00e9 du soutien de fonds europ\u00e9en, de l\u2019\u00c9tat et du Conseil d\u00e9partemental.<\/p>\n<p>Sdis 33<\/p>\n","protected":false},"excerpt":{"rendered":"Il est \u00e0 la t\u00eate du deuxi\u00e8me plus gros d\u00e9partement pour les pompiers. Le contr\u00f4leur g\u00e9n\u00e9ral Marc Vermeulen&hellip;\n","protected":false},"author":2,"featured_media":333206,"comment_status":"","ping_status":"","sticky":false,"template":"","format":"standard","meta":{"footnotes":""},"categories":[2817],"tags":[1111,11,1997,1777,674,1011,27,12,2219,25],"class_list":{"0":"post-333205","1":"post","2":"type-post","3":"status-publish","4":"format-standard","5":"has-post-thumbnail","7":"category-bordeaux","8":"tag-actu","9":"tag-actualites","10":"tag-bordeaux","11":"tag-eu","12":"tag-europe","13":"tag-fr","14":"tag-france","15":"tag-news","16":"tag-nouvelle-aquitaine","17":"tag-republique-francaise"},"share_on_mastodon":{"url":"https:\/\/pubeurope.com\/@fr\/115065096016779183","error":""},"_links":{"self":[{"href":"https:\/\/www.europesays.com\/fr\/wp-json\/wp\/v2\/posts\/333205","targetHints":{"allow":["GET"]}}],"collection":[{"href":"https:\/\/www.europesays.com\/fr\/wp-json\/wp\/v2\/posts"}],"about":[{"href":"https:\/\/www.europesays.com\/fr\/wp-json\/wp\/v2\/types\/post"}],"author":[{"embeddable":true,"href":"https:\/\/www.europesays.com\/fr\/wp-json\/wp\/v2\/users\/2"}],"replies":[{"embeddable":true,"href":"https:\/\/www.europesays.com\/fr\/wp-json\/wp\/v2\/comments?post=333205"}],"version-history":[{"count":0,"href":"https:\/\/www.europesays.com\/fr\/wp-json\/wp\/v2\/posts\/333205\/revisions"}],"wp:featuredmedia":[{"embeddable":true,"href":"https:\/\/www.europesays.com\/fr\/wp-json\/wp\/v2\/media\/333206"}],"wp:attachment":[{"href":"https:\/\/www.europesays.com\/fr\/wp-json\/wp\/v2\/media?parent=333205"}],"wp:term":[{"taxonomy":"category","embeddable":true,"href":"https:\/\/www.europesays.com\/fr\/wp-json\/wp\/v2\/categories?post=333205"},{"taxonomy":"post_tag","embeddable":true,"href":"https:\/\/www.europesays.com\/fr\/wp-json\/wp\/v2\/tags?post=333205"}],"curies":[{"name":"wp","href":"https:\/\/api.w.org\/{rel}","templated":true}]}}