{"id":33321,"date":"2025-04-18T05:44:14","date_gmt":"2025-04-18T05:44:14","guid":{"rendered":"https:\/\/www.europesays.com\/fr\/33321\/"},"modified":"2025-04-18T05:44:14","modified_gmt":"2025-04-18T05:44:14","slug":"pompey-pompey-terre-dindustrie-et-de-metissage-le-club-photo-engage","status":"publish","type":"post","link":"https:\/\/www.europesays.com\/fr\/33321\/","title":{"rendered":"Pompey. \u00ab\u00a0Pompey, terre d\u2019industrie et de m\u00e9tissage\u00a0\u00bb\u00a0: le club photo engag\u00e9"},"content":{"rendered":"<p>L\u2019inauguration de la manifestation Pompey \u00ab\u00a0Pompey, terre d\u2019industrie et de m\u00e9tissage\u00a0\u00bb aura lieu ce vendredi \u00e0 18\u00a0h dans un lieu bien connu du Photoclub, puisqu\u2019il s\u2019agit de l\u2019espace du Faubourg, o\u00f9 il organise tous les ans sa traditionnelle exposition.<\/p>\n<p>Le club a \u00e9videmment r\u00e9pondu pr\u00e9sent, comme les principales associations de la ville, le lyc\u00e9e Bertrand-Schwartz et les services municipaux concern\u00e9s pour cette op\u00e9ration qui va prendre un aspect multi formes.<\/p>\n<p>T\u00e9moignages, d\u00e9bats,&#8230;<\/p>\n","protected":false},"excerpt":{"rendered":"L\u2019inauguration de la manifestation Pompey \u00ab\u00a0Pompey, terre d\u2019industrie et de m\u00e9tissage\u00a0\u00bb aura lieu ce vendredi \u00e0 18\u00a0h dans&hellip;\n","protected":false},"author":2,"featured_media":33322,"comment_status":"","ping_status":"","sticky":false,"template":"","format":"standard","meta":{"footnotes":""},"categories":[9635],"tags":[1111,11,9661,1687,1704,1777,674,1011,27,775,1702,12,2661,11073,25],"class_list":{"0":"post-33321","1":"post","2":"type-post","3":"status-publish","4":"format-standard","5":"has-post-thumbnail","7":"category-nancy","8":"tag-actu","9":"tag-actualites","10":"tag-cc-du-bassin-de-pompey-54b1","11":"tag-culture-loisirs","12":"tag-edition-nancy-et-agglomeration","13":"tag-eu","14":"tag-europe","15":"tag-fr","16":"tag-france","17":"tag-grand-est","18":"tag-nancy","19":"tag-news","20":"tag-patrimoine-culturel","21":"tag-pompey","22":"tag-republique-francaise"},"share_on_mastodon":{"url":"https:\/\/pubeurope.com\/@fr\/114357381584354955","error":""},"_links":{"self":[{"href":"https:\/\/www.europesays.com\/fr\/wp-json\/wp\/v2\/posts\/33321","targetHints":{"allow":["GET"]}}],"collection":[{"href":"https:\/\/www.europesays.com\/fr\/wp-json\/wp\/v2\/posts"}],"about":[{"href":"https:\/\/www.europesays.com\/fr\/wp-json\/wp\/v2\/types\/post"}],"author":[{"embeddable":true,"href":"https:\/\/www.europesays.com\/fr\/wp-json\/wp\/v2\/users\/2"}],"replies":[{"embeddable":true,"href":"https:\/\/www.europesays.com\/fr\/wp-json\/wp\/v2\/comments?post=33321"}],"version-history":[{"count":0,"href":"https:\/\/www.europesays.com\/fr\/wp-json\/wp\/v2\/posts\/33321\/revisions"}],"wp:featuredmedia":[{"embeddable":true,"href":"https:\/\/www.europesays.com\/fr\/wp-json\/wp\/v2\/media\/33322"}],"wp:attachment":[{"href":"https:\/\/www.europesays.com\/fr\/wp-json\/wp\/v2\/media?parent=33321"}],"wp:term":[{"taxonomy":"category","embeddable":true,"href":"https:\/\/www.europesays.com\/fr\/wp-json\/wp\/v2\/categories?post=33321"},{"taxonomy":"post_tag","embeddable":true,"href":"https:\/\/www.europesays.com\/fr\/wp-json\/wp\/v2\/tags?post=33321"}],"curies":[{"name":"wp","href":"https:\/\/api.w.org\/{rel}","templated":true}]}}