{"id":333211,"date":"2025-08-21T05:28:10","date_gmt":"2025-08-21T05:28:10","guid":{"rendered":"https:\/\/www.europesays.com\/fr\/333211\/"},"modified":"2025-08-21T05:28:10","modified_gmt":"2025-08-21T05:28:10","slug":"spacers-volley-un-vrai-defi-personnel-confie-pierre-derouillon-au-sujet-de-son-retour-a-toulouse","status":"publish","type":"post","link":"https:\/\/www.europesays.com\/fr\/333211\/","title":{"rendered":"Spacer\u2019s volley\u00a0: \u00ab\u00a0Un vrai d\u00e9fi personnel\u00a0\u00bb, confie Pierre Derouillon au sujet de son retour \u00e0 Toulouse"},"content":{"rendered":"<p>\n                                                                    l&rsquo;essentiel<br \/>\n                                                                Quatre ans apr\u00e8s avoir quitt\u00e9 son club formateur, l\u2019attaquant-r\u00e9ceptionneur Pierre Derouillon (26 ans) est de retour \u00e0 Toulouse. Avec une id\u00e9e derri\u00e8re la t\u00eate\u2026\n                            <\/p>\n<p class=\"txt-question\">Pierre, comment a germ\u00e9 cette id\u00e9e d\u2019un retour aux sources\u00a0?<\/p>\n<p>Vers mars j\u2019ai contact\u00e9 Patrick (Duflos, l\u2019entra\u00eeneur des Spacer\u2019s, NDLR) en lui disant que s\u2019il cherchait quelqu\u2019un j\u2019\u00e9tais disponible (sourire). Je n\u2019en avais m\u00eame pas parl\u00e9 \u00e0 mon agent \u00e0 l\u2019\u00e9poque. Cela s\u2019est fait par un canal tr\u00e8s simple. J\u2019avais vraiment envie de revenir ici.<\/p>\n<p class=\"txt-question\">Pourquoi\u00a0? Que repr\u00e9sente ce club pour vous\u00a0?<\/p>\n<p>J\u2019allais d\u00e9j\u00e0 au Palais des sports quand j\u2019\u00e9tais petit. Et quand je suis pass\u00e9 pro ici c\u2019\u00e9tait d\u00e9j\u00e0 quelque chose de grandiose. Revenir ici c\u2019est encore un autre go\u00fbt. C\u2019est chez moi\u00a0: il y a ma famille, mes amis, des gens que je connais dans le club. Cela peut aussi \u00eatre un pi\u00e8ge, bien s\u00fbr, mais avec le recul je pense que je suis mieux arm\u00e9 pour faire les bons choix. Et au final tout \u00e7a me fait penser que je vais \u00eatre dans les meilleures conditions pour performer.<\/p>\n<p class=\"std-elt__inline\">\n        <strong>\u00c0 lire aussi :<\/strong><br \/>\n        <a href=\"https:\/\/www.ladepeche.fr\/2025\/05\/28\/spacers-fin-de-cycle-et-nouvelles-tetes-12725335.php\" rel=\"nofollow noopener\" target=\"_blank\">Spacer\u2019s : fin de cycle et nouvelles t\u00eates<\/a>\n    <\/p>\n<p class=\"txt-question\">Apr\u00e8s trois derni\u00e8res saisons en demi-teinte dans quel \u00e9tat d\u2019esprit \u00eates-vous\u00a0?<\/p>\n<p>Je ne reviens pas avec le m\u00eame statut\u00a0: je ne suis plus le petit jeune prometteur de l\u2019\u00e9poque (entre\u00a02018 et\u00a02021, NDLR). Je suis parti \u00e0 Tours en ayant le sentiment de ne pas avoir fini ce que j\u2019avais \u00e0 faire ici. Beaucoup de gens pensent que je suis revenu pour retrouver mon cocon et \u00eatre tranquille. \u00c0 ceux-l\u00e0, j\u2019ai tr\u00e8s envie de prouver que je ne suis pas l\u00e0 pour me reposer ou finir ma carri\u00e8re plan-plan. Moi ce n\u2019est pas du tout comme \u00e7a que je le vois\u00a0: c\u2019est un vrai d\u00e9fi personnel. Un deuxi\u00e8me d\u00e9part en quelque sorte.<\/p>\n<p class=\"txt-question\">Vous l\u2019\u00e9voquiez\u00a0: quel regard portez-vous sur cette image de joueur dilettante qui vous colle \u00e0 la peau\u00a0?<\/p>\n<p>Au fond de moi il y a un petit sentiment de revanche qui m\u2019anime m\u00eame si cette image je la m\u00e9rite peut-\u00eatre un peu. Je n\u2019\u00e9tais pas pr\u00eat \u00e0 l\u2019\u00e9poque pour assumer un tel statut. Certains mettent plus de temps que d\u2019autres. Je ne regrette pas tout pour autant. Disons que j\u2019ai des choses \u00e0 prouver cette ann\u00e9e, comme d\u2019autres, mais que je me mets sans doute un peu plus de pression, justement pour ne pas donner raison \u00e0 mes d\u00e9tracteurs (sourire).<\/p>\n","protected":false},"excerpt":{"rendered":"l&rsquo;essentiel Quatre ans apr\u00e8s avoir quitt\u00e9 son club formateur, l\u2019attaquant-r\u00e9ceptionneur Pierre Derouillon (26 ans) est de retour \u00e0&hellip;\n","protected":false},"author":2,"featured_media":333212,"comment_status":"","ping_status":"","sticky":false,"template":"","format":"standard","meta":{"footnotes":""},"categories":[2816],"tags":[1111,11,1777,674,1011,27,12,2680,25,2312],"class_list":{"0":"post-333211","1":"post","2":"type-post","3":"status-publish","4":"format-standard","5":"has-post-thumbnail","7":"category-toulouse","8":"tag-actu","9":"tag-actualites","10":"tag-eu","11":"tag-europe","12":"tag-fr","13":"tag-france","14":"tag-news","15":"tag-occitanie","16":"tag-republique-francaise","17":"tag-toulouse"},"share_on_mastodon":{"url":"https:\/\/pubeurope.com\/@fr\/115065107384877484","error":""},"_links":{"self":[{"href":"https:\/\/www.europesays.com\/fr\/wp-json\/wp\/v2\/posts\/333211","targetHints":{"allow":["GET"]}}],"collection":[{"href":"https:\/\/www.europesays.com\/fr\/wp-json\/wp\/v2\/posts"}],"about":[{"href":"https:\/\/www.europesays.com\/fr\/wp-json\/wp\/v2\/types\/post"}],"author":[{"embeddable":true,"href":"https:\/\/www.europesays.com\/fr\/wp-json\/wp\/v2\/users\/2"}],"replies":[{"embeddable":true,"href":"https:\/\/www.europesays.com\/fr\/wp-json\/wp\/v2\/comments?post=333211"}],"version-history":[{"count":0,"href":"https:\/\/www.europesays.com\/fr\/wp-json\/wp\/v2\/posts\/333211\/revisions"}],"wp:featuredmedia":[{"embeddable":true,"href":"https:\/\/www.europesays.com\/fr\/wp-json\/wp\/v2\/media\/333212"}],"wp:attachment":[{"href":"https:\/\/www.europesays.com\/fr\/wp-json\/wp\/v2\/media?parent=333211"}],"wp:term":[{"taxonomy":"category","embeddable":true,"href":"https:\/\/www.europesays.com\/fr\/wp-json\/wp\/v2\/categories?post=333211"},{"taxonomy":"post_tag","embeddable":true,"href":"https:\/\/www.europesays.com\/fr\/wp-json\/wp\/v2\/tags?post=333211"}],"curies":[{"name":"wp","href":"https:\/\/api.w.org\/{rel}","templated":true}]}}