{"id":333213,"date":"2025-08-21T05:31:27","date_gmt":"2025-08-21T05:31:27","guid":{"rendered":"https:\/\/www.europesays.com\/fr\/333213\/"},"modified":"2025-08-21T05:31:27","modified_gmt":"2025-08-21T05:31:27","slug":"quand-olivier-giroud-sechauffe-au-beau-milieu-dun-parking","status":"publish","type":"post","link":"https:\/\/www.europesays.com\/fr\/333213\/","title":{"rendered":"quand Olivier Giroud s&rsquo;\u00e9chauffe au beau milieu&#8230; d&rsquo;un parking"},"content":{"rendered":"<p>Ligue 1+ a capt\u00e9 des images assez folles avant la rencontre Brest-Lille ce dimanche. Olivier Giroud s&rsquo;est \u00e9chauff\u00e9 au milieu d&rsquo;un parking entre les voitures \u00e0 quelques minutes de son grand retour en Ligue 1, 13 ans apr\u00e8s.<\/p>\n<p>\u00c0 38 ans et des ann\u00e9es d&rsquo;exp\u00e9rience dans le football, pas s\u00fbr qu&rsquo;<a href=\"https:\/\/rmcsport.bfmtv.com\/football\/olivier-giroud_DN-202108310553.html\" title=\"Olivier Giroud\" class=\"internal_link\" rel=\"nofollow noopener\" target=\"_blank\">Olivier Giroud<\/a> se soit souvent retrouv\u00e9 dans ce genre d&rsquo;environnement pour un \u00e9chauffement d&rsquo;avant-match. Le nouvel attaquant du LOSC a \u00e9t\u00e9 surpris en train de s&rsquo;\u00e9chauffer au beau milieu d&rsquo;un parking.<\/p>\n<p>Entour\u00e9 de voitures, <a href=\"https:\/\/rmcsport.bfmtv.com\/football\/transferts\/olivier-giroud-signe-a-lille-la-ligue-1-retrouve-le-meilleur-buteur-de-l-histoire-des-bleus_AP-202507010798.html\" title=\"Olivier Giroud signe \u00e0 Lille, la Ligue 1 retrouve le meilleur buteur de l&#039;histoire des Bleus\" class=\"internal_link\" rel=\"nofollow noopener\" target=\"_blank\">le meilleur buteur de l&rsquo;histoire de l&rsquo;\u00e9quipe de France<\/a> a \u00e9t\u00e9 film\u00e9 par les cam\u00e9ras de Ligue 1+, qui promettait plus d&rsquo;intimit\u00e9 et de proximit\u00e9 avec les acteurs du Championnat. Promesse tenue d\u00e8s le premier week-end de comp\u00e9tition avec cette sc\u00e8ne lunaire.<\/p>\n<p><img decoding=\"async\" class=\"lozad\" src=\"https:\/\/www.europesays.com\/fr\/wp-content\/uploads\/2025\/08\/Olivier-Giroud-en-train-de-s-echauffer-dans-un-parking-avant-Brest-Lille-le-17-aout-2025-2123776.jpg\"  alt=\"Olivier Giroud en train de s'\u00e9chauffer dans un parking avant Brest-Lille le 17 ao\u00fbt 2025\" title=\"Olivier Giroud en train de s'\u00e9chauffer dans un parking avant Brest-Lille le 17 ao\u00fbt 2025\"\/>Olivier Giroud en train de s&rsquo;\u00e9chauffer dans un parking avant Brest-Lille le 17 ao\u00fbt 2025 \u00a9 Ligue 1+Un retour gagnant en Ligue 1<\/p>\n<p>\u00c0 l&rsquo;occasion de ce <a href=\"https:\/\/rmcsport.bfmtv.com\/football\/ligue-1\/direct-brest-lille-suivez-le-match-de-la-premiere-journee-de-ligue-1-en-live_LS-202508170125.html\" title=\"Brest-Lille: un duel tr\u00e9pidant mais sans vainqueur, Giroud buteur\" class=\"internal_link\" rel=\"nofollow noopener\" target=\"_blank\">Brest-Lille<\/a>, Olivier Giroud retrouve les pelouses de Ligue 1 13 ans apr\u00e8s son d\u00e9part de Montpellier. Et le moins que l&rsquo;on puisse dire, c&rsquo;est que le Fran\u00e7ais a sign\u00e9 un retour gagnant. Il a marqu\u00e9 apr\u00e8s 11 petites minutes de jeu. L&rsquo;ancien joueur d&rsquo;Arsenal avait d\u00e9j\u00e0 \u00e9t\u00e9 tr\u00e8s prolifique lors de la pr\u00e9paration. En trois matchs de pr\u00e9paration, il avait frapp\u00e9 \u00e0 trois reprises dont un <a href=\"https:\/\/rmcsport.bfmtv.com\/football\/ligue-1\/west-ham-lille-amorti-poitrine-et-reprise-acrobatique-le-but-genial-d-olivier-giroud_AV-202508090224.html\" title=\"West Ham-Lille: amorti poitrine et reprise acrobatique, le but g\u00e9nial d&#039;Olivier Giroud\" class=\"internal_link\" rel=\"nofollow noopener\" target=\"_blank\">but absolument exceptionnel contre West Ham<\/a>.<\/p>\n<p>Bruno Genesio semble faire d&rsquo;Olivier Giroud le v\u00e9ritable successeur de Jonathan David, parti vers la Juventus Turin cet \u00e9t\u00e9. L&rsquo;ex-international fran\u00e7ais aura fort \u00e0 faire pour faire oublier l&rsquo;international canadien qui avait scor\u00e9 16 fois en 32 matchs disput\u00e9s en Ligue 1 la saison derni\u00e8re.<\/p>\n","protected":false},"excerpt":{"rendered":"Ligue 1+ a capt\u00e9 des images assez folles avant la rencontre Brest-Lille ce dimanche. Olivier Giroud s&rsquo;est \u00e9chauff\u00e9&hellip;\n","protected":false},"author":2,"featured_media":333214,"comment_status":"","ping_status":"","sticky":false,"template":"","format":"standard","meta":{"footnotes":""},"categories":[2815],"tags":[1111,11,1777,674,1011,27,811,1307,12,25],"class_list":{"0":"post-333213","1":"post","2":"type-post","3":"status-publish","4":"format-standard","5":"has-post-thumbnail","7":"category-lille","8":"tag-actu","9":"tag-actualites","10":"tag-eu","11":"tag-europe","12":"tag-fr","13":"tag-france","14":"tag-hauts-de-france","15":"tag-lille","16":"tag-news","17":"tag-republique-francaise"},"share_on_mastodon":{"url":"https:\/\/pubeurope.com\/@fr\/115065119321473861","error":""},"_links":{"self":[{"href":"https:\/\/www.europesays.com\/fr\/wp-json\/wp\/v2\/posts\/333213","targetHints":{"allow":["GET"]}}],"collection":[{"href":"https:\/\/www.europesays.com\/fr\/wp-json\/wp\/v2\/posts"}],"about":[{"href":"https:\/\/www.europesays.com\/fr\/wp-json\/wp\/v2\/types\/post"}],"author":[{"embeddable":true,"href":"https:\/\/www.europesays.com\/fr\/wp-json\/wp\/v2\/users\/2"}],"replies":[{"embeddable":true,"href":"https:\/\/www.europesays.com\/fr\/wp-json\/wp\/v2\/comments?post=333213"}],"version-history":[{"count":0,"href":"https:\/\/www.europesays.com\/fr\/wp-json\/wp\/v2\/posts\/333213\/revisions"}],"wp:featuredmedia":[{"embeddable":true,"href":"https:\/\/www.europesays.com\/fr\/wp-json\/wp\/v2\/media\/333214"}],"wp:attachment":[{"href":"https:\/\/www.europesays.com\/fr\/wp-json\/wp\/v2\/media?parent=333213"}],"wp:term":[{"taxonomy":"category","embeddable":true,"href":"https:\/\/www.europesays.com\/fr\/wp-json\/wp\/v2\/categories?post=333213"},{"taxonomy":"post_tag","embeddable":true,"href":"https:\/\/www.europesays.com\/fr\/wp-json\/wp\/v2\/tags?post=333213"}],"curies":[{"name":"wp","href":"https:\/\/api.w.org\/{rel}","templated":true}]}}