{"id":333215,"date":"2025-08-21T05:32:10","date_gmt":"2025-08-21T05:32:10","guid":{"rendered":"https:\/\/www.europesays.com\/fr\/333215\/"},"modified":"2025-08-21T05:32:10","modified_gmt":"2025-08-21T05:32:10","slug":"une-oeuvre-de-banski-a-marseille-a-cote-du-phare-de-banksy","status":"publish","type":"post","link":"https:\/\/www.europesays.com\/fr\/333215\/","title":{"rendered":"Une \u0153uvre de \u00ab\u00a0Banski\u00a0\u00bb \u00e0 Marseille \u00e0 c\u00f4t\u00e9 du phare de Banksy"},"content":{"rendered":"<p>L\u2019\u0153uvre a fait <a href=\"https:\/\/www.laprovence.com\/article\/region\/60079338496376\/un-nouveau-banksy-a-marseille-loeuvre-du-phare-avec-une-phrase-en-anglais-qui-agite-les-reseaux-sociaux\" target=\"_blank\" rel=\"noopener\">son apparition le 30\u00a0mai dernier<\/a>, dans le tunnel de la rue F\u00e9lix-Fr\u00e9gier (7e), \u00e0 deux pas des Catalans. Sit\u00f4t publi\u00e9 sur le compte Instagram de Banksy, le phare dessin\u00e9 dans l\u2019ombre port\u00e9e d\u2019un potelet, accompagn\u00e9 de la phrase \u00ab\u00a0<strong>I want to be what you saw in me\u00a0\u00bb (\u00ab\u00a0Je veux \u00eatre ce que tu as vu en moi\u00a0\u00bb)<\/strong>, a attir\u00e9 la foule, notamment les Anglo-saxons venus en nombre assister le soir m\u00eame au concert de <a href=\"https:\/\/www.laprovence.com\/article\/culture-loisirs\/1326296916879914\/au-stade-velodrome-le-lion-bruce-springsteen-a-rugi-pour-une-amerique-meilleure\" target=\"_blank\" rel=\"noopener\">Bruce Springsteen au V\u00e9lodrome<\/a>.<\/p>\n","protected":false},"excerpt":{"rendered":"L\u2019\u0153uvre a fait son apparition le 30\u00a0mai dernier, dans le tunnel de la rue F\u00e9lix-Fr\u00e9gier (7e), \u00e0 deux&hellip;\n","protected":false},"author":2,"featured_media":333216,"comment_status":"","ping_status":"","sticky":false,"template":"","format":"standard","meta":{"footnotes":""},"categories":[2814],"tags":[17,1111,11,7190,47071,3136,1777,674,1011,27,884,12,2009,15585,882,16,25,96],"class_list":{"0":"post-333215","1":"post","2":"type-post","3":"status-publish","4":"format-standard","5":"has-post-thumbnail","7":"category-marseille","8":"tag-17","9":"tag-actu","10":"tag-actualites","11":"tag-banksy","12":"tag-banski","13":"tag-cote","14":"tag-eu","15":"tag-europe","16":"tag-fr","17":"tag-france","18":"tag-marseille","19":"tag-news","20":"tag-oeuvre","21":"tag-phare","22":"tag-provence-alpes-cote-dazur","23":"tag-region","24":"tag-republique-francaise","25":"tag-une"},"share_on_mastodon":{"url":"https:\/\/pubeurope.com\/@fr\/115065123277253295","error":""},"_links":{"self":[{"href":"https:\/\/www.europesays.com\/fr\/wp-json\/wp\/v2\/posts\/333215","targetHints":{"allow":["GET"]}}],"collection":[{"href":"https:\/\/www.europesays.com\/fr\/wp-json\/wp\/v2\/posts"}],"about":[{"href":"https:\/\/www.europesays.com\/fr\/wp-json\/wp\/v2\/types\/post"}],"author":[{"embeddable":true,"href":"https:\/\/www.europesays.com\/fr\/wp-json\/wp\/v2\/users\/2"}],"replies":[{"embeddable":true,"href":"https:\/\/www.europesays.com\/fr\/wp-json\/wp\/v2\/comments?post=333215"}],"version-history":[{"count":0,"href":"https:\/\/www.europesays.com\/fr\/wp-json\/wp\/v2\/posts\/333215\/revisions"}],"wp:featuredmedia":[{"embeddable":true,"href":"https:\/\/www.europesays.com\/fr\/wp-json\/wp\/v2\/media\/333216"}],"wp:attachment":[{"href":"https:\/\/www.europesays.com\/fr\/wp-json\/wp\/v2\/media?parent=333215"}],"wp:term":[{"taxonomy":"category","embeddable":true,"href":"https:\/\/www.europesays.com\/fr\/wp-json\/wp\/v2\/categories?post=333215"},{"taxonomy":"post_tag","embeddable":true,"href":"https:\/\/www.europesays.com\/fr\/wp-json\/wp\/v2\/tags?post=333215"}],"curies":[{"name":"wp","href":"https:\/\/api.w.org\/{rel}","templated":true}]}}