{"id":333217,"date":"2025-08-21T05:33:13","date_gmt":"2025-08-21T05:33:13","guid":{"rendered":"https:\/\/www.europesays.com\/fr\/333217\/"},"modified":"2025-08-21T05:33:13","modified_gmt":"2025-08-21T05:33:13","slug":"enquete-sur-le-tres-cher-systeme-vassal","status":"publish","type":"post","link":"https:\/\/www.europesays.com\/fr\/333217\/","title":{"rendered":"enqu\u00eate sur le tr\u00e8s cher syst\u00e8me Vassal"},"content":{"rendered":"<p>        Lire\u00a0plus\u00a0tard      <\/p>\n<p><a aria-label=\"Nous suivre sur Google News\" href=\"https:\/\/news.google.com\/publications\/CAAqBwgKMJe4nQkw3dFs?hl=fr&amp;gl=FR&amp;ceid=FR%3Afr\" target=\"_blank\" data-piano=\"Page_Article,Sous_date_publi,Nous_suivre_sur_google_news,1er_clic,action\" class=\"btn btn--small btn--tertiary btn--icon-only\" rel=\"noopener\"><\/p>\n<p>      Google Actualit\u00e9s<br \/>\n  <\/a><\/p>\n<p>  Partager<\/p>\n<p>        Facebook<\/p>\n<p>        Bluesky<\/p>\n<p>        E-mail<\/p>\n<p>        Copier le lien<\/p>\n<p>      Envoyer<\/p>\n<p>      S\u2019abonner pour lire    <\/p>\n<p class=\"article__description latino-800m my-24\" data-oncrawl-chapo-length=\"302\">\n  \t  Enqu\u00eate\u00a0<br \/>\n    La patronne des Bouches-du-Rh\u00f4ne et de la m\u00e9tropole d\u2019Aix-Marseille, Martine Vassal, fait l\u2019objet d\u2019un signalement \u00e0 la justice. En cause\u00a0? L\u2019embauche de son concubin comme directeur de cabinet, sa pratique du client\u00e9lisme par des subventions et des voyages, mais aussi sa gestion dispendieuse.<\/p>\n<p class=\"node__paragraphe antonia-750r text-grey-800 pb-24 pb-md-30\">\nPour ses v\u0153ux de bonne ann\u00e9e, Martine Vassal, la pr\u00e9sidente du conseil d\u00e9partemental des Bouches-du-Rh\u00f4ne et de la m\u00e9tropole Aix-Marseille-Provence, a d\u00e9cid\u00e9 de mettre le paquet. Le 30\u00a0janvier 2025, cette figure locale de la droite \u2013 ex-LR aujourd\u2019hui divers droite \u2013 descend sous les projecteurs dans le grand hall de l\u2019h\u00f4tel du d\u00e9partement, d\u00e9cor\u00e9 pour l\u2019occasion de grandes tentures bleu-blanc-rouge, afin de d\u00e9clamer un discours devant pr\u00e8s de 7\u2009000\u00a0personnes, accompagn\u00e9e d\u2019un DJ et d\u2019animations. A un peu plus d\u2019un an des municipales, le show est relay\u00e9 par les m\u00e9dias locaux. Depuis qu\u2019elle est arriv\u00e9e \u00e0 la t\u00eate du d\u00e9partement en\u00a02015, le budget de communication a augment\u00e9 d\u2019un tiers, atteignant 14 millions d\u2019euros quatre ans plus tard.<\/p>\n<p class=\"node__paragraphe antonia-750r text-grey-800 pb-8\">\nLe m\u00eame jour, loin des projecteurs, Martine Vassal ne se doute pas que le directeur des relations internationales et des affaires europ\u00e9ennes du d\u00e9partement, Erwan Davoux, a confi\u00e9 \u00e0 son avocate Carole Biot-Stuart le soin de transmettre un signalement au parquet de Marseille et au <a href=\"https:\/\/www.nouvelobs.com\/justice\/20240201.OBS83962\/comment-le-parquet-national-financier-est-devenu-la-machine-a-cash-de-la-republique.html\" target=\"_blank\" rel=\"noopener\">Parquet national f\u2026<\/a><\/p>\n<p>  <img loading=\"lazy\" decoding=\"async\" class=\"floating-img\" src=\"https:\/\/www.europesays.com\/fr\/wp-content\/uploads\/2025\/07\/img-paywall@2x.png\" width=\"142\" height=\"91\" alt=\"\"\/><\/p>\n<p class=\"latino-100m text-blue-400\">Article r\u00e9serv\u00e9 aux abonn\u00e9s.<\/p>\n<p>          Se connecter<\/p>\n<p class=\"pb-16 text-center antonia-1850c\">Offre d\u2019\u00e9t\u00e9\u00a0:<br \/>1\u20ac\/mois pendant 6\u00a0mois<\/p>\n<p>\n        S&rsquo;abonner\n      <\/p>\n<p>          D\u00e9couvrir toutes nos offres<\/p>\n","protected":false},"excerpt":{"rendered":"Lire\u00a0plus\u00a0tard Google Actualit\u00e9s Partager Facebook Bluesky E-mail Copier le lien Envoyer S\u2019abonner pour lire Enqu\u00eate\u00a0 La patronne des&hellip;\n","protected":false},"author":2,"featured_media":333218,"comment_status":"","ping_status":"","sticky":false,"template":"","format":"standard","meta":{"footnotes":""},"categories":[2814],"tags":[17,1111,11,1067,1777,674,1011,27,303,884,12,316,882,25,14555,14243],"class_list":{"0":"post-333217","1":"post","2":"type-post","3":"status-publish","4":"format-standard","5":"has-post-thumbnail","7":"category-marseille","8":"tag-17","9":"tag-actu","10":"tag-actualites","11":"tag-enquete","12":"tag-eu","13":"tag-europe","14":"tag-fr","15":"tag-france","16":"tag-justice","17":"tag-marseille","18":"tag-news","19":"tag-politique","20":"tag-provence-alpes-cote-dazur","21":"tag-republique-francaise","22":"tag-systeme","23":"tag-vassal"},"share_on_mastodon":{"url":"https:\/\/pubeurope.com\/@fr\/115065127220457781","error":""},"_links":{"self":[{"href":"https:\/\/www.europesays.com\/fr\/wp-json\/wp\/v2\/posts\/333217","targetHints":{"allow":["GET"]}}],"collection":[{"href":"https:\/\/www.europesays.com\/fr\/wp-json\/wp\/v2\/posts"}],"about":[{"href":"https:\/\/www.europesays.com\/fr\/wp-json\/wp\/v2\/types\/post"}],"author":[{"embeddable":true,"href":"https:\/\/www.europesays.com\/fr\/wp-json\/wp\/v2\/users\/2"}],"replies":[{"embeddable":true,"href":"https:\/\/www.europesays.com\/fr\/wp-json\/wp\/v2\/comments?post=333217"}],"version-history":[{"count":0,"href":"https:\/\/www.europesays.com\/fr\/wp-json\/wp\/v2\/posts\/333217\/revisions"}],"wp:featuredmedia":[{"embeddable":true,"href":"https:\/\/www.europesays.com\/fr\/wp-json\/wp\/v2\/media\/333218"}],"wp:attachment":[{"href":"https:\/\/www.europesays.com\/fr\/wp-json\/wp\/v2\/media?parent=333217"}],"wp:term":[{"taxonomy":"category","embeddable":true,"href":"https:\/\/www.europesays.com\/fr\/wp-json\/wp\/v2\/categories?post=333217"},{"taxonomy":"post_tag","embeddable":true,"href":"https:\/\/www.europesays.com\/fr\/wp-json\/wp\/v2\/tags?post=333217"}],"curies":[{"name":"wp","href":"https:\/\/api.w.org\/{rel}","templated":true}]}}