{"id":333220,"date":"2025-08-21T05:35:23","date_gmt":"2025-08-21T05:35:23","guid":{"rendered":"https:\/\/www.europesays.com\/fr\/333220\/"},"modified":"2025-08-21T05:35:23","modified_gmt":"2025-08-21T05:35:23","slug":"pont-en-royans-suspendu-dans-le-vercors","status":"publish","type":"post","link":"https:\/\/www.europesays.com\/fr\/333220\/","title":{"rendered":"Pont-en-Royans, suspendu dans le Vercors &#8211;"},"content":{"rendered":"<p>\t\t\t\t<img loading=\"lazy\" decoding=\"async\" width=\"900\" height=\"600\" src=\"data:image\/svg+xml,%3Csvg%20xmlns=\" http:=\"\" alt=\"Son architecture hors-du-commun fait la renomm\u00e9e de Pont-en-Royans. Photos \u00a9 Inspiration Vercors\" title=\"01 \u2013 Pont-en-Royans depuis la rivi\u00e8re \u00a9 Clo et Cl\u00e9m par Inspiration Vercors\" class=\"wp-image-163324\" data-lazy- data-lazy- data-lazy-src=\"https:\/\/www.europesays.com\/fr\/wp-content\/uploads\/2025\/08\/01-Pont-en-Royans-depuis-la-riviere-\u00a9-Clo-et-Clem-par-Inspiration-Vercors.jpeg\"\/><\/p>\n<p>Son architecture hors-du-commun fait la renomm\u00e9e de Pont-en-Royans. Photos \u00a9 Inspiration Vercors<\/p>\n<p style=\"font-weight: 400;\"><strong>Texte\u00a0: Margaux Nourry \u2013 <\/strong>Situ\u00e9 dans le Parc Naturel du Vercors, Pont-en-Royans est connu pour ses maisons color\u00e9es suspendues \u00e0 flanc de vall\u00e9e.<\/p>\n<p style=\"font-weight: 400;\">Mais, entre plaine et montagne, Pont-en-Royans est aussi la capitale \u00e9conomique et commerciale du Royan. Cela s\u2019explique par\u00a0sa position sur les routes du Vercors et au-dessus de la rivi\u00e8re de la Bourne. Celle-ci invite \u00e0 une promenade jusqu\u2019aux cascades o\u00f9 il est possible de se baigner.<\/p>\n<p><a href=\"https:\/\/www.lyonpeople.com\/?attachment_id=163325\" rel=\"attachment wp-att-163325 noopener\" target=\"_blank\"><img fetchpriority=\"high\" decoding=\"async\" aria-describedby=\"caption-attachment-163325\" class=\"wp-image-163325 size-full\" src=\"https:\/\/www.europesays.com\/fr\/wp-content\/uploads\/2025\/08\/03-Pont-en-Royans-vue-de-haut-e1753279935937.jpeg\" alt=\"Ce paysage avait impressionn\u00e9 Stendhal dans les \u00ab M\u00e9moires d\u2019un touriste \u00bb.\" width=\"808\" height=\"505\"  \/><\/a><\/p>\n<p id=\"caption-attachment-163325\" class=\"wp-caption-text\">Ce paysage avait impressionn\u00e9 Stendhal dans les \u00ab M\u00e9moires d\u2019un touriste \u00bb.<\/p>\n<p><strong>Son architecture suspendue<\/strong><\/p>\n<p style=\"font-weight: 400;\">Ce sont bien ces maisons accroch\u00e9es au-dessus de la Bourne qui font la singularit\u00e9 de Pont-en-Royans. Traversez ce village m\u00e9di\u00e9val du XVIe si\u00e8cle, ses ruelles et ses jardins en terrasse pour monter jusqu\u2019au Belv\u00e9d\u00e8re des \u00ab\u00a0Trois Ch\u00e2teaux\u00a0\u00bb o\u00f9 s\u2019offre un panorama sur le Royans et les Gorges.<\/p>\n<p><a href=\"https:\/\/www.lyonpeople.com\/?attachment_id=163326\" rel=\"attachment wp-att-163326 noopener\" target=\"_blank\"><img loading=\"lazy\" decoding=\"async\" aria-describedby=\"caption-attachment-163326\" class=\" wp-image-163326\" src=\"data:image\/svg+xml,%3Csvg%20xmlns=\" http:=\"\" alt=\"Beau Rivage est \u00e9galement un h\u00f4tel\u2026 avec piscine !\" width=\"257\" height=\"342\" data-lazy-src=\"https:\/\/www.europesays.com\/fr\/wp-content\/uploads\/2025\/08\/05-Pont-en-Royans-Restau-Beau-Rivage-vue-riviere.jpeg\"\/><\/a><\/p>\n<p id=\"caption-attachment-163326\" class=\"wp-caption-text\">Beau Rivage est \u00e9galement un h\u00f4tel\u2026 avec piscine !<\/p>\n<p>Une halte peut \u00e9galement se faire par le Mus\u00e9e de l\u2019eau, l\u2019\u00e9glise romane, le centre d\u2019art de la Halle Gatt\u00e9gno et, dans les montagnes, par la grotte de Choranche.<\/p>\n<p><strong>Le restaurant Beau Rivage<\/strong><\/p>\n<p style=\"font-weight: 400;\">Profitez d\u2019un repas avec une vue imprenable sur la Bourne depuis la terrasse de l\u2019h\u00f4tel-restaurant Beau Rivage. Il propose \u00e0 la d\u00e9gustation des bi\u00e8res du monde entier et des produits r\u00e9gionaux. Au menu\u00a0: des noix, les fameuses ravioles du Royans, des cuisses de grenouille et\u2026 des glaces artisanales !<\/p>\n<p style=\"font-weight: 400;\"><strong>29, rue Gambetta, 38680 Pont-en-Royans \u2013 04 80 45 00 27<\/strong><\/p>\n","protected":false},"excerpt":{"rendered":"Son architecture hors-du-commun fait la renomm\u00e9e de Pont-en-Royans. Photos \u00a9 Inspiration Vercors Texte\u00a0: Margaux Nourry \u2013 Situ\u00e9 dans&hellip;\n","protected":false},"author":2,"featured_media":333221,"comment_status":"","ping_status":"","sticky":false,"template":"","format":"standard","meta":{"footnotes":""},"categories":[1889],"tags":[4257,1111,11,2430,1777,674,1011,27,2428,12,47072,25],"class_list":{"0":"post-333220","1":"post","2":"type-post","3":"status-publish","4":"format-standard","5":"has-post-thumbnail","7":"category-lyon","8":"tag-0top","9":"tag-actu","10":"tag-actualites","11":"tag-auvergne-rhone-alpes","12":"tag-eu","13":"tag-europe","14":"tag-fr","15":"tag-france","16":"tag-lyon","17":"tag-news","18":"tag-pont-en-royans","19":"tag-republique-francaise"},"share_on_mastodon":{"url":"https:\/\/pubeurope.com\/@fr\/115065134957398186","error":""},"_links":{"self":[{"href":"https:\/\/www.europesays.com\/fr\/wp-json\/wp\/v2\/posts\/333220","targetHints":{"allow":["GET"]}}],"collection":[{"href":"https:\/\/www.europesays.com\/fr\/wp-json\/wp\/v2\/posts"}],"about":[{"href":"https:\/\/www.europesays.com\/fr\/wp-json\/wp\/v2\/types\/post"}],"author":[{"embeddable":true,"href":"https:\/\/www.europesays.com\/fr\/wp-json\/wp\/v2\/users\/2"}],"replies":[{"embeddable":true,"href":"https:\/\/www.europesays.com\/fr\/wp-json\/wp\/v2\/comments?post=333220"}],"version-history":[{"count":0,"href":"https:\/\/www.europesays.com\/fr\/wp-json\/wp\/v2\/posts\/333220\/revisions"}],"wp:featuredmedia":[{"embeddable":true,"href":"https:\/\/www.europesays.com\/fr\/wp-json\/wp\/v2\/media\/333221"}],"wp:attachment":[{"href":"https:\/\/www.europesays.com\/fr\/wp-json\/wp\/v2\/media?parent=333220"}],"wp:term":[{"taxonomy":"category","embeddable":true,"href":"https:\/\/www.europesays.com\/fr\/wp-json\/wp\/v2\/categories?post=333220"},{"taxonomy":"post_tag","embeddable":true,"href":"https:\/\/www.europesays.com\/fr\/wp-json\/wp\/v2\/tags?post=333220"}],"curies":[{"name":"wp","href":"https:\/\/api.w.org\/{rel}","templated":true}]}}