{"id":333222,"date":"2025-08-21T05:38:12","date_gmt":"2025-08-21T05:38:12","guid":{"rendered":"https:\/\/www.europesays.com\/fr\/333222\/"},"modified":"2025-08-21T05:38:12","modified_gmt":"2025-08-21T05:38:12","slug":"quelles-actions-ont-ete-menees-apres-les-premieres-alertes-en-2024-sur-les-violences-subies-par-le-streameur","status":"publish","type":"post","link":"https:\/\/www.europesays.com\/fr\/333222\/","title":{"rendered":"quelles actions ont \u00e9t\u00e9 men\u00e9es apr\u00e8s les premi\u00e8res alertes, en 2024, sur les violences subies par le streameur ?"},"content":{"rendered":"\n<p class=\"c-chapo \">\n  En d\u00e9cembre 2024, Mediapart avait r\u00e9v\u00e9l\u00e9 la violence et l&rsquo;humiliation \u00e0 laquelle le quadrag\u00e9naire, mort lundi, \u00e9tait soumis en direct sur la plateforme Kick, contre r\u00e9mun\u00e9ration des internautes. Le parquet de Nice avait alors ouvert une enqu\u00eate.\n<\/p>\n<p>            lire plus tard<\/p>\n<p id=\"dialog__title\" class=\"dialog__title\">Pour sauvegarder cet article, connectez-vous ou cr\u00e9ez un compte franceinfo<\/p>\n<p class=\"dialog__description\">Sans paiement. Sans abonnement.<\/p>\n<p>        Fermer la fen\u00eatre d\u2019activation des notifications France Info<\/p>\n<p>            cr\u00e9er votre compte<\/p>\n<p>            se connecter<\/p>\n<p>        Fermer la fen\u00eatre de pr\u00e9sentation<\/p>\n<p>    <img loading=\"lazy\" decoding=\"async\" class=\"signature__image lazyload\" width=\"100\" height=\"100\" data- alt=\"\" src=\"https:\/\/www.europesays.com\/fr\/wp-content\/uploads\/2025\/06\/64a55fd777de4_placeholder-36b69ec8.png\"\/><\/p>\n<p>    Publi\u00e9 le 21\/08\/2025 06:12<\/p>\n<p>        Temps de lecture : 9min<\/p>\n<p>    <img decoding=\"async\"  alt=\"Une photo post\u00e9e sur Instagram par Jean Pormanove, le 5 mai 2023. (INSTAGRAM \/ @JEANPORMANOVE)\" width=\"432\" height=\"243\" src=\"https:\/\/www.europesays.com\/fr\/wp-content\/uploads\/2025\/08\/pormanove-fini-68a5be6409d9c221303035.jpg\" fetchpriority=\"high\"\/><\/p>\n<p>      Une photo post\u00e9e sur Instagram par Jean Pormanove, le 5 mai 2023. (INSTAGRAM \/ @JEANPORMANOVE)<\/p>\n<p>Sa mort en direct a suscit\u00e9 un \u00e9moi collectif. Rapha\u00ebl Graven, connu en ligne comme Jean Pormanove ou JP, <a href=\"https:\/\/www.franceinfo.fr\/internet\/reseaux-sociaux\/ce-que-l-on-sait-de-la-mort-en-direct-du-streameur-francais-jean-pormanove-victime-reguliere-de-sevices-filmes_7443331.html\" rel=\"nofollow noopener\" target=\"_blank\">est mort lundi 18 ao\u00fbt<\/a>, apr\u00e8s plus de 12 jours de diffusion vid\u00e9o en direct le montrant violent\u00e9 et humili\u00e9<strong> <\/strong>par deux autres hommes. Une enqu\u00eate a \u00e9t\u00e9 ouverte par le parquet de Nice. A ce stade, il n&rsquo;existe pas de preuve de lien entre les brimades et le d\u00e9c\u00e8s.<\/p>\n<p>Cette disparition a n\u00e9anmoins mis en lumi\u00e8re des pratiques peu connues du grand public.<strong> <\/strong>Or <a href=\"https:\/\/www.mediapart.fr\/journal\/france\/151224\/bataille-de-cotoreps-sur-la-plateforme-kick-des-humiliations-et-violences-en-direct-pour-des-cartons-d-aud\" rel=\"nofollow noopener\" target=\"_blank\">Mediapart<\/a> avait r\u00e9v\u00e9l\u00e9 d\u00e8s 2024 les violences que subissait Jean Pormanove en direct sur la plateforme Kick. D\u00e8s lors, de nombreux internautes <a href=\"https:\/\/www.franceinfo.fr\/internet\/reseaux-sociaux\/c-etait-completement-malsain-des-internautes-indignes-par-la-mort-du-streameur-jean-pormanove_7444585.html\" rel=\"nofollow noopener\" target=\"_blank\">se demandent<\/a> comment la publication des images a pu se poursuivre. Franceinfo vous explique ce qu&rsquo;il s&rsquo;est pass\u00e9 apr\u00e8s les r\u00e9v\u00e9lations du site d&rsquo;investigation.<\/p>\n<p>Une enqu\u00eate confi\u00e9e \u00e0 la police judiciaire de Nice<\/p>\n<p>En d\u00e9cembre 2024,\u00a0Mediapart avait rapport\u00e9 l&rsquo;existence des vid\u00e9os violentes auxquelles Jean Pormanove participait depuis plusieurs mois. Cet ancien militaire s&rsquo;\u00e9tait lanc\u00e9 dans le streaming au d\u00e9but des ann\u00e9es 2010 et s&rsquo;\u00e9tait fait conna\u00eetre en r\u00e9agissant excessivement lors de parties de jeux vid\u00e9o.<\/p>\n<p>Ainsi, \u00e0 partir de 2022, apr\u00e8s la rencontre de Rapha\u00ebl Graven avec deux autres streameurs surnomm\u00e9s Naruto et Safine, les vid\u00e9os changent de ton. \u00ab\u00a0Ils ont compris que quand JP s&rsquo;\u00e9nerve, \u00e7a fait des vues, \u00e7a fait de l&rsquo;argent. Ces internautes payaient pour insulter JP en direct, se r\u00e9jouir de la violence\u00a0\u00bb, a rappel\u00e9 mardi la journaliste de Mediapart Marie Turcan <a href=\"https:\/\/www.franceinfo.fr\/faits-divers\/mort-du-streamer-jean-pormanove-on-ne-pouvait-pas-s-attendre-a-ce-que-ca-aille-a-un-tel-extreme-reagit-la-journaliste-de-mediapart-qui-a-enquete-sur-les-videos_7443598.html\" rel=\"nofollow noopener\" target=\"_blank\">sur franceinfo<\/a>. Le trio a ainsi opt\u00e9 pour la diffusion de d\u00e9fis mettant en sc\u00e8ne JP et un autre homme, surnomm\u00e9 Coudoux, en situation de handicap et sous curatelle, pr\u00e9cisait le m\u00e9dia d&rsquo;investigation d\u00e8s 2024.<\/p>\n<p>Dans les vid\u00e9os, on peut voir Coudoux et JP \u00eatre victimes de coups et de propos humiliants. Elles contiennent \u00e9galement des sc\u00e8nes de strangulation. A partir de 2023, les images sont diffus\u00e9es sur Kick, une plateforme australienne, concurrente du leader mondial du live streaming Twitch, et aux r\u00e8gles de mod\u00e9ration plus souples.<\/p>\n<p>Apr\u00e8s l&rsquo;article de Mediapart fin 2024, le parquet de Nice a ouvert une enqu\u00eate, notamment pour \u00ab\u00a0violences volontaires en r\u00e9union sur personnes vuln\u00e9rables (&#8230;) et diffusion d&rsquo;enregistrement d&rsquo;images relatives \u00e0 la commission d&rsquo;infractions d&rsquo;atteintes volontaires \u00e0 l&rsquo;int\u00e9grit\u00e9 de la personne\u00a0\u00bb. Naruto et Safine ont \u00e9t\u00e9 plac\u00e9s en garde \u00e0 vue, puis rel\u00e2ch\u00e9s, et du mat\u00e9riel de tournage a \u00e9t\u00e9 saisi. <\/p>\n<p>\u00ab\u00a0Les personnes susceptibles d&rsquo;\u00eatre mises en cause\u00a0\u00bb, tout comme celles suppos\u00e9es \u00ab\u00a0victimes contestaient la commission d&rsquo;infractions\u00a0\u00bb, a n\u00e9anmoins expliqu\u00e9 le parquet de Nice<strong> <\/strong>\u00e0 l&rsquo;\u00e9poque. Coudoux et JP niaient toute violence, \u00ab\u00a0indiquant que les faits s&rsquo;inscrivaient dans des mises en sc\u00e8ne visant \u00e0 &lsquo;faire le buzz&rsquo; pour gagner de l&rsquo;argent\u00a0\u00bb, a pr\u00e9cis\u00e9 le parquet mercredi. \u00ab\u00a0L&rsquo;un et l&rsquo;autre indiquaient n&rsquo;avoir jamais \u00e9t\u00e9 bless\u00e9s, \u00eatre totalement libres de leurs mouvements et de leurs d\u00e9cisions et refusaient d&rsquo;\u00eatre examin\u00e9s par un m\u00e9decin et un psychiatre.\u00a0\u00bb \u00ab\u00a0Toutes les sc\u00e8nes qui pourraient s&rsquo;apparenter \u00e0 de la maltraitance sont en r\u00e9alit\u00e9 issues d&rsquo;un script\u00a0\u00bb, expliquait encore mardi \u00e0 franceinfo Kada Sadouni, avocat de Safine.<\/p>\n<p>Une suspension d&rsquo;une semaine de la cha\u00eene par Kick<\/p>\n<p>En France, la responsabilit\u00e9 des plateformes num\u00e9riques, comme Kick, est d\u00e9finie par la\u00a0<a href=\"https:\/\/www.legifrance.gouv.fr\/loda\/id\/JORFTEXT000000801164\" target=\"_blank\" rel=\"noopener nofollow\">loi pour la confiance dans l&rsquo;\u00e9conomie num\u00e9rique<\/a>\u00a0de 2004 ainsi que, depuis f\u00e9vrier 2024, par le r\u00e8glement europ\u00e9en sur les directives num\u00e9riques. Ce dernier <a href=\"https:\/\/www.franceinfo.fr\/replay-radio\/nouveau-monde\/comment-les-reseaux-sociaux-s-organisent-ils-pour-gerer-les-exces-de-leurs-utilisateurs_6847115.html\" rel=\"nofollow noopener\" target=\"_blank\">impose notamment aux plateformes num\u00e9riques<\/a> la mise en place d&rsquo;un syst\u00e8me de signalement des contenus illicites et une publication des moyens mis en \u0153uvre pour mod\u00e9rer les contenus. Un h\u00e9bergeur est donc dans l&rsquo;obligation de mod\u00e9rer, voire de bannir, un contenu contraire \u00e0 la loi qui lui aurait \u00e9t\u00e9 signal\u00e9.<\/p>\n<p>Mediapart assure que la branche fran\u00e7aise de Kick n&rsquo;a jamais r\u00e9pondu \u00e0 ses sollicitations dans le cadre de son enqu\u00eate. Mais elle \u00ab\u00a0avait banni pour une semaine la cha\u00eene incrimin\u00e9e\u00a0\u00bb, a pr\u00e9cis\u00e9 mardi <a href=\"https:\/\/www.mediapart.fr\/journal\/france\/190825\/affaire-jean-pormanove-ceux-qui-n-ont-rien-fait\" target=\"_blank\" rel=\"noopener nofollow\">le site<\/a>.\u00a0Cette derni\u00e8re avait n\u00e9anmoins repris et \u00e9tait \u00ab\u00a0tr\u00e8s vite retourn\u00e9e \u00e0 sa ligne \u00e9ditoriale initiale : l&rsquo;humiliation\u00a0\u00bb.\u00a0<\/p>\n<p>Contact\u00e9e par franceinfo pour savoir si d&rsquo;autres mesures avaient \u00e9t\u00e9 prises \u00e0 l&rsquo;\u00e9poque, la plateforme n&rsquo;a pas r\u00e9pondu \u00e0 l&rsquo;heure de la publication de cet article. Kick n&rsquo;ignorait pas que des contenus violents avaient \u00e9t\u00e9 diffus\u00e9s : son compte X fran\u00e7ais avait, courant 2024, publi\u00e9 \u00e0 plusieurs reprises des images et des propos moqueurs \u00e0 l&rsquo;encontre de JP, a relev\u00e9 <a href=\"https:\/\/www.bfmtv.com\/tech\/actualites\/reseaux-sociaux\/comment-la-plateforme-kick-a-surfe-sur-les-humiliations-de-jeanpormanove_AV-202508200298.html\" rel=\"nofollow noopener\" target=\"_blank\">BFMTV<\/a>.<\/p>\n<p>Apr\u00e8s la mort de JP, l&rsquo;entreprise a r\u00e9agi <a href=\"https:\/\/x.com\/Kick_FR&lt;span%20class=\" target=\"_blank\" rel=\"noopener nofollow\">sur X<\/a>. \u00ab\u00a0Tous les costreameurs ayant particip\u00e9 \u00e0 cette diffusion en direct ont \u00e9t\u00e9 bannis dans l&rsquo;attente de l&rsquo;enqu\u00eate en cours\u00a0\u00bb, affirme-t-elle, promettant de \u00ab\u00a0collaborer pleinement avec les autorit\u00e9s\u00a0\u00bb. \u00ab\u00a0En outre, nous avons mis fin \u00e0 notre collaboration avec l&rsquo;ancienne agence fran\u00e7aise de r\u00e9seaux sociaux et entreprenons une r\u00e9vision compl\u00e8te de notre contenu en fran\u00e7ais\u00a0\u00bb, ajoute la plateforme.\u00a0<\/p>\n<p>La ministre du Num\u00e9rique inform\u00e9e des faits<\/p>\n<p>Sur franceinfo, Marie Turcan a rappel\u00e9 que Mediapart \u00ab\u00a0avait contact\u00e9 Clara Chappaz [la ministre d\u00e9l\u00e9gu\u00e9e charg\u00e9e du Num\u00e9rique] en d\u00e9cembre 2024 au moment du remaniement\u00a0\u00bb et de la premi\u00e8re enqu\u00eate du site d&rsquo;investigation. \u00ab\u00a0Ils avaient essay\u00e9 de nous r\u00e9pondre, mais \u00e7a n&rsquo;\u00e9tait clairement pas la priorit\u00e9.\u00a0\u00bb Contact\u00e9 par franceinfo pour savoir quelles \u00e9ventuelles actions avaient \u00e9t\u00e9 entreprises \u00e0 cette p\u00e9riode, le cabinet de la ministre n&rsquo;avait pas r\u00e9agi au moment de la publication de cet article. <\/p>\n<p>Apr\u00e8s la mort du streameur, Clara Chappaz a annonc\u00e9 mardi <a href=\"https:\/\/x.com\/ClaraChappaz\/status\/1957727484184608966\" rel=\"nofollow\">sur le r\u00e9seau social X<\/a> avoir saisi l&rsquo;Arcom, l&rsquo;autorit\u00e9 de r\u00e9gulation du secteur en France, et effectu\u00e9 un signalement sur la plateforme Pharos, dont les agents examinent les contenus et comportements illicites en ligne. La ministre ajoute avoir\u00a0\u00ab\u00a0contact\u00e9 les responsables de la plateforme\u00a0[Kick]\u00a0pour obtenir des explications\u00a0\u00bb, pointant du doigt des \u00ab\u00a0d\u00e9faillances\u00a0\u00bb de l&rsquo;entreprise australienne sur \u00ab\u00a0la diffusion de contenus illicites\u00a0\u00bb.<\/p>\n<p>L&rsquo;Arcom saisie\u00a0<\/p>\n<p>Le 10 f\u00e9vrier dernier, la Ligue des droits de l&rsquo;homme (LDH) avait saisi l&rsquo;Arcom sur les pratiques de mod\u00e9ration de Kick.\u00a0\u00ab\u00a0On avait alert\u00e9 sur le fait qu&rsquo;il y avait des violences commises\u00a0\u00bb et notamment sur des \u00ab\u00a0personnes vuln\u00e9rables\u00a0\u00bb, dont \u00ab\u00a0la vuln\u00e9rabilit\u00e9 \u00e9tait connue par les auteurs, puisque c&rsquo;\u00e9tait justement en raison de leur handicap qu&rsquo;ils \u00e9taient cibl\u00e9s\u00a0\u00bb, a d\u00e9taill\u00e9 Nathalie Tehio sur <a href=\"https:\/\/www.franceinfo.fr\/internet\/streaming\/mort-du-streameur-jean-pormanove-il-faut-une-intervention-de-la-puissance-publique-pour-faire-respecter-les-textes-de-loi-reclame-la-presidente-de-la-ldh_7445107.html\" rel=\"nofollow noopener\" target=\"_blank\">franceinfo<\/a>. Cette saisine \u00e9tait rest\u00e9e\u00a0\u00ab\u00a0sans aucune r\u00e9ponse\u00a0\u00bb, a certifi\u00e9 la LDH \u00e0 Mediapart. Interrog\u00e9e par le m\u00e9dia en ligne, l&rsquo;Arcom n&rsquo;a pas pr\u00e9cis\u00e9 quelles suites avaient \u00e9t\u00e9 donn\u00e9es \u00e0 cette saisie. <\/p>\n<p>Mardi, elle a n\u00e9anmoins assur\u00e9 s&rsquo;\u00eatre rapproch\u00e9e de l&rsquo;Office anti-cybercriminalit\u00e9 pour v\u00e9rifier si le streameur\u00a0\u00ab\u00a0avait, par le pass\u00e9, demand\u00e9 le retrait de contenus sur Kick.com\u00a0\u00bb. L&rsquo;autorit\u00e9 de r\u00e9gulation <a href=\"https:\/\/www.franceinfo.fr\/internet\/streaming\/mort-du-streamer-jean-pormanove-lors-d-un-direct-l-arcom-a-pris-contact-avec-plusieurs-homologues-europeens-pour-en-savoir-plus-sur-kick-com_7443637.html\" rel=\"nofollow noopener\" target=\"_blank\">a aussi indiqu\u00e9<\/a> avoir pris contact avec plusieurs homologues, dont son \u00e9quivalent allemand (BNetzA).\u00a0Ce dernier avait, en janvier,\u00a0\u00ab\u00a0adress\u00e9 \u00e0 Kick.com une requ\u00eate lui demandant de d\u00e9signer un repr\u00e9sentant l\u00e9gal et un point de contact pour les autorit\u00e9s, comme l&rsquo;exige le r\u00e8glement sur les services num\u00e9riques\u00a0\u00bb.<\/p>\n<p>L&rsquo;Arcom attend donc d\u00e9sormais de savoir si Kick dispose ou non d&rsquo;une repr\u00e9sentation l\u00e9gale dans l&rsquo;Union europ\u00e9enne pour aviser de la suite. Une lenteur regrettable, selon le d\u00e9put\u00e9 socialiste Arthur Delaporte, pr\u00e9sident de la commission parlementaire sur les effets psychologiques de TikTok sur les mineurs. \u00ab\u00a0L&rsquo;Arcom avait dit : &lsquo;Je ne sais pas si c&rsquo;est \u00e0 moi de r\u00e9guler ou si c&rsquo;est \u00e0 l&rsquo;Europe, je ne sais pas qui est le repr\u00e9sentant l\u00e9gal&rsquo;. Et donc toutes ces tergiversations juridiques ont pris du temps\u00a0\u00bb,<a href=\"https:\/\/www.franceinfo.fr\/faits-divers\/mort-du-streameur-jean-pormanove-le-depute-ps-arthur-delaporte-veut-faciliter-le-travail-des-juges-face-aux-chaines-problematiques_7444714.html\" rel=\"nofollow noopener\" target=\"_blank\"> a regrett\u00e9 mercredi sur franceinfo<\/a> l&rsquo;\u00e9lu.<\/p>\n","protected":false},"excerpt":{"rendered":"En d\u00e9cembre 2024, Mediapart avait r\u00e9v\u00e9l\u00e9 la violence et l&rsquo;humiliation \u00e0 laquelle le quadrag\u00e9naire, mort lundi, \u00e9tait soumis&hellip;\n","protected":false},"author":2,"featured_media":333223,"comment_status":"","ping_status":"","sticky":false,"template":"","format":"standard","meta":{"footnotes":""},"categories":[1888],"tags":[1111,1928,11,1927,1777,674,1011,27,12,1926,626,1925,25],"class_list":{"0":"post-333222","1":"post","2":"type-post","3":"status-publish","4":"format-standard","5":"has-post-thumbnail","7":"category-paris","8":"tag-actu","9":"tag-actu-paris","10":"tag-actualites","11":"tag-actualites-paris","12":"tag-eu","13":"tag-europe","14":"tag-fr","15":"tag-france","16":"tag-news","17":"tag-news-paris","18":"tag-paris","19":"tag-paris-news","20":"tag-republique-francaise"},"share_on_mastodon":{"url":"https:\/\/pubeurope.com\/@fr\/115065146930230617","error":""},"_links":{"self":[{"href":"https:\/\/www.europesays.com\/fr\/wp-json\/wp\/v2\/posts\/333222","targetHints":{"allow":["GET"]}}],"collection":[{"href":"https:\/\/www.europesays.com\/fr\/wp-json\/wp\/v2\/posts"}],"about":[{"href":"https:\/\/www.europesays.com\/fr\/wp-json\/wp\/v2\/types\/post"}],"author":[{"embeddable":true,"href":"https:\/\/www.europesays.com\/fr\/wp-json\/wp\/v2\/users\/2"}],"replies":[{"embeddable":true,"href":"https:\/\/www.europesays.com\/fr\/wp-json\/wp\/v2\/comments?post=333222"}],"version-history":[{"count":0,"href":"https:\/\/www.europesays.com\/fr\/wp-json\/wp\/v2\/posts\/333222\/revisions"}],"wp:featuredmedia":[{"embeddable":true,"href":"https:\/\/www.europesays.com\/fr\/wp-json\/wp\/v2\/media\/333223"}],"wp:attachment":[{"href":"https:\/\/www.europesays.com\/fr\/wp-json\/wp\/v2\/media?parent=333222"}],"wp:term":[{"taxonomy":"category","embeddable":true,"href":"https:\/\/www.europesays.com\/fr\/wp-json\/wp\/v2\/categories?post=333222"},{"taxonomy":"post_tag","embeddable":true,"href":"https:\/\/www.europesays.com\/fr\/wp-json\/wp\/v2\/tags?post=333222"}],"curies":[{"name":"wp","href":"https:\/\/api.w.org\/{rel}","templated":true}]}}