{"id":333224,"date":"2025-08-21T05:39:12","date_gmt":"2025-08-21T05:39:12","guid":{"rendered":"https:\/\/www.europesays.com\/fr\/333224\/"},"modified":"2025-08-21T05:39:12","modified_gmt":"2025-08-21T05:39:12","slug":"cinq-blesses-a-cause-de-turbulences-lors-dun-vol-entre-paris-et-ajaccio-actualites","status":"publish","type":"post","link":"https:\/\/www.europesays.com\/fr\/333224\/","title":{"rendered":"Cinq bless\u00e9s \u00e0 cause de turbulences lors d&rsquo;un vol entre Paris et Ajaccio : Actualit\u00e9s"},"content":{"rendered":"<p class=\"lead \"><strong>Les difficiles conditions m\u00e9t\u00e9o et les orages ont g\u00e9n\u00e9r\u00e9 des turbulences lors d&rsquo;un vol entre Paris et Ajaccio, mercredi 20 ao\u00fbt. Au moins cinq personnes ont \u00e9t\u00e9 l\u00e9g\u00e8rement bless\u00e9es.<\/strong><\/p>\n<p class=\"lead \">Au moins cinq personnes ont \u00e9t\u00e9 bless\u00e9es \u00e0 cause des turbulences pendant un vol Air France entre Paris et Ajaccio (Corse-du-Sud). Les secousses ont \u00e9t\u00e9 caus\u00e9es par l&rsquo;orage particuli\u00e8rement violent qu&rsquo;a subi l&rsquo;\u00eele, mercredi 20 ao\u00fbt. \u00ab\u00a0Autour de 14h50, les pompiers ont \u00e9t\u00e9 avis\u00e9s par l&rsquo;a\u00e9roport d&rsquo;Ajaccio pour un avion d&rsquo;Air France pris dans des turbulences assez violentes\u00a0\u00bb, ont indiqu\u00e9 les pompiers de Corse <a href=\"https:\/\/www.tf1info.fr\/justice-faits-divers\/corse-5-blesses-legers-apres-des-turbulences-durant-un-vol-paris-ajaccio-2389791.html\" target=\"_blank\" rel=\"nofollow noopener\">aupr\u00e8s de TF1<\/a>.<\/p>\n<p>                                                                                                Les passagers qui n&rsquo;\u00e9taient pas attach\u00e9s ont \u00e9t\u00e9 bless\u00e9s<\/p>\n<p class=\"lead \">\u00ab\u00a0Deux clients ont \u00e9t\u00e9 bless\u00e9s, ainsi que trois membres de l&rsquo;\u00e9quipage commercial qui proc\u00e9daient \u00e0 la v\u00e9rification des ceintures de s\u00e9curit\u00e9\u00a0\u00bb, informe la compagnie a\u00e9rienne, <a href=\"https:\/\/www.corsematin.com\/article\/faits-diversjustice\/1053726088910415\/info-corse-matin-plusieurs-blesses-sur-un-vol-paris-ajaccio\" target=\"_blank\" rel=\"nofollow noopener\">cit\u00e9e par le quotidien local Corse Matin<\/a>. Ces derniers ont \u00e9t\u00e9 pris en charge par l&rsquo;h\u00f4pital d&rsquo;Ajaccio pour un examen de contr\u00f4le. Quatre ambulances, un v\u00e9hicule de commandement et un m\u00e9decin du Samu ont \u00e9t\u00e9 d\u00e9p\u00each\u00e9s sur les lieux, toujours selon le journal.<\/p>\n<p class=\"lead \">Au total, <a href=\"https:\/\/actu.orange.fr\/societe\/insolite\/manchester-deux-avions-entrent-en-collision-sur-la-piste-de-decollage-l-aeroport-suspend-ses-vols-magic-CNT000002kcS85.html\" rel=\"nofollow noopener\" target=\"_blank\">l&rsquo;avion<\/a> transportait 149 passagers. \u00ab\u00a0De fa\u00e7on g\u00e9n\u00e9rale, il n&rsquo;y a aucun risque d\u00e8s lors qu&rsquo;un passager est attach\u00e9, c&rsquo;est pourquoi il est toujours conseill\u00e9 d&rsquo;avoir sa ceinture attach\u00e9e en toutes circonstances, rappelle un employ\u00e9 de l&rsquo;a\u00e9roport d&rsquo;Ajaccio. Ceux qui n&rsquo;\u00e9taient pas attach\u00e9s ont \u00e9t\u00e9 bless\u00e9s\u00a0\u00bb.<\/p>\n<p class=\"small font-weight-bold text-gray3 \"> publi\u00e9 le 20 ao\u00fbt \u00e0 18h40, Emilien Decelle, 6Medias<\/p>\n<p>                             Partager<\/p>\n","protected":false},"excerpt":{"rendered":"Les difficiles conditions m\u00e9t\u00e9o et les orages ont g\u00e9n\u00e9r\u00e9 des turbulences lors d&rsquo;un vol entre Paris et Ajaccio,&hellip;\n","protected":false},"author":2,"featured_media":333225,"comment_status":"","ping_status":"","sticky":false,"template":"","format":"standard","meta":{"footnotes":""},"categories":[1888],"tags":[1111,1928,11,1927,1777,674,1011,27,12,1926,626,1925,25],"class_list":{"0":"post-333224","1":"post","2":"type-post","3":"status-publish","4":"format-standard","5":"has-post-thumbnail","7":"category-paris","8":"tag-actu","9":"tag-actu-paris","10":"tag-actualites","11":"tag-actualites-paris","12":"tag-eu","13":"tag-europe","14":"tag-fr","15":"tag-france","16":"tag-news","17":"tag-news-paris","18":"tag-paris","19":"tag-paris-news","20":"tag-republique-francaise"},"share_on_mastodon":{"url":"https:\/\/pubeurope.com\/@fr\/115065150654205209","error":""},"_links":{"self":[{"href":"https:\/\/www.europesays.com\/fr\/wp-json\/wp\/v2\/posts\/333224","targetHints":{"allow":["GET"]}}],"collection":[{"href":"https:\/\/www.europesays.com\/fr\/wp-json\/wp\/v2\/posts"}],"about":[{"href":"https:\/\/www.europesays.com\/fr\/wp-json\/wp\/v2\/types\/post"}],"author":[{"embeddable":true,"href":"https:\/\/www.europesays.com\/fr\/wp-json\/wp\/v2\/users\/2"}],"replies":[{"embeddable":true,"href":"https:\/\/www.europesays.com\/fr\/wp-json\/wp\/v2\/comments?post=333224"}],"version-history":[{"count":0,"href":"https:\/\/www.europesays.com\/fr\/wp-json\/wp\/v2\/posts\/333224\/revisions"}],"wp:featuredmedia":[{"embeddable":true,"href":"https:\/\/www.europesays.com\/fr\/wp-json\/wp\/v2\/media\/333225"}],"wp:attachment":[{"href":"https:\/\/www.europesays.com\/fr\/wp-json\/wp\/v2\/media?parent=333224"}],"wp:term":[{"taxonomy":"category","embeddable":true,"href":"https:\/\/www.europesays.com\/fr\/wp-json\/wp\/v2\/categories?post=333224"},{"taxonomy":"post_tag","embeddable":true,"href":"https:\/\/www.europesays.com\/fr\/wp-json\/wp\/v2\/tags?post=333224"}],"curies":[{"name":"wp","href":"https:\/\/api.w.org\/{rel}","templated":true}]}}