{"id":333230,"date":"2025-08-21T05:44:14","date_gmt":"2025-08-21T05:44:14","guid":{"rendered":"https:\/\/www.europesays.com\/fr\/333230\/"},"modified":"2025-08-21T05:44:14","modified_gmt":"2025-08-21T05:44:14","slug":"russie-ukraine-hezbollah-de-guerres-lasses-ici-beyrouth","status":"publish","type":"post","link":"https:\/\/www.europesays.com\/fr\/333230\/","title":{"rendered":"Russie, Ukraine, Hezbollah: de guerres\u2026 lass\u00e9s! &#8211; Ici Beyrouth"},"content":{"rendered":"<ol>\n<li><a href=\"https:\/\/news.google.com\/rss\/articles\/CBMiiwFBVV95cUxQRndDVDl2cW1SdmF3QkhVTkpaSlBsUTRzemliTDNLTnl4YUF4Nlo3ckdYakdLZG5BM0RQc2VrM0hPcGpyVk5PY1loamZrclZJNU92MllqQk9nSDNQV3U4bUNwQ2RTUjcwOW0tLWxEaUo2anB3VHQzZHBwdzQzOGZId2Z0R2JNX2tOZm1n?oc=5\" target=\"_blank\" rel=\"nofollow noopener\">Russie, Ukraine, Hezbollah: de guerres\u2026 lass\u00e9s!<\/a>&nbsp;&nbsp;Ici Beyrouth<\/li>\n<li><a href=\"https:\/\/news.google.com\/rss\/articles\/CBMiyAFBVV95cUxNeFduRUdPZnREbmRDZjB6Tkd5b2NwSTNQQmpmX0FBWWxfemVFS09QVmhheDgtMWw3dTdjMHJOQ0phbXgtQU1EVXZyUE5xQzh5R2JmMXdsaklBMEVPVmxMdHlpUXpKN2d6NTFHMTVqM3owcE8xVWlCR2pHNVVRZzU5endsUjhpMUVXVmJLcUFXaHdoWlBtU2l5VS14dVJGcm0yelZqVThTOEN2aV9VS0tiSzhtdzJIa05aSnMzblVuOWNVX1BycUxUSA?oc=5\" target=\"_blank\" rel=\"nofollow noopener\">La guerre se gagne-t-elle encore au 21e si\u00e8cle?<\/a>&nbsp;&nbsp;rts.ch<\/li>\n<li><a href=\"https:\/\/news.google.com\/rss\/articles\/CBMikAFBVV95cUxQQXZrZlBybFBPLXdSVE5wcWVKX1BwblN4TzE5d2ZhQ0hKTHY3dUd3MGpBX2xIdVNHdjBDOUFTRlBjaWM0aU55ZWtzODBqaFBiTzFvcmx0RF9HNU44N19xRlEycGNrSXRJV0hyQ2dvdEU2RE9nNHJIMkJvbTBXeVlBdk1YOUN5czktM3NjMVhnTDQ?oc=5\" target=\"_blank\" rel=\"nofollow noopener\">Face \u00e0 la guerre, un effort de lucidit\u00e9<\/a>&nbsp;&nbsp;Regards protestants<\/li>\n<li><a href=\"https:\/\/news.google.com\/rss\/articles\/CBMiigFBVV95cUxOcm54SVRVZ2MxemN5ZkdGZHpSUnBKRU5rcC1DOXZWSkxuZjdqU2IwbVZlMF9acjRUOEljZlhtMXhpSmFORVYyWnR0S3VnZ2JOUlJKU2RkLXdpSE84UkVOMW1uMVB1ZC16S3VTUkdZNkt0VHRZOTFIcmtYeEo1cno0dkdhSC0yNXQ5MXc?oc=5\" target=\"_blank\" rel=\"nofollow noopener\">Quand le bon petit geste fait \u00e9clipse \u00e0 la guerre<\/a>&nbsp;&nbsp;Estrieplus.com<\/li>\n<li><a href=\"https:\/\/news.google.com\/rss\/articles\/CBMinAFBVV95cUxNMDZkMzc1WWpqblRNYUtFcTNXd0JUc1k5amRiZU5PMjU0ZjhvQzB5bUk2UVpVMnlieTR4UzlrMFB1Q1RPclJPMm9uZXNNRl8tMldQVXhaV2plYmtNaXlESUdZdmdFWmpscmFiT09YUnBpeC1yQU1STWJzOEloWDItZjl1bGRSRWh0dzMzNWxFTFp5bnJBSjhhSmNrMzg?oc=5\" target=\"_blank\" rel=\"nofollow noopener\">La comparaison inappropri\u00e9e du Kosovo avec l&rsquo;agression russe en Ukraine<\/a>&nbsp;&nbsp;KOHA.net<\/li>\n<\/ol>\n","protected":false},"excerpt":{"rendered":"Russie, Ukraine, Hezbollah: de guerres\u2026 lass\u00e9s!&nbsp;&nbsp;Ici Beyrouth La guerre se gagne-t-elle encore au 21e si\u00e8cle?&nbsp;&nbsp;rts.ch Face \u00e0 la&hellip;\n","protected":false},"author":2,"featured_media":333231,"comment_status":"","ping_status":"","sticky":false,"template":"","format":"standard","meta":{"footnotes":""},"categories":[1591],"tags":[11,1887,12,1885,1886,132],"class_list":{"0":"post-333230","1":"post","2":"type-post","3":"status-publish","4":"format-standard","5":"has-post-thumbnail","7":"category-russie","8":"tag-actualites","9":"tag-federation-de-russie","10":"tag-news","11":"tag-russia","12":"tag-russian-federation","13":"tag-russie"},"share_on_mastodon":{"url":"https:\/\/pubeurope.com\/@fr\/115065170533597771","error":""},"_links":{"self":[{"href":"https:\/\/www.europesays.com\/fr\/wp-json\/wp\/v2\/posts\/333230","targetHints":{"allow":["GET"]}}],"collection":[{"href":"https:\/\/www.europesays.com\/fr\/wp-json\/wp\/v2\/posts"}],"about":[{"href":"https:\/\/www.europesays.com\/fr\/wp-json\/wp\/v2\/types\/post"}],"author":[{"embeddable":true,"href":"https:\/\/www.europesays.com\/fr\/wp-json\/wp\/v2\/users\/2"}],"replies":[{"embeddable":true,"href":"https:\/\/www.europesays.com\/fr\/wp-json\/wp\/v2\/comments?post=333230"}],"version-history":[{"count":0,"href":"https:\/\/www.europesays.com\/fr\/wp-json\/wp\/v2\/posts\/333230\/revisions"}],"wp:featuredmedia":[{"embeddable":true,"href":"https:\/\/www.europesays.com\/fr\/wp-json\/wp\/v2\/media\/333231"}],"wp:attachment":[{"href":"https:\/\/www.europesays.com\/fr\/wp-json\/wp\/v2\/media?parent=333230"}],"wp:term":[{"taxonomy":"category","embeddable":true,"href":"https:\/\/www.europesays.com\/fr\/wp-json\/wp\/v2\/categories?post=333230"},{"taxonomy":"post_tag","embeddable":true,"href":"https:\/\/www.europesays.com\/fr\/wp-json\/wp\/v2\/tags?post=333230"}],"curies":[{"name":"wp","href":"https:\/\/api.w.org\/{rel}","templated":true}]}}