{"id":333234,"date":"2025-08-21T05:46:10","date_gmt":"2025-08-21T05:46:10","guid":{"rendered":"https:\/\/www.europesays.com\/fr\/333234\/"},"modified":"2025-08-21T05:46:10","modified_gmt":"2025-08-21T05:46:10","slug":"les-dernieres-infos-de-lactualite-des-visas-et-des-formalites","status":"publish","type":"post","link":"https:\/\/www.europesays.com\/fr\/333234\/","title":{"rendered":"les derni\u00e8res infos de l\u2019actualit\u00e9 des visas et des formalit\u00e9s"},"content":{"rendered":"<p>Comme toujours \u00ab\u00a0l\u2019univers\u00a0\u00bb des formalit\u00e9s et des visas bouge en permanence. Retour sur les principales informations de ces derniers temps en la mati\u00e8re\u2026<\/p>\n<p>En Europe<\/p>\n<p>Le passeport fran\u00e7ais reste toujours des plus int\u00e9ressants pour voyager en 2025<\/p>\n<p>C\u2019est un classement qui se fait chaque ann\u00e9e. \u00c0 savoir celui des passeports offrant les meilleures opportunit\u00e9s de voyages sans visa \u00e0 travers le monde, comptabilis\u00e9es sur 227 destinations possibles de la plan\u00e8te.<br \/>Comme on peut s\u2019en douter, \u00e0 l\u2019oppos\u00e9 \u00e9videmment des pays en guerre ou instables, l\u2019Europe et des pays comme Singapour, le Japon ou la Cor\u00e9e du Sud trustent les premi\u00e8res places. Avec pour 2025, un passeport fran\u00e7ais qui m\u00eame s\u2019il n\u2019est plus le meilleur au monde comme l\u2019ann\u00e9e pass\u00e9e demeure toujours dans le Top3 pour voyager, permettant de circuler dans 189 pays sans avoir besoin de visa tourisme.<br \/>&gt; Pour plus de d\u00e9tails, c\u2019est <a href=\"https:\/\/partir.ouest-france.fr\/magazine\/meme-sil-nest-plus-le-meilleur-le-passeport-francais-reste-des-plus-interessants-pour-voyager-en-2025\/\" data-type=\"link\" data-id=\"https:\/\/partir.ouest-france.fr\/magazine\/meme-sil-nest-plus-le-meilleur-le-passeport-francais-reste-des-plus-interessants-pour-voyager-en-2025\/\" target=\"_blank\" rel=\"noreferrer noopener nofollow\">par ici\u2026<\/a><\/p>\n<p>Du changements si vous avez pr\u00e9vu de vous rendre dans les \u00eeles anglo-normandes<\/p>\n<p>Si depuis le Brexit passeport et maintenant autorisation \u00e9lectronique de voyage sont n\u00e9cessaires pour se rendre au Royaume-Uni, les choses \u00e9taient jusqu\u2019\u00e0 pr\u00e9sent diff\u00e9rentes pour ce qui est des \u00eeles anglo-normandes pour lesquelles, d\u00e8s lors que l\u2019on arrive directement en ferry du territoire fran\u00e7ais, une simple carte d\u2019identit\u00e9 est suffisante pour (maximum) une journ\u00e9e sur place. Or, cela devrait changer sous peu.<br \/>D\u2019ici d\u00e9but 2026, Jersey et Guernesey ont pr\u00e9vu \u00e0 leur tour de mettre en place leur propre syst\u00e8me d\u2019autorisation de voyage \u00e9lectronique. Un ETAs distinct de celui du Royaume-Uni qui n\u00e9cessitera donc une demande \u00e0 part de m\u00eame que la possession d\u2019un passeport pour se rendre sur place.<br \/>&gt; Pour plus de d\u00e9tails, c\u2019est <a href=\"https:\/\/partir.ouest-france.fr\/magazine\/attention-a-ces-changements-si-vous-avez-prevu-de-vous-rendre-dans-les-iles-anglo-normandes\/\" target=\"_blank\" data-type=\"link\" data-id=\"https:\/\/partir.ouest-france.fr\/magazine\/attention-a-ces-changements-si-vous-avez-prevu-de-vous-rendre-dans-les-iles-anglo-normandes\/\" rel=\"noreferrer noopener nofollow\">par ici\u2026<\/a><\/p>\n<p>Au Royaume-Uni, cela devient aussi compliqu\u00e9 pour les \u00e9tudiants \u00e9trangers<\/p>\n<p>C\u2019est d\u00e9but 2020 que le Royaume-Uni est, avec son Brexit, sorti de l\u2019Union Europ\u00e9enne. Depuis, pas mal de choses ont chang\u00e9 y compris pour les \u00e9tudiants \u00e9trangers d\u00e9sireux d\u2019aller suivre leurs cursus l\u00e0-bas. Car parmi les cons\u00e9quences, cela a impliqu\u00e9 la sortie du pays de ce fameux programme Erasmus qui permet aux jeunes europ\u00e9ens d\u2019aller poursuivre leur scolarit\u00e9 ailleurs avec certaines facilit\u00e9s, y compris pour ce qui concerne des frais d\u2019inscription.<br \/>Du coup, avec des frais de scolarit\u00e9 qui ont explos\u00e9, la fin des bourses pour le Royaume-Uni, plus \u00e0 la limite toutes les \u00ab nouveaut\u00e9s \u00bb en mati\u00e8re de formalit\u00e9s, \u00e9tudier outre-Manche est devenu hors de prix et donc impossible pour de nombreux jeunes. \u00c0 plus forte raison s\u2019il s\u2019agit de s\u2019inscrire dans des universit\u00e9s de prestige comme Oxford ou Cambridge.<\/p>\n<p>Cons\u00e9quence : le nombre d\u2019\u00e9tudiants europ\u00e9ens au Royaume-Uni a chut\u00e9 de presque 40% depuis 2020 ! Notamment chez les Fran\u00e7ais pour qui la destination \u00e9tait pourtant depuis toujours la num\u00e9ro un pour des \u00e9tudes \u00e0 l\u2019\u00e9tranger; ces derniers passant de 12 \u00e0 13 000 par an avant le Brexit \u00e0 juste 1 600 ces derni\u00e8res ann\u00e9es.<br \/>&gt; Pour plus de d\u00e9tails, c\u2019est <a href=\"https:\/\/partir.ouest-france.fr\/magazine\/au-royaume-uni-cela-devient-aussi-complique-pour-les-etudiants-etrangers\/\" data-type=\"link\" data-id=\"https:\/\/partir.ouest-france.fr\/magazine\/au-royaume-uni-cela-devient-aussi-complique-pour-les-etudiants-etrangers\/\" target=\"_blank\" rel=\"noreferrer noopener nofollow\">par ici\u2026<\/a><\/p>\n<p>\nR\u00e9servez un voyage sur mesure au Royaume Uni avec Evaneos<br \/>\n<\/p>\n<p>Aux Am\u00e9riques<\/p>\n<p>Pourquoi de plus en plus de Fran\u00e7ais install\u00e9s au Qu\u00e9bec risquent de quitter la province ?<\/p>\n<p>C\u2019est vrai que pendant longtemps la politique qu\u00e9b\u00e9coise en mati\u00e8re d\u2019immigration a plut\u00f4t \u00e9t\u00e9 ouverte pour ce qui est des francophones, ne serait-ce que pour des raisons linguistiques. Mais les choses seraient visiblement en train de changer.<br \/>En cause ce fameux <a href=\"https:\/\/www.canada.ca\/fr\/immigration-refugies-citoyennete\/nouvelles\/2024\/10\/plan-des-niveaux-dimmigration-2025-2027.html\" target=\"_blank\" rel=\"noreferrer noopener nofollow\">\u00ab\u00a0Plan 2025-2027\u00a0\u00bb<\/a> qui vise \u00e0 stabiliser les admissions \u00e0 moins de 1% de la population canadienne apr\u00e8s 2027 et des r\u00e9sidents temporaires \u00e0 5% afin d\u2019assurer une croissance g\u00e9r\u00e9e sur l\u2019ensemble du territoire canadien. Des mesures qui touchent donc les nouveaux arrivants potentiels mais aussi tous ceux, fran\u00e7ais ou autres, d\u00e9j\u00e0 install\u00e9s au Qu\u00e9bec avec diff\u00e9rents visas renouvelables. Et \u00e0 la cl\u00e9, une certaine incertitude pour beaucoup quant \u00e0 un avenir sur place en cas de non prolongation du document ou de refus \u00e0 une r\u00e9sidence permanente.<\/p>\n<p>Quant \u00e0 la solution, au del\u00e0 d\u2019un retour en arri\u00e8re des autorit\u00e9s, si certains pensent quitter le pays, pour d\u2019autres elle passerait plut\u00f4t par une \u00e9migration vers d\u2019autres r\u00e9gions canadiennes o\u00f9 il serait plus facile alors d\u2019obtenir un statut de \u00ab permanent \u00bb. L\u00e0 o\u00f9 de nouvelles mesures pourraient \u00e0 l\u2019inverse augmenter les quotas de francophones dans ces provinces et territoires traditionnellement anglophones.<br \/>&gt; Pour plus de d\u00e9tails, c\u2019est <a href=\"https:\/\/partir.ouest-france.fr\/magazine\/pourquoi-de-plus-en-plus-de-francais-installes-au-quebec-sont-obliges-de-quitter-la-province\/\" target=\"_blank\" rel=\"noreferrer noopener nofollow\">par ici\u2026<\/a><\/p>\n<p>Une nouvelle taxe pour les visiteurs \u00e9trangers en Basse-Californie<\/p>\n<p>Ce n\u2019est pas forc\u00e9ment la r\u00e9gion la plus visit\u00e9e du <a href=\"https:\/\/partir.ouest-france.fr\/mexique\" target=\"_blank\" rel=\"noreferrer noopener nofollow\">Mexique<\/a> par les Europ\u00e9ens, contrairement aux Nord-am\u00e9ricains. Mais il n\u2019emp\u00eache que les autorit\u00e9s de l\u2019\u00c9tat de Basse-Californie ont d\u00e9cid\u00e9 de mettre en place un nouvelle taxe pour tous les visiteurs \u00e9trangers qui s\u00e9journent plus de 24 heures dans cette longue p\u00e9ninsule situ\u00e9e dans le prolongement de la \u00ab\u00a0Californie am\u00e9ricaine\u00a0\u00bb.<br \/>Cette taxe touristique co\u00fbtera l\u2019\u00e9quivalent d\u2019environ 25 US$ par personne et sera \u00e0 r\u00e9gler avant d\u2019arriver sur place aussi bien d\u2019ailleurs par les airs, la mer que les quelques routes qui permettent d\u2019y acc\u00e9der depuis le reste du pays ou les \u00c9tats-Unis voisins. Officiellement celle-ci servira \u00e0 g\u00e9n\u00e9rer des fonds pour renforcer la conservation de l\u2019environnement naturel, le d\u00e9veloppement communautaire et les infrastructures touristiques locales<br \/>&gt; Pour plus de d\u00e9tails, c\u2019est <a href=\"https:\/\/partir.ouest-france.fr\/magazine\/une-nouvelle-taxe-pour-ceux-qui-visitent-la-basse-californie\/\" target=\"_blank\" data-type=\"link\" data-id=\"https:\/\/partir.ouest-france.fr\/magazine\/une-nouvelle-taxe-pour-ceux-qui-visitent-la-basse-californie\/\" rel=\"noreferrer noopener nofollow\">par ici\u2026<\/a><\/p>\n<p>Tout ce qui a chang\u00e9 ces derniers temps en mati\u00e8re de formalit\u00e9s pour les \u00c9tats-Unis<\/p>\n<p>Jamais peut-\u00eatre un pays n\u2019aura autant revu les modalit\u00e9s d\u2019entr\u00e9e sur son territoire en si peu de temps que les \u00c9tats-Unis depuis le retour de Donald Trump \u00e0 la pr\u00e9sidence. Pas s\u00fbr d\u2019ailleurs de s\u2019y retrouver ou de ne pas en oublier quelques-unes. D\u2019o\u00f9 ce petit r\u00e9capitulatif\u2026<br \/>&gt; Pour plus de d\u00e9tails, c\u2019est <a href=\"https:\/\/partir.ouest-france.fr\/magazine\/tout-ce-qui-a-change-ces-derniers-temps-en-matiere-de-formalites-pour-les-etats-unis\/\" target=\"_blank\" data-type=\"link\" data-id=\"https:\/\/partir.ouest-france.fr\/magazine\/tout-ce-qui-a-change-ces-derniers-temps-en-matiere-de-formalites-pour-les-etats-unis\/\" rel=\"noreferrer noopener nofollow\">par ici\u2026<\/a><\/p>\n<p>En Afrique<\/p>\n<p>Faudra-t-il bient\u00f4t un visa pour se rendre au S\u00e9n\u00e9gal ?<\/p>\n<p>Alors que de plus en plus de pays simplifient les formalit\u00e9s pour leurs visiteurs, supprimant notamment l\u2019obligation de visa, il s\u2019en trouve quelques-uns qui font le cheminement inverse. Comme le S\u00e9n\u00e9gal qui souhaiterait mettre en place un syst\u00e8me de e-visa pour les ressortissants des pays n\u2019appliquant pas de r\u00e9ciprocit\u00e9 au niveau formalit\u00e9s comme ceux de l\u2019Union Europ\u00e9enne.<br \/>&gt; Pour plus de d\u00e9tails, c\u2019est <a href=\"https:\/\/partir.ouest-france.fr\/magazine\/faudra-t-il-bientot-un-visa-pour-se-rendre-au-senegal\/\" target=\"_blank\" data-type=\"link\" data-id=\"https:\/\/partir.ouest-france.fr\/magazine\/faudra-t-il-bientot-un-visa-pour-se-rendre-au-senegal\/\" rel=\"noreferrer noopener nofollow\">par ici\u2026<\/a><\/p>\n<p>Au Moyen-Orient &amp; Asie-Pacifique<\/p>\n<p>De plus en plus de nationalit\u00e9s exempt\u00e9es de visa pour la Chine<\/p>\n<p>C\u2019est une bonne nouvelle pour tous les amoureux de la <a href=\"https:\/\/partir.ouest-france.fr\/chine\" rel=\"nofollow noopener\" target=\"_blank\">Chine<\/a>. En effet, apr\u00e8s avoir \u00e9t\u00e9 dans un premier temps \u00ab\u00a0exp\u00e9rimentale\u00a0\u00bb, la mesure consistant pour le pays \u00e0 accueillir des visiteurs sans obligation de visa vient d\u2019\u00eatre prolong\u00e9e et surtout \u00e9tendue \u00e0 de nouvelles nationalit\u00e9s. Cela maintenant pour 74 nationalit\u00e9s, dont tous les Europ\u00e9ens et les Canadiens, et une dur\u00e9e de visite autoris\u00e9e d\u2019un mois sur place contre 15 jours auparavant.<br \/>&gt; Pour plus de d\u00e9tails, c\u2019est <a href=\"https:\/\/partir.ouest-france.fr\/magazine\/de-plus-en-plus-de-nationalites-exemptees-de-visa-pour-la-chine\/\" data-type=\"link\" data-id=\"https:\/\/partir.ouest-france.fr\/magazine\/de-plus-en-plus-de-nationalites-exemptees-de-visa-pour-la-chine\/\" target=\"_blank\" rel=\"noreferrer noopener nofollow\">par ici\u2026<\/a><\/p>\n<p>Belges, Luxembourgeois et Suisses d\u00e9sormais exempt\u00e9s de visa pour le Vietnam<\/p>\n<p>C\u2019est souvent le meilleur moyen pour augmenter leur nombre, sinon faire revenir les touristes dans un pays. Assouplir les formalit\u00e9s, sinon m\u00eame exempter de visa les visiteurs souvent originaires des principaux pays \u00e9metteurs. C\u2019est ce que fait d\u00e9j\u00e0 depuis un certain temps le Vietnam qui vient de plus d\u2019ajouter les Suisses, les Luxermbourgeois et les Belges \u00e0 la liste des nationalit\u00e9s exempt\u00e9es au moins jusqu\u2019\u00e0 l\u2019\u00e9t\u00e9 2028. Quant aux Fran\u00e7ais , ils \u00e9taient d\u00e9j\u00e0 concern\u00e9s par cette exemption.<\/p>\n<p>&gt; Et pour retrouver toute \u00ab\u00a0l\u2019actu du monde\u00a0\u00bb, c\u2019est <a href=\"https:\/\/partir.ouest-france.fr\/magazine\/actualite\/\" target=\"_blank\" data-type=\"link\" data-id=\"https:\/\/partir.ouest-france.fr\/magazine\/actualite\/\" rel=\"noreferrer noopener nofollow\">par l\u00e0\u2026<\/a><\/p>\n","protected":false},"excerpt":{"rendered":"Comme toujours \u00ab\u00a0l\u2019univers\u00a0\u00bb des formalit\u00e9s et des visas bouge en permanence. Retour sur les principales informations de ces&hellip;\n","protected":false},"author":2,"featured_media":333235,"comment_status":"","ping_status":"","sticky":false,"template":"","format":"standard","meta":{"footnotes":""},"categories":[1589],"tags":[11,73,1866,12,1864,1865,1863,308],"class_list":{"0":"post-333234","1":"post","2":"type-post","3":"status-publish","4":"format-standard","5":"has-post-thumbnail","7":"category-etats-unis","8":"tag-actualites","9":"tag-etats-unis","10":"tag-etats-unis-damerique","11":"tag-news","12":"tag-united-states","13":"tag-united-states-of-america","14":"tag-us","15":"tag-usa"},"share_on_mastodon":{"url":"https:\/\/pubeurope.com\/@fr\/115065178395186785","error":""},"_links":{"self":[{"href":"https:\/\/www.europesays.com\/fr\/wp-json\/wp\/v2\/posts\/333234","targetHints":{"allow":["GET"]}}],"collection":[{"href":"https:\/\/www.europesays.com\/fr\/wp-json\/wp\/v2\/posts"}],"about":[{"href":"https:\/\/www.europesays.com\/fr\/wp-json\/wp\/v2\/types\/post"}],"author":[{"embeddable":true,"href":"https:\/\/www.europesays.com\/fr\/wp-json\/wp\/v2\/users\/2"}],"replies":[{"embeddable":true,"href":"https:\/\/www.europesays.com\/fr\/wp-json\/wp\/v2\/comments?post=333234"}],"version-history":[{"count":0,"href":"https:\/\/www.europesays.com\/fr\/wp-json\/wp\/v2\/posts\/333234\/revisions"}],"wp:featuredmedia":[{"embeddable":true,"href":"https:\/\/www.europesays.com\/fr\/wp-json\/wp\/v2\/media\/333235"}],"wp:attachment":[{"href":"https:\/\/www.europesays.com\/fr\/wp-json\/wp\/v2\/media?parent=333234"}],"wp:term":[{"taxonomy":"category","embeddable":true,"href":"https:\/\/www.europesays.com\/fr\/wp-json\/wp\/v2\/categories?post=333234"},{"taxonomy":"post_tag","embeddable":true,"href":"https:\/\/www.europesays.com\/fr\/wp-json\/wp\/v2\/tags?post=333234"}],"curies":[{"name":"wp","href":"https:\/\/api.w.org\/{rel}","templated":true}]}}