{"id":333236,"date":"2025-08-21T05:47:18","date_gmt":"2025-08-21T05:47:18","guid":{"rendered":"https:\/\/www.europesays.com\/fr\/333236\/"},"modified":"2025-08-21T05:47:18","modified_gmt":"2025-08-21T05:47:18","slug":"le-royaume-uni-en-plein-doute-sur-lavenir-du-palais-de-buckingham-2","status":"publish","type":"post","link":"https:\/\/www.europesays.com\/fr\/333236\/","title":{"rendered":"Le Royaume-Uni en plein doute sur l\u2019avenir du palais de Buckingham"},"content":{"rendered":"<p>Au <a data-i13n=\"cpos:1;pos:1\" href=\"https:\/\/www.20minutes.fr\/monde\/royaume-uni\/?at_medium=RSS%20feed&amp;at_campaign=ynews&amp;utm_source=yahoo&amp;utm_medium=rss&amp;utm_campaign=news_feed&amp;utm_content=in_article_link\" rel=\"nofollow noopener\" target=\"_blank\" data-ylk=\"slk:Royaume-Uni;cpos:1;pos:1;elm:context_link;itc:0;sec:content-canvas\" class=\"link \">Royaume-Uni<\/a>, l\u2019avenir du <a data-i13n=\"cpos:2;pos:1\" href=\"https:\/\/www.20minutes.fr\/dossier\/buckingham_palace?at_medium=RSS%20feed&amp;at_campaign=ynews&amp;utm_source=yahoo&amp;utm_medium=rss&amp;utm_campaign=news_feed&amp;utm_content=in_article_link\" rel=\"nofollow noopener\" target=\"_blank\" data-ylk=\"slk:palais de Buckingham;cpos:2;pos:1;elm:context_link;itc:0;sec:content-canvas\" class=\"link \">palais de Buckingham<\/a> interroge. Et les sp\u00e9culations ont repris depuis que le prince h\u00e9ritier William et sa famille ont pr\u00e9vu de s\u2019installer dans une nouvelle propri\u00e9t\u00e9 sur le domaine de Windsor.<\/p>\n<p>Selon le tablo\u00efd The Sun, le couple princier et ses trois enfants ont trouv\u00e9 en Forest Lodge, manoir de huit chambres \u00e0 l\u2019ouest de Londres, leur \u00ab maison pour toujours \u00bb. Le palais de Kensington, qui g\u00e8re leur communication, a confirm\u00e9 que la famille allait d\u00e9m\u00e9nager \u00ab plus tard cette ann\u00e9e \u00bb. Elle vivait d\u00e9j\u00e0 sur le domaine royal, dans un logement plus petit.<\/p>\n<p>Une attraction tr\u00e8s pris\u00e9e des touristes<\/p>\n<p>Si le futur roi s\u2019installe d\u00e9finitivement \u00e0 Windsor, le palais de Buckingham cessera d\u2019\u00eatre la r\u00e9sidence officielle du monarque britannique comme elle l\u2019\u00e9tait depuis 1837. Pour le commentateur royal Richard Fitzwilliams, ce \u00ab serait une catastrophe si Buckingham \u00e9tait mis \u00e0 l\u2019\u00e9cart \u00bb. \u00ab C\u2019est un b\u00e2timent embl\u00e9matique, comparable \u00e0 la Maison-Blanche et connu dans le monde entier \u00bb.<\/p>\n<p>Situ\u00e9 au c\u0153ur de la capitale, le palais aux 755 pi\u00e8ces est une attraction tr\u00e8s pris\u00e9e des touristes. Environ 500.000 le visitent chaque ann\u00e9e durant les mois d\u2019\u00e9t\u00e9. D\u2019un point de vue institutionnel, c\u2019est le c\u0153ur battant de la monarchie britannique, avec ses nombreuses c\u00e9r\u00e9monies officielles, garden-parties estivales et son c\u00e9l\u00e8bre balcon, d\u2019o\u00f9 la famille royale salue le public lors de c\u00e9r\u00e9monies comme l\u2019anniversaire du roi.<\/p>\n<p>Le roi Charles III, 76 ans, n\u2019y habite cependant pas, car (&#8230;)<\/p>\n<p><a data-i13n=\"cpos:3;pos:1\" href=\"https:\/\/www.20minutes.fr\/monde\/royaume-uni\/4168816-20250821-monarchie-britannique-royaume-uni-plein-doute-avenir-palais-buckingham?at_medium=RSS%20feed&amp;at_campaign=ynews&amp;utm_source=yahoo&amp;utm_medium=rss&amp;utm_campaign=news_feed&amp;utm_content=read_more_link%22\" rel=\"nofollow noopener\" target=\"_blank\" data-ylk=\"slk:Lire la suite sur 20minutes;cpos:3;pos:1;elm:context_link;itc:0;sec:content-canvas\" class=\"link \">Lire la suite sur 20minutes<\/a><\/p>\n<p>\u00c0 lire aussi :<br \/><a data-i13n=\"cpos:4;pos:1\" href=\"https:\/\/www.20minutes.fr\/arts-stars\/people\/4168114-20250815-fete-75-ans-famille-britannique-cadeau-jamais-vu?at_medium=RSS%20feed&amp;at_campaign=ynews&amp;utm_source=yahoo&amp;utm_medium=rss&amp;utm_campaign=news_feed&amp;utm_content=related_content_link\" rel=\"nofollow noopener\" target=\"_blank\" data-ylk=\"slk:Qui f\u00eate ses 75 ans dans la famille britannique et a un cadeau jamais vu ?;cpos:4;pos:1;elm:context_link;itc:0;sec:content-canvas\" class=\"link \">Qui f\u00eate ses 75 ans dans la famille britannique et a un cadeau jamais vu ?<\/a><br \/><a data-i13n=\"cpos:5;pos:1\" href=\"https:\/\/www.20minutes.fr\/arts-stars\/people\/4163930-20250716-roi-charles-iii-prince-harry-enfin-voie-reconciliation?at_medium=RSS%20feed&amp;at_campaign=ynews&amp;utm_source=yahoo&amp;utm_medium=rss&amp;utm_campaign=news_feed&amp;utm_content=related_content_link\" rel=\"nofollow noopener\" target=\"_blank\" data-ylk=\"slk:Le roi Charles III et le prince Harry seraient-ils enfin sur la voie de la r\u00e9conciliation ?;cpos:5;pos:1;elm:context_link;itc:0;sec:content-canvas\" class=\"link \">Le roi Charles III et le prince Harry seraient-ils enfin sur la voie de la r\u00e9conciliation ?<\/a><\/p>\n","protected":false},"excerpt":{"rendered":"Au Royaume-Uni, l\u2019avenir du palais de Buckingham interroge. Et les sp\u00e9culations ont repris depuis que le prince h\u00e9ritier&hellip;\n","protected":false},"author":2,"featured_media":333237,"comment_status":"","ping_status":"","sticky":false,"template":"","format":"standard","meta":{"footnotes":""},"categories":[1588],"tags":[11,581,1777,674,47075,47076,12,17421,46090,473,1853,1851,1850,1852],"class_list":{"0":"post-333236","1":"post","2":"type-post","3":"status-publish","4":"format-standard","5":"has-post-thumbnail","7":"category-royaume-uni","8":"tag-actualites","9":"tag-charles-iii","10":"tag-eu","11":"tag-europe","12":"tag-le-palais","13":"tag-monarque-britannique","14":"tag-news","15":"tag-palais-de-buckingham","16":"tag-palais-de-kensington","17":"tag-royaume-uni","18":"tag-royaume-uni-de-grande-bretagne-et-dirlande-du-nord","19":"tag-uk","20":"tag-united-kingdom","21":"tag-united-kingdom-of-great-britain-and-northern-ireland"},"share_on_mastodon":{"url":"https:\/\/pubeurope.com\/@fr\/115065182178093974","error":""},"_links":{"self":[{"href":"https:\/\/www.europesays.com\/fr\/wp-json\/wp\/v2\/posts\/333236","targetHints":{"allow":["GET"]}}],"collection":[{"href":"https:\/\/www.europesays.com\/fr\/wp-json\/wp\/v2\/posts"}],"about":[{"href":"https:\/\/www.europesays.com\/fr\/wp-json\/wp\/v2\/types\/post"}],"author":[{"embeddable":true,"href":"https:\/\/www.europesays.com\/fr\/wp-json\/wp\/v2\/users\/2"}],"replies":[{"embeddable":true,"href":"https:\/\/www.europesays.com\/fr\/wp-json\/wp\/v2\/comments?post=333236"}],"version-history":[{"count":0,"href":"https:\/\/www.europesays.com\/fr\/wp-json\/wp\/v2\/posts\/333236\/revisions"}],"wp:featuredmedia":[{"embeddable":true,"href":"https:\/\/www.europesays.com\/fr\/wp-json\/wp\/v2\/media\/333237"}],"wp:attachment":[{"href":"https:\/\/www.europesays.com\/fr\/wp-json\/wp\/v2\/media?parent=333236"}],"wp:term":[{"taxonomy":"category","embeddable":true,"href":"https:\/\/www.europesays.com\/fr\/wp-json\/wp\/v2\/categories?post=333236"},{"taxonomy":"post_tag","embeddable":true,"href":"https:\/\/www.europesays.com\/fr\/wp-json\/wp\/v2\/tags?post=333236"}],"curies":[{"name":"wp","href":"https:\/\/api.w.org\/{rel}","templated":true}]}}