{"id":333238,"date":"2025-08-21T05:48:11","date_gmt":"2025-08-21T05:48:11","guid":{"rendered":"https:\/\/www.europesays.com\/fr\/333238\/"},"modified":"2025-08-21T05:48:11","modified_gmt":"2025-08-21T05:48:11","slug":"relegue-sur-le-banc-a-monaco-ben-seghir-tente-par-lallemagne","status":"publish","type":"post","link":"https:\/\/www.europesays.com\/fr\/333238\/","title":{"rendered":"Rel\u00e9gu\u00e9 sur le banc \u00e0 Monaco, Ben Seghir tent\u00e9 par l&rsquo;Allemagne"},"content":{"rendered":"<p>Le mercato de Monaco en bref<\/p>\n<p><b>Les arriv\u00e9es effectives (*) :<\/b> P. Pogba (l.), Dier (Bayern Munich, ALL), Hradecky (Leverkusen, ALL), Fati (FC Barcelone, ESP, p.), Brunner (Cercle Bruges, BEL, r.p.), Boadu (Bochum, ALL, r.p.).<br \/><b>Les d\u00e9parts effectifs : <\/b>Bouabr\u00e9 (Neom, ARS), Jakobs (Galatsaray, TUR, t.d.), Al-Musrati (Besiktas, TUR, r.p.), Majecki (Brest, p.), E. Diop (Cercle Bruges, BEL, p.). <br \/><b>Les postes cibl\u00e9s :<\/b> 1 milieu d\u00e9fensif.<br \/><b>Les d\u00e9parts possibles :<\/b> Ben Seghir, Akliouche, Salisu, Singo, Magassa, K. Diatta, Michal, Boadu, Vanderson.<br \/>(*) f.c. : fin de contrat ; r.p. : retour de pr\u00eat ; l. libre; t.d.: transfert d\u00e9finitif ; p. : pr\u00eat.<\/p>\n","protected":false},"excerpt":{"rendered":"Le mercato de Monaco en bref Les arriv\u00e9es effectives (*) : P. Pogba (l.), Dier (Bayern Munich, ALL),&hellip;\n","protected":false},"author":2,"featured_media":333239,"comment_status":"","ping_status":"","sticky":false,"template":"","format":"standard","meta":{"footnotes":""},"categories":[1587],"tags":[11,672,1804,1805,1803,1777,674,1801,12,1802],"class_list":{"0":"post-333238","1":"post","2":"type-post","3":"status-publish","4":"format-standard","5":"has-post-thumbnail","7":"category-allemagne","8":"tag-actualites","9":"tag-allemagne","10":"tag-bundesrepublik-deutschland","11":"tag-de","12":"tag-deutschland","13":"tag-eu","14":"tag-europe","15":"tag-germany","16":"tag-news","17":"tag-republique-federale-dallemagne"},"share_on_mastodon":{"url":"https:\/\/pubeurope.com\/@fr\/115065186212463774","error":""},"_links":{"self":[{"href":"https:\/\/www.europesays.com\/fr\/wp-json\/wp\/v2\/posts\/333238","targetHints":{"allow":["GET"]}}],"collection":[{"href":"https:\/\/www.europesays.com\/fr\/wp-json\/wp\/v2\/posts"}],"about":[{"href":"https:\/\/www.europesays.com\/fr\/wp-json\/wp\/v2\/types\/post"}],"author":[{"embeddable":true,"href":"https:\/\/www.europesays.com\/fr\/wp-json\/wp\/v2\/users\/2"}],"replies":[{"embeddable":true,"href":"https:\/\/www.europesays.com\/fr\/wp-json\/wp\/v2\/comments?post=333238"}],"version-history":[{"count":0,"href":"https:\/\/www.europesays.com\/fr\/wp-json\/wp\/v2\/posts\/333238\/revisions"}],"wp:featuredmedia":[{"embeddable":true,"href":"https:\/\/www.europesays.com\/fr\/wp-json\/wp\/v2\/media\/333239"}],"wp:attachment":[{"href":"https:\/\/www.europesays.com\/fr\/wp-json\/wp\/v2\/media?parent=333238"}],"wp:term":[{"taxonomy":"category","embeddable":true,"href":"https:\/\/www.europesays.com\/fr\/wp-json\/wp\/v2\/categories?post=333238"},{"taxonomy":"post_tag","embeddable":true,"href":"https:\/\/www.europesays.com\/fr\/wp-json\/wp\/v2\/tags?post=333238"}],"curies":[{"name":"wp","href":"https:\/\/api.w.org\/{rel}","templated":true}]}}