{"id":333242,"date":"2025-08-21T05:50:10","date_gmt":"2025-08-21T05:50:10","guid":{"rendered":"https:\/\/www.europesays.com\/fr\/333242\/"},"modified":"2025-08-21T05:50:10","modified_gmt":"2025-08-21T05:50:10","slug":"a-la-frontiere-estonienne-la-menace-russe","status":"publish","type":"post","link":"https:\/\/www.europesays.com\/fr\/333242\/","title":{"rendered":"\u00c0 la fronti\u00e8re estonienne, la menace russe"},"content":{"rendered":"<p>\n                                                C\u2019est sans doute\u00a0dans cette partie de l\u2019Union europ\u00e9enne que la menace russe est v\u00e9cue avec le plus de violence et de complexit\u00e9. Tout au nord de l\u2019Europe, Narva, troisi\u00e8me ville d\u2019Estonie, juste \u00e0 la fronti\u00e8re avec la Russie, est peupl\u00e9e \u00e0 90% de russophones, h\u00e9ritage de la p\u00e9riode sovi\u00e9tique. Des habitants qui sont d\u00e9sormais Estoniens et donc citoyens europ\u00e9ens. Depuis le d\u00e9but de la guerre en Ukraine, la fronti\u00e8re avec la Russie n\u2019est ouverte qu\u2019aux seuls pi\u00e9tons&#8230;                    <\/p>\n<p>C\u2019est un des nombreux changements qui bouleverse ce territoire. Et qui oblige les citoyens \u00e0 se positionner.\u00a0Reportage \u00e0 Narva de <strong><a target=\"_self\" href=\"https:\/\/www.rfi.fr\/fr\/auteur\/marielle-vitureau\/\" rel=\"noopener\">Marielle Vitureau<\/a><\/strong>.\u00a0\u00a0<\/p>\n<p>\u00a0<\/p>\n<p><strong>Le Groenland face au changement climatique<\/strong><\/p>\n<p>On n&rsquo;a jamais autant parl\u00e9 du\u00a0<a target=\"_self\" href=\"https:\/\/www.rfi.fr\/fr\/tag\/groenland\/\" rel=\"noopener\"><strong>Groenland<\/strong><\/a> depuis que <a target=\"_self\" href=\"https:\/\/www.rfi.fr\/fr\/tag\/donald-trump\/\" rel=\"noopener\"><strong>Donald Trump<\/strong><\/a> a fait part des vis\u00e9es expansionnistes sur ce territoire arctique&#8230; mais si cette r\u00e9gion autonome du <a target=\"_self\" href=\"https:\/\/www.rfi.fr\/fr\/tag\/danemark\/\" rel=\"noopener\"><strong>Danemark<\/strong><\/a> int\u00e9resse tant, c&rsquo;est aussi parce que la <strong><a target=\"_self\" href=\"https:\/\/www.rfi.fr\/fr\/tag\/changement-climatique\/\" rel=\"noopener\">fonte des glaciers<\/a><\/strong>, qui a doubl\u00e9 ces 20 derni\u00e8res ann\u00e9es, pourrait d\u00e9gager de nouvelles routes commerciales. Le r\u00e9chauffement climatique est aussi soudain que violent et contraint la population \u00e0 une adaptation climatique tambour battant. C\u2019est le reportage sur place d\u2019<strong><a target=\"_self\" href=\"https:\/\/www.rfi.fr\/fr\/auteur\/ottilia-ferey\/\" rel=\"noopener\">Ottilia Ferey<\/a>.<\/strong><\/p>\n<p>\u00a0<\/p>\n<p><strong>Aux Canaries, le dessalement pour fournir de l\u2019eau potable<\/strong><\/p>\n<p>2024, ann\u00e9e la plus chaude jamais enregistr\u00e9e. Et partout en Europe, le stress <a target=\"_self\" href=\"https:\/\/www.rfi.fr\/fr\/tag\/eau\/\" rel=\"noopener\"><strong>hydrique<\/strong><\/a> impacte d\u00e9sormais 30% de la population. Aux Canaries, l\u2019archipel <a target=\"_self\" href=\"https:\/\/www.rfi.fr\/fr\/tag\/espagne\/\" rel=\"noopener\"><strong>espagnol<\/strong><\/a> situ\u00e9 au large du <a target=\"_self\" href=\"https:\/\/www.rfi.fr\/fr\/tag\/allemagne\/\" rel=\"noopener\"><strong>Maroc<\/strong><\/a>, on a pari\u00e9 sur 250 usines de dessalement pour faire face aux besoins en eau potable. La technique pointue, est co\u00fbteuse, elle n\u2019est pas non plus neutre pour l\u2019<a target=\"_self\" href=\"https:\/\/www.rfi.fr\/fr\/tag\/environnement\/\" rel=\"noopener\"><strong>environnement<\/strong><\/a>. <strong>Reportage \u00e0 Gran Canaria de notre correspondant Nicolas Kirilowits.\u00a0\u00a0<\/strong><\/p>\n<p>\u00a0<\/p>\n<p><strong>Sur les traces d&rsquo;Edna O&rsquo;Brien en Irlande<\/strong><\/p>\n<p>Si les <a target=\"_self\" href=\"https:\/\/www.rfi.fr\/fr\/tag\/irlande\/\" rel=\"noopener\"><strong>Irlandais<\/strong><\/a> ne devaient citer qu\u2019une <a target=\"_self\" href=\"https:\/\/www.rfi.fr\/fr\/tag\/litt\u00e9rature\/\" rel=\"noopener\"><strong>\u00e9crivaine<\/strong><\/a> contemporaine, ce serait elle : Edna O&rsquo;Brien. Un monument de la litt\u00e9rature. Elle est d\u00e9c\u00e9d\u00e9e l\u2019ann\u00e9e derni\u00e8re (2024). C\u2019est aussi une figure de la contestation d\u2019une Irlande du XX\u00e8me si\u00e8cle fig\u00e9e dans le conservatisme et le catholicisme. Un documentaire intitul\u00e9 \u00abBlue Road, the Edna O\u2019Brien Story\u00bb lui a rendu hommage cette ann\u00e9e&#8230; et il dresse en creux un portrait de l\u2019Irlande d\u2019hier, <a target=\"_self\" href=\"https:\/\/www.rfi.fr\/fr\/auteur\/cl\u00e9mence-p\u00e9nard\/\" rel=\"noopener\"><strong>Cl\u00e9mence P\u00e9nard<\/strong><\/a><strong>.<\/strong><\/p>\n<p><strong>Ceci est une r\u00e9\u00e9dition des meilleurs moments d\u2019Accents d\u2019Europe<\/strong><\/p>\n","protected":false},"excerpt":{"rendered":"C\u2019est sans doute\u00a0dans cette partie de l\u2019Union europ\u00e9enne que la menace russe est v\u00e9cue avec le plus de&hellip;\n","protected":false},"author":2,"featured_media":333243,"comment_status":"","ping_status":"","sticky":false,"template":"","format":"standard","meta":{"footnotes":""},"categories":[1586],"tags":[2361,11,554,1909,1777,674,1779,1011,27,12,25,132,1778,220,364],"class_list":{"0":"post-333242","1":"post","2":"type-post","3":"status-publish","4":"format-standard","5":"has-post-thumbnail","7":"category-europe","8":"tag-accents-deurope","9":"tag-actualites","10":"tag-defense","11":"tag-estonie","12":"tag-eu","13":"tag-europe","14":"tag-european-union","15":"tag-fr","16":"tag-france","17":"tag-news","18":"tag-republique-francaise","19":"tag-russie","20":"tag-ue","21":"tag-ukraine","22":"tag-union-europeenne"},"share_on_mastodon":{"url":"https:\/\/pubeurope.com\/@fr\/115065193975276828","error":""},"_links":{"self":[{"href":"https:\/\/www.europesays.com\/fr\/wp-json\/wp\/v2\/posts\/333242","targetHints":{"allow":["GET"]}}],"collection":[{"href":"https:\/\/www.europesays.com\/fr\/wp-json\/wp\/v2\/posts"}],"about":[{"href":"https:\/\/www.europesays.com\/fr\/wp-json\/wp\/v2\/types\/post"}],"author":[{"embeddable":true,"href":"https:\/\/www.europesays.com\/fr\/wp-json\/wp\/v2\/users\/2"}],"replies":[{"embeddable":true,"href":"https:\/\/www.europesays.com\/fr\/wp-json\/wp\/v2\/comments?post=333242"}],"version-history":[{"count":0,"href":"https:\/\/www.europesays.com\/fr\/wp-json\/wp\/v2\/posts\/333242\/revisions"}],"wp:featuredmedia":[{"embeddable":true,"href":"https:\/\/www.europesays.com\/fr\/wp-json\/wp\/v2\/media\/333243"}],"wp:attachment":[{"href":"https:\/\/www.europesays.com\/fr\/wp-json\/wp\/v2\/media?parent=333242"}],"wp:term":[{"taxonomy":"category","embeddable":true,"href":"https:\/\/www.europesays.com\/fr\/wp-json\/wp\/v2\/categories?post=333242"},{"taxonomy":"post_tag","embeddable":true,"href":"https:\/\/www.europesays.com\/fr\/wp-json\/wp\/v2\/tags?post=333242"}],"curies":[{"name":"wp","href":"https:\/\/api.w.org\/{rel}","templated":true}]}}