{"id":333246,"date":"2025-08-21T05:52:15","date_gmt":"2025-08-21T05:52:15","guid":{"rendered":"https:\/\/www.europesays.com\/fr\/333246\/"},"modified":"2025-08-21T05:52:15","modified_gmt":"2025-08-21T05:52:15","slug":"a-gauche-une-rentree-aux-airs-de-veillee-darmes-avant-2027","status":"publish","type":"post","link":"https:\/\/www.europesays.com\/fr\/333246\/","title":{"rendered":"\u00c0 gauche, une rentr\u00e9e aux airs de veill\u00e9e d\u2019armes avant 2027"},"content":{"rendered":"<p><strong>D\u00c9CRYPTAGE &#8211; <\/strong>Alors que M\u00e9lenchon est d\u00e9j\u00e0 en pr\u00e9campagne, le reste de la gauche va essayer de s\u2019entendre pour proposer une alternative \u00e0 LFI.<\/p>\n<p class=\"fig-paragraph\">Pour la sixi\u00e8me ann\u00e9e cons\u00e9cutive, les Insoumis feront du lac de Ch\u00e2teauneuf-sur-Is\u00e8re (Dr\u00f4me) leur jardin ce week-end pour leurs traditionnels \u00ab\u00a0AmFis\u00a0\u00bb de rentr\u00e9e. Si ce rendez-vous a souvent \u00e9t\u00e9 l\u2019occasion de recevoir des \u00e9missaires d\u2019autres partis de gauche dans une sorte de parenth\u00e8se aux allures de cessez-le-feu, l\u2019atmosph\u00e8re devrait \u00eatre un peu plus fra\u00eeche en cette fin d\u2019\u00e9t\u00e9. Les m\u00e9lenchonistes ont pr\u00e9vu de rester entre eux, n\u2019invitant aucun autre responsable politique de gauche, si ce n\u2019est le coordinateur national de G\u00e9n\u00e9ration.s, Benjamin Lucas, et la d\u00e9put\u00e9e \u00e9cologiste de Paris,\u00a0<a href=\"http:\/\/www.lefigaro.fr\/politique\/mouvement-du-10-septembre-sandrine-rousseau-veut-entendre-le-peuple-qui-se-leve-20250819\" data-fig-type=\"Article\" data-gtm-custom-categorie=\"navigation\" data-gtm-custom-action=\"crossclick\" data-gtm-custom-label=\"Contextuel\" data-gtm-event=\"customEventSPE\" data-fig-domain=\"LEFIGARO\" target=\"_blank\" rel=\"noopener\">Sandrine Rousseau<\/a>. Deux personnages qui ne sont pas des plus hostiles \u00e0 LFI. Autrement, les Insoumis resteront en vase clos, loin du reste de la gauche.<\/p>\n<p class=\"fig-paragraph\">Jean-Luc M\u00e9lenchon\u00a0et les siens assument, et revendiquent m\u00eame, cette strat\u00e9gie du repli. Tels les d\u00e9fenseurs d\u2019une citadelle assi\u00e9g\u00e9e, ils sont convaincus qu\u2019ils seront cibl\u00e9s de toute part, \u00e0 commencer par leurs anciens alli\u00e9s de gauche, pendant\u2026<\/p>\n<p class=\"fig-premium-paywall__infos\">\n        Cet article est r\u00e9serv\u00e9 aux abonn\u00e9s.        Il vous reste 86% \u00e0 d\u00e9couvrir.\n    <\/p>\n<p>                <img  data- alt=\"Le Figaro\" class=\"fig-img--complete fig-img\"\/><\/p>\n<p class=\"fig-premium-paywall__title\">Vente Flash<\/p>\n<p class=\"fig-premium-paywall__subtitle\">4,99\u20ac par mois pendant 12 mois. Sans engagement<\/p>\n<p class=\"fig-premium-paywall__connect\">\n                D\u00e9j\u00e0 abonn\u00e9\u00a0?                <a class=\"fig-premium-paywall__connect-link\" href=\"https:\/\/connect.lefigaro.fr\/login?client=horizon_web&amp;type=main&amp;redirect_uri=https%3A%2F%2Fwww.lefigaro.fr%2Fpolitique%2Fa-gauche-une-rentree-aux-airs-de-veillee-d-armes-avant-2027-20250820\" data-js-gtm=\"{&quot;customCategorie&quot;: &quot;conversion&quot;, &quot;customAction&quot;: &quot;before_Landing_Connexion_paywall_auto&quot;, &quot;customLabel&quot;: &quot;bGVmaWdhcm8uZnJfXzFmMDdjZjg1LWMzODQtNmNjNi1hY2VkLWE3YTI0MzdhZjcyZV9fQXJ0aWNsZQ==_\u00c0 gauche, une rentr\u00e9e aux airs de veill\u00e9e d\u2019armes avant 2027_245&quot;, &quot;customIDSPE&quot;: &quot;bGVmaWdhcm8uZnJfXzFmMDdjZjg1LWMzODQtNmNjNi1hY2VkLWE3YTI0MzdhZjcyZV9fQXJ0aWNsZQ==&quot;, &quot;event&quot;: &quot;customEventSPE&quot;}\" target=\"_blank\" rel=\"noopener\"><br \/>\n                    Connectez-vous<br \/>\n                <\/a>\n            <\/p>\n","protected":false},"excerpt":{"rendered":"D\u00c9CRYPTAGE &#8211; Alors que M\u00e9lenchon est d\u00e9j\u00e0 en pr\u00e9campagne, le reste de la gauche va essayer de s\u2019entendre&hellip;\n","protected":false},"author":2,"featured_media":333247,"comment_status":"","ping_status":"","sticky":false,"template":"","format":"standard","meta":{"footnotes":""},"categories":[2],"tags":[11,1011,27,3081,2338,12,3541,25],"class_list":{"0":"post-333246","1":"post","2":"type-post","3":"status-publish","4":"format-standard","5":"has-post-thumbnail","7":"category-actualites","8":"tag-actualites","9":"tag-fr","10":"tag-france","11":"tag-jean-luc-melenchon","12":"tag-la-france-insoumise","13":"tag-news","14":"tag-parti-socialiste","15":"tag-republique-francaise"},"share_on_mastodon":{"url":"https:\/\/pubeurope.com\/@fr\/115065201843426027","error":""},"_links":{"self":[{"href":"https:\/\/www.europesays.com\/fr\/wp-json\/wp\/v2\/posts\/333246","targetHints":{"allow":["GET"]}}],"collection":[{"href":"https:\/\/www.europesays.com\/fr\/wp-json\/wp\/v2\/posts"}],"about":[{"href":"https:\/\/www.europesays.com\/fr\/wp-json\/wp\/v2\/types\/post"}],"author":[{"embeddable":true,"href":"https:\/\/www.europesays.com\/fr\/wp-json\/wp\/v2\/users\/2"}],"replies":[{"embeddable":true,"href":"https:\/\/www.europesays.com\/fr\/wp-json\/wp\/v2\/comments?post=333246"}],"version-history":[{"count":0,"href":"https:\/\/www.europesays.com\/fr\/wp-json\/wp\/v2\/posts\/333246\/revisions"}],"wp:featuredmedia":[{"embeddable":true,"href":"https:\/\/www.europesays.com\/fr\/wp-json\/wp\/v2\/media\/333247"}],"wp:attachment":[{"href":"https:\/\/www.europesays.com\/fr\/wp-json\/wp\/v2\/media?parent=333246"}],"wp:term":[{"taxonomy":"category","embeddable":true,"href":"https:\/\/www.europesays.com\/fr\/wp-json\/wp\/v2\/categories?post=333246"},{"taxonomy":"post_tag","embeddable":true,"href":"https:\/\/www.europesays.com\/fr\/wp-json\/wp\/v2\/tags?post=333246"}],"curies":[{"name":"wp","href":"https:\/\/api.w.org\/{rel}","templated":true}]}}