{"id":333248,"date":"2025-08-21T05:53:12","date_gmt":"2025-08-21T05:53:12","guid":{"rendered":"https:\/\/www.europesays.com\/fr\/333248\/"},"modified":"2025-08-21T05:53:12","modified_gmt":"2025-08-21T05:53:12","slug":"martigues-au-rythme-des-championnats-de-france-de-voile","status":"publish","type":"post","link":"https:\/\/www.europesays.com\/fr\/333248\/","title":{"rendered":"Martigues au rythme des championnats de France de voile"},"content":{"rendered":"\n<p>Ilca 4, 29er, Nacra 15, 420. Des noms barbares pour le commun des mortels, mais bien connus des amateurs de voile. Ces cat\u00e9gories, et d\u2019autres encore, seront pr\u00e9sentes aux championnats de France jeunes, \u00e0 Martigues. L\u2019\u00e9v\u00e9nement s\u2019\u00e9tend du 21 au 30\u00a0ao\u00fbt, il est organis\u00e9 par la F\u00e9d\u00e9ration fran\u00e7aise de voile et le Cercle de Voile de Martigues. Le d\u00e9but officiel des courses doit se faire ce vendredi\u00a022, si la m\u00e9t\u00e9o le permet. 700 jeunes r\u00e9gatiers \u00e2g\u00e9s de 14 \u00e0 25 ans ont \u00e9t\u00e9 invit\u00e9s et participeront aux neuf s\u00e9ries au programme de la comp\u00e9tition. D\u00e8s ce jeudi, les inscriptions officielles se tiendront et le d\u00e9fil\u00e9 des r\u00e9gions aura lieu \u00e0 partir de 18\u00a0heures, au club mart\u00e9gal.<\/p>\n<p>Chaque journ\u00e9e, trois courses sont pr\u00e9vues avec un classement \u00e0 points pour d\u00e9signer les champions et championnes de France 2025. Les pr\u00e9visions m\u00e9t\u00e9o dans la Venise proven\u00e7ale semblent bonnes et il se pourrait donc que le programme ne soit pas sp\u00e9cialement chamboul\u00e9 jusqu\u2019\u00e0 la fin du mois.<\/p>\n<p> Une comp\u00e9tition \u00e0 port\u00e9e environnementale\n              <\/p>\n<p>Un dispositif durable a \u00e9t\u00e9 mis en place durant la comp\u00e9tition avec des actions environnementales et une sensibilisation \u00e0 l\u2019\u00e9cologie marine. Le dimanche 24\u00a0ao\u00fbt, une collecte de fonds, dans le cadre du prochain World Clean Up, aura lieu. Pour chaque navigateur passant la ligne d\u2019arriv\u00e9e, un euro sera revers\u00e9. Rappelons que ces championnats de France espoirs se tiendront sur l\u2019\u00e9tang de Berre, lieu embl\u00e9matique de Martigues.<\/p>\n","protected":false},"excerpt":{"rendered":"Ilca 4, 29er, Nacra 15, 420. Des noms barbares pour le commun des mortels, mais bien connus des&hellip;\n","protected":false},"author":2,"featured_media":333249,"comment_status":"","ping_status":"","sticky":false,"template":"","format":"standard","meta":{"footnotes":""},"categories":[4],"tags":[11,1011,27,12,45406,25],"class_list":{"0":"post-333248","1":"post","2":"type-post","3":"status-publish","4":"format-standard","5":"has-post-thumbnail","7":"category-france","8":"tag-actualites","9":"tag-fr","10":"tag-france","11":"tag-news","12":"tag-pierre-gorce","13":"tag-republique-francaise"},"share_on_mastodon":{"url":"https:\/\/pubeurope.com\/@fr\/115065205822299855","error":""},"_links":{"self":[{"href":"https:\/\/www.europesays.com\/fr\/wp-json\/wp\/v2\/posts\/333248","targetHints":{"allow":["GET"]}}],"collection":[{"href":"https:\/\/www.europesays.com\/fr\/wp-json\/wp\/v2\/posts"}],"about":[{"href":"https:\/\/www.europesays.com\/fr\/wp-json\/wp\/v2\/types\/post"}],"author":[{"embeddable":true,"href":"https:\/\/www.europesays.com\/fr\/wp-json\/wp\/v2\/users\/2"}],"replies":[{"embeddable":true,"href":"https:\/\/www.europesays.com\/fr\/wp-json\/wp\/v2\/comments?post=333248"}],"version-history":[{"count":0,"href":"https:\/\/www.europesays.com\/fr\/wp-json\/wp\/v2\/posts\/333248\/revisions"}],"wp:featuredmedia":[{"embeddable":true,"href":"https:\/\/www.europesays.com\/fr\/wp-json\/wp\/v2\/media\/333249"}],"wp:attachment":[{"href":"https:\/\/www.europesays.com\/fr\/wp-json\/wp\/v2\/media?parent=333248"}],"wp:term":[{"taxonomy":"category","embeddable":true,"href":"https:\/\/www.europesays.com\/fr\/wp-json\/wp\/v2\/categories?post=333248"},{"taxonomy":"post_tag","embeddable":true,"href":"https:\/\/www.europesays.com\/fr\/wp-json\/wp\/v2\/tags?post=333248"}],"curies":[{"name":"wp","href":"https:\/\/api.w.org\/{rel}","templated":true}]}}