{"id":33325,"date":"2025-04-18T05:46:10","date_gmt":"2025-04-18T05:46:10","guid":{"rendered":"https:\/\/www.europesays.com\/fr\/33325\/"},"modified":"2025-04-18T05:46:10","modified_gmt":"2025-04-18T05:46:10","slug":"transport-en-commun-en-site-propre-dans-la-metropole-toulonnaise-lenquete-publique-debutera-le-26-mai","status":"publish","type":"post","link":"https:\/\/www.europesays.com\/fr\/33325\/","title":{"rendered":"Transport en commun en site propre dans la m\u00e9tropole toulonnaise: l\u2019enqu\u00eate publique d\u00e9butera le 26 mai"},"content":{"rendered":"<p>Le pr\u00e9fet du Var a annonc\u00e9, dans un communiqu\u00e9, ce jeudi l\u2019ouverture de l\u2019enqu\u00eate publique concernant le projet de bus \u00e0 haut niveau de service (BHNS), port\u00e9 par la m\u00e9tropole Toulon Provence M\u00e9diterran\u00e9e (MTPM). Elle se tiendra du 26 mai au 25 juin prochain. C\u2019est une \u00e9tape pr\u00e9alable \u00e0 la d\u00e9livrance par le pr\u00e9fet de la d\u00e9claration d\u2019utilit\u00e9 publique du projet.<\/p>\n<p>Le trac\u00e9 du BHNS s\u2019\u00e9tend sur 28km et comprend 58 stations, desservant les communes de La Seyne-sur-Mer, Ollioules, Toulon, La Valette-du-Var et La Garde. La premi\u00e8re ligne pr\u00e9vue entre Ollioules, Toulon et La Garde, maintes fois repouss\u00e9e, est d\u00e9sormais annonc\u00e9e pour 2028.<\/p>\n<p>Dans le d\u00e9tail, la pr\u00e9fecture explique que l\u2019enqu\u00eate publique sera conduite par une commission compos\u00e9e de trois commissaires-enqu\u00eateurs. Le dossier sera consultable pendant toute la dur\u00e9e de l\u2019enqu\u00eate: sur le registre d\u00e9mat\u00e9rialis\u00e9: <a href=\"https:\/\/www.registre-dematerialise.fr\/6182\/\" target=\"_blank\" rel=\"noopener nofollow\">https:\/\/www.registre-dematerialise.fr\/6182<\/a> sur support papier \u00e0 la M\u00e9tropole Toulon Provence M\u00e9diterran\u00e9e et \u00e0 la Maison de la mobilit\u00e9, en mairies d\u2019Ollioules, La Seyne-sur-Mer, Toulon, La Valette-du-Var et la Garde, sur un poste informatique \u00e0 la M\u00e9tropole Toulon Provence M\u00e9diterran\u00e9e et \u00e0 la Maison de la Mobilit\u00e9, en mairies d\u2019Ollioules, la Seyne-sur-Mer, Toulon, la Valette-du-Var et la Garde. Les observations et propositions du public sur le projet pourront \u00eatre formul\u00e9es et des renseignements demand\u00e9s tout au long de l\u2019enqu\u00eate.<\/p>\n<p>\u00c0 l\u2019issue de cette phase, le pr\u00e9fet statuera sur l\u2019utilit\u00e9 publique de l\u2019op\u00e9ration, permettant ainsi le d\u00e9marrage de la premi\u00e8re phase des travaux, pr\u00e9vu avant le 31 d\u00e9cembre 2025. La pr\u00e9fecture explique que \u00ab\u00a0ce d\u00e9lai est imp\u00e9ratif afin de ne pas perdre la subvention importante allou\u00e9e en 2021 par l\u2019\u00c9tat \u00e0 ce projet structurant\u00a0\u00bb (&#8230;) .La subvention de l\u2019\u00c9tat, d\u2019un montant de 40 millions d\u2019euros, attribu\u00e9e pour le projet dans son ensemble, sera vers\u00e9e en fonction de l\u2019\u00e9tat d\u2019avancement des diff\u00e9rentes phases du trac\u00e9 (5 au total), dans le but voir aboutir l\u2019op\u00e9ration dans sa totalit\u00e9 afin de promouvoir une offre de service performante et coh\u00e9rente \u00e0 l\u2019\u00e9chelle du territoire.<\/p>\n","protected":false},"excerpt":{"rendered":"Le pr\u00e9fet du Var a annonc\u00e9, dans un communiqu\u00e9, ce jeudi l\u2019ouverture de l\u2019enqu\u00eate publique concernant le projet&hellip;\n","protected":false},"author":2,"featured_media":33326,"comment_status":"","ping_status":"","sticky":false,"template":"","format":"standard","meta":{"footnotes":""},"categories":[9619],"tags":[1111,11,1777,674,1011,27,12,882,25,2310,800,3366],"class_list":{"0":"post-33325","1":"post","2":"type-post","3":"status-publish","4":"format-standard","5":"has-post-thumbnail","7":"category-toulon","8":"tag-actu","9":"tag-actualites","10":"tag-eu","11":"tag-europe","12":"tag-fr","13":"tag-france","14":"tag-news","15":"tag-provence-alpes-cote-dazur","16":"tag-republique-francaise","17":"tag-toulon","18":"tag-transports","19":"tag-vie-locale"},"share_on_mastodon":{"url":"https:\/\/pubeurope.com\/@fr\/114357389463481749","error":""},"_links":{"self":[{"href":"https:\/\/www.europesays.com\/fr\/wp-json\/wp\/v2\/posts\/33325","targetHints":{"allow":["GET"]}}],"collection":[{"href":"https:\/\/www.europesays.com\/fr\/wp-json\/wp\/v2\/posts"}],"about":[{"href":"https:\/\/www.europesays.com\/fr\/wp-json\/wp\/v2\/types\/post"}],"author":[{"embeddable":true,"href":"https:\/\/www.europesays.com\/fr\/wp-json\/wp\/v2\/users\/2"}],"replies":[{"embeddable":true,"href":"https:\/\/www.europesays.com\/fr\/wp-json\/wp\/v2\/comments?post=33325"}],"version-history":[{"count":0,"href":"https:\/\/www.europesays.com\/fr\/wp-json\/wp\/v2\/posts\/33325\/revisions"}],"wp:featuredmedia":[{"embeddable":true,"href":"https:\/\/www.europesays.com\/fr\/wp-json\/wp\/v2\/media\/33326"}],"wp:attachment":[{"href":"https:\/\/www.europesays.com\/fr\/wp-json\/wp\/v2\/media?parent=33325"}],"wp:term":[{"taxonomy":"category","embeddable":true,"href":"https:\/\/www.europesays.com\/fr\/wp-json\/wp\/v2\/categories?post=33325"},{"taxonomy":"post_tag","embeddable":true,"href":"https:\/\/www.europesays.com\/fr\/wp-json\/wp\/v2\/tags?post=33325"}],"curies":[{"name":"wp","href":"https:\/\/api.w.org\/{rel}","templated":true}]}}