{"id":333258,"date":"2025-08-21T06:00:17","date_gmt":"2025-08-21T06:00:17","guid":{"rendered":"https:\/\/www.europesays.com\/fr\/333258\/"},"modified":"2025-08-21T06:00:17","modified_gmt":"2025-08-21T06:00:17","slug":"le-duo-errani-vavassori-gagne-le-double-mixte-au-format-revisite","status":"publish","type":"post","link":"https:\/\/www.europesays.com\/fr\/333258\/","title":{"rendered":"le duo Errani-Vavassori gagne le double mixte au format revisit\u00e9"},"content":{"rendered":"<p>La paire italienne a remport\u00e9 le titre face au duo compos\u00e9 par Iga Swiatek et Casper Ruud (6-3, 5-7, 10\/6).<\/p>\n<p class=\"fig-paragraph\">Nouveau format, m\u00eames vainqueurs: les tenants du titre Sara Errani et Andrea Vavassori ont remport\u00e9 mercredi soir le tournoi de double mixte de l&rsquo;US Open, dont le format revisit\u00e9 privil\u00e9giait cette ann\u00e9e les stars du simple.<\/p>\n<p class=\"fig-paragraph\">La paire italienne s&rsquo;est impos\u00e9e 6-3, 5-7, 10\/6 contre le duo compos\u00e9 de la sextuple laur\u00e9ate en Grand Chelem Iga Swiatek et du Norv\u00e9gien Casper Ruud, finaliste en simple \u00e0 New York en 2022.<\/p>\n<p>                                    <a class=\"fig-a11y-skip a11y-hidden\" href=\"#fig-a11y-skip-main-inarticle\"><br \/>\n        Passer la publicit\u00e9<br \/>\n    <\/a><\/p>\n<p class=\"fig-paragraph\">Traditionnellement organis\u00e9 en parall\u00e8le des tournois de simple f\u00e9minin et masculin, le double mixte de l&rsquo;US Open a \u00e9t\u00e9 avanc\u00e9 cette ann\u00e9e \u00e0 la semaine des qualifications et raccourci \u00e0 deux jours de comp\u00e9tition.<\/p>\n<p class=\"fig-paragraph\">Autre \u00e9volution, les seize \u00e9quipes participantes faisaient la part belle aux stars du simple, comme le Serbe Novak Djokovic ou l&rsquo;Espagnol Carlos Alcaraz, \u00e9limin\u00e9s mardi au premier tour.<\/p>\n<p class=\"fig-paragraph\">De quoi attirer un public plus large au double mixte, esp\u00e8rent les organisateurs, dont le choix de faire \u00e9voluer le format a priv\u00e9 certains sp\u00e9cialistes de la discipline d&rsquo;une participation \u00e0 l&rsquo;US Open.<\/p>\n<p class=\"fig-paragraph\">\u00abCette victoire est pour tout les joueurs de double qui n&rsquo;ont pas pu disputer ce tournoi\u00bb, a revendiqu\u00e9 Sara Errani apr\u00e8s avoir battu la paire Swiatek\/Ruud.<\/p>\n<p class=\"fig-paragraph\">\u00abBravo\u00bb, a d\u00e9clar\u00e9 Swiatek lors de la c\u00e9r\u00e9monie de remise des troph\u00e9es. Avec Andrea Vavassori, \u00abj&rsquo;imagine que vous avez prouv\u00e9 que les sp\u00e9cialistes du double mixte sont plus intelligents tactiquement que les joueurs de simple\u00bb, a plaisant\u00e9 la Polonaise.<\/p>\n<p>                                    <a class=\"fig-a11y-skip a11y-hidden\" href=\"#fig-a11y-skip-main-inarticle_mtf\"><br \/>\n        Passer la publicit\u00e9<br \/>\n    <\/a><\/p>\n<p class=\"fig-paragraph\">\u00abMais on s&rsquo;est battus jusqu&rsquo;\u00e0 la fin, on a essay\u00e9 d&rsquo;installer un duel\u00bb, a-t-elle continu\u00e9.<\/p>\n<p>\u00abBonne petite pause\u00bb<\/p>\n<p class=\"fig-paragraph\">\u00abComme pour tout, il y a des points positifs et n\u00e9gatifs \u00e0 l&rsquo;\u00e9volution\u00bb du format, avait estim\u00e9 mardi Vavassori.<\/p>\n<p class=\"fig-paragraph\">\u00abLa meilleure chose que nous puissions retirer de ces deux jours, c&rsquo;est que plus de gens ont d\u00e9couvert le double mixte\u00bb, s&rsquo;est-il satisfait.<\/p>\n<p class=\"fig-paragraph\">Sans surprise, la plupart des sp\u00e9cialistes du simple invit\u00e9s \u00e0 disputer le double mixte ont affirm\u00e9 appr\u00e9cier l&rsquo;exp\u00e9rience.<\/p>\n<p class=\"fig-paragraph\">\u00abSi je ne disputais pas le double mixte, je serais en train de m&rsquo;entra\u00eener\u00bb en vue du simple messieurs qui commencera dimanche, a soulign\u00e9 le N.5 mondial Jack Draper.<\/p>\n<p>                                    <a class=\"fig-a11y-skip a11y-hidden\" href=\"#fig-a11y-skip-main-inarticle_btf\"><br \/>\n        Passer la publicit\u00e9<br \/>\n    <\/a><\/p>\n<p class=\"fig-paragraph\">\u00abJe pr\u00e9f\u00e8re jouer sur un grand court devant un public\u00bb, comme le nouveau format du double mixte le permet, a poursuivi le Britannique. \u00abCe serait chouette si tous les Grand Chelem\u00bb adoptaient ce nouveau format, a-t-il conclu.<\/p>\n<p class=\"fig-paragraph\">Pour Ruud, \u00abdans l&rsquo;ensemble, le tennis n&rsquo;a pas fait beaucoup \u00e9voluer ses r\u00e8gles depuis de nombreuses ann\u00e9es. Donc pourquoi ne pas essayer quelque chose de nouveau\u00a0?\u00bb<\/p>\n<p class=\"fig-paragraph\">Sans le tournoi de double mixte, le Norv\u00e9gien aurait encha\u00een\u00e9 \u00abneuf jours d&rsquo;entra\u00eenement avant de commencer le tournoi\u00bb.<\/p>\n<p class=\"fig-paragraph\">En le disputant, Ruud s&rsquo;est offert \u00abune bonne petite pause de deux jours\u00bb, avant de \u00abretourner au travail\u00bb jeudi en vue du simple messieurs.<\/p>\n","protected":false},"excerpt":{"rendered":"La paire italienne a remport\u00e9 le titre face au duo compos\u00e9 par Iga Swiatek et Casper Ruud (6-3,&hellip;\n","protected":false},"author":2,"featured_media":333259,"comment_status":"","ping_status":"","sticky":false,"template":"","format":"standard","meta":{"footnotes":""},"categories":[1412],"tags":[1451,1452,1453,1454,1455,1011,27,2200,60],"class_list":{"0":"post-333258","1":"post","2":"type-post","3":"status-publish","4":"format-standard","5":"has-post-thumbnail","7":"category-f1","8":"tag-f1","9":"tag-formula-1","10":"tag-formula1","11":"tag-formule-1","12":"tag-formule1","13":"tag-fr","14":"tag-france","15":"tag-iga-swiatek","16":"tag-sports"},"share_on_mastodon":{"url":"https:\/\/pubeurope.com\/@fr\/115065233449519081","error":""},"_links":{"self":[{"href":"https:\/\/www.europesays.com\/fr\/wp-json\/wp\/v2\/posts\/333258","targetHints":{"allow":["GET"]}}],"collection":[{"href":"https:\/\/www.europesays.com\/fr\/wp-json\/wp\/v2\/posts"}],"about":[{"href":"https:\/\/www.europesays.com\/fr\/wp-json\/wp\/v2\/types\/post"}],"author":[{"embeddable":true,"href":"https:\/\/www.europesays.com\/fr\/wp-json\/wp\/v2\/users\/2"}],"replies":[{"embeddable":true,"href":"https:\/\/www.europesays.com\/fr\/wp-json\/wp\/v2\/comments?post=333258"}],"version-history":[{"count":0,"href":"https:\/\/www.europesays.com\/fr\/wp-json\/wp\/v2\/posts\/333258\/revisions"}],"wp:featuredmedia":[{"embeddable":true,"href":"https:\/\/www.europesays.com\/fr\/wp-json\/wp\/v2\/media\/333259"}],"wp:attachment":[{"href":"https:\/\/www.europesays.com\/fr\/wp-json\/wp\/v2\/media?parent=333258"}],"wp:term":[{"taxonomy":"category","embeddable":true,"href":"https:\/\/www.europesays.com\/fr\/wp-json\/wp\/v2\/categories?post=333258"},{"taxonomy":"post_tag","embeddable":true,"href":"https:\/\/www.europesays.com\/fr\/wp-json\/wp\/v2\/tags?post=333258"}],"curies":[{"name":"wp","href":"https:\/\/api.w.org\/{rel}","templated":true}]}}