{"id":333260,"date":"2025-08-21T06:01:26","date_gmt":"2025-08-21T06:01:26","guid":{"rendered":"https:\/\/www.europesays.com\/fr\/333260\/"},"modified":"2025-08-21T06:01:26","modified_gmt":"2025-08-21T06:01:26","slug":"qui-representera-lentreprise-wiconnect-dalencon-sur-les-24-h-du-mans-velo-2025","status":"publish","type":"post","link":"https:\/\/www.europesays.com\/fr\/333260\/","title":{"rendered":"Qui repr\u00e9sentera l\u2019entreprise Wiconnect d\u2019Alen\u00e7on sur les 24 h du Mans V\u00e9lo 2025\u00a0?"},"content":{"rendered":"<p>            Par<br \/>\n        <strong><br \/>\n            <a href=\"https:\/\/actu.fr\/auteur\/journaliste-oh\" title=\"Consulter tous les articles de R\u00e9daction Alen\u00e7on\" rel=\"nofollow noopener\" target=\"_blank\">R\u00e9daction Alen\u00e7on<\/a><br \/>\n        <\/strong><\/p>\n<p>        Publi\u00e9 le<\/p>\n<p>            20 ao\u00fbt 2025 \u00e0 18h00        <\/p>\n<p data-end=\"644\">Apr\u00e8s avoir particip\u00e9 aux <b>24\u2009h du\u00a0Mans V\u00e9lo <\/b>en 2024, l\u2019entreprise <b>Wiconnect d\u2019Alen\u00e7on<\/b> (<a href=\"https:\/\/actu.fr\/orne-hebdo\/\" rel=\"nofollow noopener\" target=\"_blank\">Orne<\/a>) remet le couvert en 2025. Cette ann\u00e9e, la course se d\u00e9roulera du samedi 23 au dimanche 24 ao\u00fbt.<\/p>\n<p data-end=\"644\" class=\" wall-content\">Apr\u00e8s une \u00e9dition 2024 marqu\u00e9e par une victoire en duo, l\u2019entreprise alignera deux \u00e9quipes\u2009: l\u2019une compos\u00e9e de <b>six hommes<\/b>, l\u2019autre de <b>six femmes<\/b>. Pr\u00e9sentation.<\/p>\n<p>L\u2019\u00e9quipe masculine<\/p>\n<p class=\"ac-article-content__question wall-content\">Thibault Pelleray, 42\u00a0ans<\/p>\n<p>    <img   decoding=\"async\" loading=\"lazy\" class=\"size-large\" src=\"https:\/\/www.europesays.com\/fr\/wp-content\/uploads\/2025\/08\/a3015025e5a8687015025e5a85b015v-960x640.jpg\" alt=\"Thibault Pelleray\" width=\"960\" height=\"640\"\/><br \/>\n    Thibault Pelleray \u00a9Wiconnect<\/p>\n<p data-end=\"2787\" class=\" wall-content\"><b>Nombre de participations<\/b>\u2009: \u00ab\u2009Trois participations au compteur, j\u2019ai sign\u00e9 pour une quatri\u00e8me fois\u2009!\u2009\u00bb<br data-end=\"1300\"\/><b>Votre pr\u00e9paration\u2009?<\/b>\u2009: \u00ab\u2009Apr\u00e8s une chute d\u00e9but juillet, je n\u2019ai quasiment pas roul\u00e9 de l\u2019\u00e9t\u00e9.\u2009\u00bb<br data-end=\"1439\"\/><b>Vos attentes\u2009?<\/b>\u2009: \u00ab\u2009L\u2019ambition est double\u2009: continuer \u00e0 se d\u00e9passer sur le plan sportif tout en renfor\u00e7ant l\u2019esprit d\u2019\u00e9quipe qui nous anime depuis le d\u00e9but.<\/p>\n<p data-end=\"2787\" class=\" wall-content\">Les ann\u00e9es pr\u00e9c\u00e9dentes nous ont appris \u00e0 <b>g\u00e9rer l\u2019effort<\/b>, \u00e0 optimiser nos relais et \u00e0 profiter de chaque moment, que ce soit sur le v\u00e9lo ou dans les stands. Cette ann\u00e9e, on veut mettre cette exp\u00e9rience au service d\u2019un nouveau d\u00e9fi\u2009: rouler avec r\u00e9gularit\u00e9, viser un classement encore meilleur, et surtout partager cette aventure avec le public et les autres participants.<\/p>\n<p data-end=\"2787\" class=\" wall-content\">Les 24\u2009h V\u00e9lo, c\u2019est autant une <b>performance <\/b>qu\u2019une f\u00eate du sport, et c\u2019est exactement dans cet \u00e9tat d\u2019esprit que nous abordons cette nouvelle \u00e9dition.\u2009\u00bb<\/p>\n<p>Vid\u00e9os : en ce moment sur Actu<\/p>\n<p data-end=\"2787\" class=\" wall-content\"><br data-end=\"2205\"\/><b>Ce qui vous fait vibrer<\/b>\u2009: \u00ab\u2009C\u2019est l\u2019intensit\u00e9 unique de ces 24\u00a0heures. Il y a l\u2019adr\u00e9naline du d\u00e9part, la gestion des relais, la nuit sur le circuit o\u00f9 chaque coup de p\u00e9dale r\u00e9sonne diff\u00e9remment, et puis les moments partag\u00e9s avec l\u2019\u00e9quipe entre deux passages. On alterne entre effort pur et instants de camaraderie. C\u2019est une course o\u00f9 l\u2019on d\u00e9passe ses limites, mais aussi o\u00f9 l\u2019on vit des \u00e9motions fortes, du premier tour au dernier sprint. Et quand on franchit la ligne \u00e0 la fin, on sait qu\u2019on a v\u00e9cu quelque chose d\u2019exceptionnel.\u2009\u00bb<\/p>\n<p>Votre r\u00e9gion, votre actu !<\/p>\n<p>Recevez chaque jour les infos qui comptent pour vous.<\/p>\n<p>\t<a href=\"https:\/\/actu.fr\/newsletter\" class=\"ac-btn ac-btn--corner ac-btn--medium ac-btn--blue800\" rel=\"nofollow noopener\" target=\"_blank\">S&rsquo;incrire<\/a><\/p>\n<p class=\"ac-article-content__question wall-content\">Christophe Guerre, 62\u00a0ans<\/p>\n<p>    <img   decoding=\"async\" loading=\"lazy\" class=\"size-large\" src=\"https:\/\/www.europesays.com\/fr\/wp-content\/uploads\/2025\/08\/52d187d4e5a8676d187d4e5a85ad18v-960x640.jpg\" alt=\"Christophe Guerre\" width=\"960\" height=\"640\"\/><br \/>\n    Christophe Guerre \u00a9Wiconnect<\/p>\n<p data-end=\"3186\" class=\" wall-content\"><b>Nombre de participations\u2009<\/b>: \u00ab\u2009J\u2019en suis \u00e0 sept.\u2009\u00bb<br data-end=\"2940\"\/><b>Pr\u00e9paration\u2009?<\/b> \u00ab\u2009Plus de sorties v\u00e9lo mais moins de kilom\u00e8tres que les ann\u00e9es pr\u00e9c\u00e9dentes.\u2009\u00bb<br data-end=\"3065\"\/><b>Ambitions\u2009?<\/b> \u00ab\u2009Faire aussi bien que les autres ann\u00e9es.\u2009\u00bb<br data-end=\"3125\"\/><b>Ce qui vous fait vibrer\u2009? <\/b>\u00ab\u2009Tout\u2009! L\u2019ambiance, la course\u2026\u2009\u00bb<\/p>\n<p class=\"ac-article-content__question wall-content\">Julien Cailteux, 40\u00a0ans<\/p>\n<p>    <img   decoding=\"async\" loading=\"lazy\" class=\"size-large\" src=\"https:\/\/www.europesays.com\/fr\/wp-content\/uploads\/2025\/08\/0ca93355e5a8620b93355e5a8d4b93v-960x640.jpg\" alt=\"Julien Cailteux\" width=\"960\" height=\"640\"\/><br \/>\n    Julien Cailteux \u00a9Wiconnect<\/p>\n<p data-end=\"3564\" class=\" wall-content\"><b>Participations\u2009:<\/b> \u00ab\u2009Jamais deux sans trois\u2009!\u2009\u00bb<br data-end=\"3328\"\/><b>Pr\u00e9paration\u2009?<\/b> \u00ab\u2009Malgr\u00e9 deux chutes, j\u2019ai pu assurer plusieurs sorties VTT et sur piste.\u2009\u00bb<br data-end=\"3422\"\/><b>Ambitions\u2009?<\/b> \u00ab\u2009Donner le maximum pour vaincre la bosse du Dunlop.\u2009\u00bb<br data-end=\"3493\"\/><b>Ce qui vous fait vibrer\u2009? <\/b>\u00ab\u2009L\u2019ambiance, le challenge, le circuit.\u2009\u00bb<\/p>\n<p class=\"ac-article-content__question wall-content\">Beno\u00eet Pelleray, 38\u00a0ans<\/p>\n<p>    <img   decoding=\"async\" loading=\"lazy\" class=\"size-large\" src=\"https:\/\/www.europesays.com\/fr\/wp-content\/uploads\/2025\/08\/6c7ae2f3e5a86908ae2f3e5a8a48aev-960x640.jpg\" alt=\"Beno\u00eet Pelleray\" width=\"960\" height=\"640\"\/><br \/>\n    Beno\u00eet Pelleray \u00a9Wiconnect<\/p>\n<p data-end=\"4050\" class=\" wall-content\"><b>Nombre de participations\u2009: <\/b>\u00ab\u2009C\u2019est ma premi\u00e8re.\u2009\u00bb<br data-end=\"3693\"\/><b>Pr\u00e9paration\u2009?<\/b> \u00ab\u2009J\u2019ai commenc\u00e9 le v\u00e9lo fin juin donc pr\u00e9paration tr\u00e8s courte. J\u2019essaie de rouler un peu tous les deux, trois jours.\u2009\u00bb<br data-end=\"3822\"\/><b>Ambitions\u2009?<\/b> \u00ab\u2009Une vraie d\u00e9couverte pour moi\u2009: le circuit, le relais \u00e0 plusieurs, etc.\u2009\u00bb<br data-end=\"3914\"\/><b>Ce qui vous fait vibrer\u2009?<\/b> \u00ab\u2009Pouvoir rouler sur le circuit du\u00a0Mans et vivre une aventure humaine avec les autres membres de l\u2019\u00e9quipe.\u2009\u00bb<\/p>\n<p class=\"ac-article-content__question wall-content\">Micka\u00ebl P\u00e9ron, 42\u00a0ans<\/p>\n<p>    <img   decoding=\"async\" loading=\"lazy\" class=\"size-large\" src=\"https:\/\/www.europesays.com\/fr\/wp-content\/uploads\/2025\/08\/c331fdb5e5a86e731fdb5e5a8cb31fv-960x640.jpg\" alt=\"Micka\u00ebl P\u00e9ron\" width=\"960\" height=\"640\"\/><br \/>\n    Micka\u00ebl P\u00e9ron \u00a9Wiconnect<\/p>\n<p data-end=\"4721\" class=\" wall-content\"><b>Nombre de participations\u2009:<\/b> \u00ab\u2009C\u2019est ma troisi\u00e8me.\u2009\u00bb<br data-end=\"4161\"\/><b>Pr\u00e9paration\u2009?<\/b> \u00ab\u2009Reprise de l\u2019entra\u00eenement il y a quatre mois. Chaque sortie m\u2019a permis de repousser mes limites, de retrouver le plaisir de l\u2019effort et de partager des moments forts avec les coll\u00e8gues.\u2009\u00bb<br data-end=\"4364\"\/><b>Ambitions\u2009?<\/b> \u00ab\u2009Conserver le troph\u00e9e du meilleur tour\u2009! Ce n\u2019est pas facile mais on va tout donner. Et si \u00e7a ne suffit pas, on pourra toujours dire que le vent \u00e9tait contre nous pendant 24\u2009h\u2009!\u2009\u00bb<br data-end=\"4562\"\/><b>Ce qui vous fait vibrer\u2009?<\/b> \u00ab\u2009La pers\u00e9v\u00e9rance, l\u2019esprit d\u2019\u00e9quipe, le d\u00e9passement de soi. Fier de faire partie de cette \u00e9dition et impatient de vivre ces 24\u2009h.\u2009\u00bb<\/p>\n<p class=\"ac-article-content__question wall-content\">Fran\u00e7ois Boutigny, 40\u00a0ans<\/p>\n<p>    <img   decoding=\"async\" loading=\"lazy\" class=\"size-large\" src=\"https:\/\/www.europesays.com\/fr\/wp-content\/uploads\/2025\/08\/735c5c84e5a86c75c5c84e5a8bb5c5v-960x640.jpg\" alt=\"Fran\u00e7ois Boutigny\" width=\"960\" height=\"640\"\/><br \/>\n    Fran\u00e7ois Boutigny \u00a9Wiconnect<\/p>\n<p data-end=\"5230\" class=\" wall-content\"><b>Nombre de participations\u2009:<\/b> \u00ab\u2009Cinq dans les jambes\u2009!\u2009\u00bb<br data-end=\"4889\"\/><b>Pr\u00e9paration\u2009?<\/b> \u00ab\u200990\u2009% en salle et 10\u2009% en ext\u00e9rieur (VTT et route).\u2009\u00bb<br data-end=\"4962\"\/><b>Ambitions\u2009? <\/b>\u00ab\u2009Rester dans le peloton de t\u00eate pendant mes relais.\u2009\u00bb<br data-end=\"5033\"\/><b>Ce qui vous fait vibrer\u2009?<\/b> \u00ab\u2009L\u2019ambiance est magique, prendre un relais \u00e0 3\u2009h du matin, c\u2019est sp\u00e9cial. Le bruit des pneus, la concentration, les souvenirs partag\u00e9s avec l\u2019\u00e9quipe\u2026 C\u2019est incroyable.\u2009\u00bb<\/p>\n<p>L\u2019\u00e9quipe f\u00e9minine\u2009: Les Six Belles \u00c9chapp\u00e9es<\/p>\n<p class=\"ac-article-content__question wall-content\">Blandine Rogue-Rioux, 47\u00a0ans<\/p>\n<p>    <img   decoding=\"async\" loading=\"lazy\" class=\"size-large\" src=\"https:\/\/www.europesays.com\/fr\/wp-content\/uploads\/2025\/08\/f9da5823e5a861dda5823e5a831ea5v-960x640.jpg\" alt=\"Blandine Rogue-Rioux\" width=\"960\" height=\"640\"\/><br \/>\n    Blandine Rogue-Rioux \u00a9Wiconnect<\/p>\n<p data-end=\"5932\" class=\" wall-content\"><b>Nombre de participations\u2009:<\/b> \u00ab\u2009J\u2019en suis \u00e0 deux, pr\u00eate pour la troisi\u00e8me\u2009!\u2009\u00bb<br data-end=\"5573\"\/><b>Pr\u00e9paration\u2009?<\/b> \u00ab\u2009V\u00e9lo de biking en hiver, gravel et sorties en course \u00e0 partir du printemps. Et m\u00eame pendant mes vacances en For\u00eat Noire.\u2009\u00bb<br data-end=\"5716\"\/><b>Ambitions\u2009<\/b>? \u00ab\u2009Am\u00e9liorer le nombre de tours et prendre du plaisir avec les filles.\u2009\u00bb<br data-end=\"5808\"\/><b>Ce qui vous fait vibrer\u2009<\/b>? \u00ab\u2009Rouler sur le mythique circuit Bugatti, l\u2019\u00e9quipe, et l\u2019ambiance sur et en dehors du circuit.\u2009\u00bb<\/p>\n<p class=\"ac-article-content__question wall-content\">H\u00e9l\u00e8ne Venault, 41\u00a0ans<\/p>\n<p>    <img   decoding=\"async\" loading=\"lazy\" class=\"size-large\" src=\"https:\/\/www.europesays.com\/fr\/wp-content\/uploads\/2025\/08\/e3459434e5a8638459434e5a86c459v-960x640.jpg\" alt=\"H\u00e9l\u00e8ne Venault\" width=\"960\" height=\"640\"\/><br \/>\n    H\u00e9l\u00e8ne Venault \u00a9Wiconnect<\/p>\n<p data-end=\"6309\" class=\" wall-content\"><b>Nombre de participations<\/b>\u2009: \u00ab\u2009Ce sera ma cinqui\u00e8me\u2009!\u2009\u00bb<br data-end=\"6052\"\/><b>Pr\u00e9paration\u2009?<\/b> \u00ab\u2009Pr\u00e9paration plut\u00f4t orient\u00e9e triathlon, donc un peu moins de v\u00e9lo que d\u2019habitude.\u2009\u00bb<br data-end=\"6155\"\/><b>Ambitions\u2009? <\/b>\u00ab\u2009Atteindre 172 tours, apr\u00e8s deux ann\u00e9es \u00e0 171.\u2009\u00bb<br data-end=\"6221\"\/><b>Ce qui vous fait vibrer\u2009? <\/b>\u00ab\u2009L\u2019ambiance, la coh\u00e9sion d\u2019\u00e9quipe, le d\u00e9passement de soi.\u2009\u00bb<\/p>\n<p class=\"ac-article-content__question wall-content\">Virginie Gaillard, 47\u00a0ans<\/p>\n<p>    <img   decoding=\"async\" loading=\"lazy\" class=\"size-large\" src=\"https:\/\/www.europesays.com\/fr\/wp-content\/uploads\/2025\/08\/c5189392e5a86b9189392e5a87d189v-960x640.jpg\" alt=\"Virginie Gaillard\" width=\"960\" height=\"640\"\/><br \/>\n    Virginie Gaillard \u00a9Wiconnect<\/p>\n<p data-end=\"6680\" class=\" wall-content\"><b>Nombre de participations\u2009<\/b>: \u00ab\u2009Six au compteur\u2009!\u2009\u00bb<br data-end=\"6415\"\/><b>Pr\u00e9paration\u2009?<\/b> \u00ab\u2009Souvent en solo ou avec mon mari.\u2009\u00bb<br data-end=\"6471\"\/><b>Ambitions\u2009?<\/b> \u00ab\u2009Tenir de bons groupes, am\u00e9liorer ma moyenne, et profiter un maximum avec mes \u00e9quipi\u00e8res.\u2009\u00bb<br data-end=\"6580\"\/><b>Ce qui vous fait vibrer\u2009?<\/b> \u00ab\u2009Le d\u00e9passement de soi, la vitesse, la superbe entente dans l\u2019\u00e9quipe.\u2009\u00bb<\/p>\n<p class=\"ac-article-content__question wall-content\">Audrey Destombes, 42\u00a0ans<\/p>\n<p>    <img   decoding=\"async\" loading=\"lazy\" class=\"size-large\" src=\"https:\/\/www.europesays.com\/fr\/wp-content\/uploads\/2025\/08\/86815bb2e5a866a815bb2e5a85e815v-960x640.jpg\" alt=\"Virginie Destombes\" width=\"960\" height=\"640\"\/><br \/>\n    Virginie Destombes \u00a9Wiconnect<\/p>\n<p data-end=\"7021\" class=\" wall-content\"><b>Nombre de participations\u2009<\/b>: \u00ab\u2009Deux fois avec les Six Belles \u00c9chapp\u00e9es. \u00bb<br data-end=\"6822\"\/><b>Pr\u00e9paration\u2009?<\/b> \u00ab\u2009Deux \u00e0 trois sorties par semaine en plus du renforcement musculaire.\u2009\u00bb<br data-end=\"6897\"\/><b>Ambitions\u2009?<\/b> \u00ab\u2009Partager un tr\u00e8s bon moment entre cyclistes.\u2009\u00bb<br data-end=\"6962\"\/><b>Ce qui vous fait vibrer\u2009?<\/b> \u00ab\u2009Le c\u00e9l\u00e8bre circuit Bugatti.\u2009\u00bb<\/p>\n<p class=\"ac-article-content__question wall-content\">\u00c9milie Bruneau, 42\u00a0ans<\/p>\n<p>    <img   decoding=\"async\" loading=\"lazy\" class=\"size-large\" src=\"https:\/\/www.europesays.com\/fr\/wp-content\/uploads\/2025\/08\/8cb987f2e5a86f0c987f2e5a815c98v-960x640.jpg\" alt=\"Emilie Bruneau\" width=\"960\" height=\"640\"\/><br \/>\n    Emilie Bruneau \u00a9Wiconnect<\/p>\n<p data-end=\"7564\" class=\" wall-content\"><b>Nombre de participations\u2009<\/b>: \u00ab\u2009J\u2019en suis \u00e0 deux, et j\u2019ai resign\u00e9 avec plaisir\u2009!\u2009\u00bb<br data-end=\"7194\"\/><b>Pr\u00e9paration\u2009?<\/b> \u00ab\u2009Tr\u00e8s bien\u2009! Je cours aussi \u00e0 c\u00f4t\u00e9. Dommage qu\u2019on n\u2019ait pas pu rouler toutes ensemble.\u2009\u00bb<br data-end=\"7302\"\/><b>Ambitions\u2009?<\/b> \u00ab\u2009Am\u00e9liorer mon temps perso et augmenter le nombre de tours de l\u2019\u00e9quipe. Et j\u2019esp\u00e8re qu\u2019il fera enfin beau cette ann\u00e9e\u2009!\u2009\u00bb<br data-end=\"7441\"\/><b>Ce qui vous fait vibrer\u2009? <\/b>\u00ab\u2009L\u2019ambiance sur le circuit et au camping, la coh\u00e9sion d\u2019\u00e9quipe, se d\u00e9passer avec le sourire.\u2009\u00bb<\/p>\n<p class=\"ac-article-content__question wall-content\">Val\u00e9rie Le Barbier, 51\u00a0ans<\/p>\n<p>    <img   decoding=\"async\" loading=\"lazy\" class=\"size-large\" src=\"https:\/\/www.europesays.com\/fr\/wp-content\/uploads\/2025\/08\/80d766a3e5a8674d766a3e5a858d76v-960x640.jpg\" alt=\"Val\u00e9rie Le Barbier\" width=\"960\" height=\"640\"\/><br \/>\n    Val\u00e9rie Le Barbier \u00a9Wiconnect<\/p>\n<p data-end=\"7981\" class=\" wall-content\"><b>Nombre de participations<\/b>\u2009: \u00ab\u2009D\u00e9j\u00e0 quatre\u2009!\u2009\u00bb<br data-end=\"7697\"\/><b>Pr\u00e9paration\u2009?<\/b> \u00ab\u2009VTT d\u00e8s avril, puis alternance avec la route, souvent avec mes fils, eux aussi cyclistes.\u2009\u00bb<br data-end=\"7809\"\/><b>Ambitions\u2009?<\/b> \u00ab\u2009Faire de meilleures moyennes et viser le podium avec les filles.\u2009\u00bb<br data-end=\"7894\"\/>Ce qui vous fait vibrer\u2009? \u00ab\u2009L\u2019ambiance g\u00e9n\u00e9rale et la bonne entente filles\/gar\u00e7ons.\u2009\u00bb<\/p>\n<p class=\" wall-content\">Personnalisez votre actualit\u00e9 en ajoutant vos villes et m\u00e9dias en favori avec <a href=\"https:\/\/moncompte.actu.fr\" title=\"D\u00e9couvez Mon Actu\" rel=\"nofollow noopener\" data-trk=\"{&quot;cta&quot;:{&quot;action&quot;:&quot;https:\\\/\\\/moncompte.actu.fr&quot;,&quot;category&quot;:&quot;mon compte&quot;,&quot;from&quot;:&quot;article footer&quot;,&quot;name&quot;:&quot;Mon actu&quot;,&quot;type&quot;:&quot;cta&quot;}}\" target=\"_blank\">Mon Actu<\/a>.<\/p>\n","protected":false},"excerpt":{"rendered":"Par R\u00e9daction Alen\u00e7on Publi\u00e9 le 20 ao\u00fbt 2025 \u00e0 18h00 Apr\u00e8s avoir particip\u00e9 aux 24\u2009h du\u00a0Mans V\u00e9lo en&hellip;\n","protected":false},"author":2,"featured_media":333261,"comment_status":"","ping_status":"","sticky":false,"template":"","format":"standard","meta":{"footnotes":""},"categories":[1411],"tags":[10312,1154,207,1011,27,60,208],"class_list":{"0":"post-333260","1":"post","2":"type-post","3":"status-publish","4":"format-standard","5":"has-post-thumbnail","7":"category-cyclisme","8":"tag-24-heures-du-mans","9":"tag-cycling","10":"tag-cyclisme","11":"tag-fr","12":"tag-france","13":"tag-sports","14":"tag-velo"},"share_on_mastodon":{"url":"https:\/\/pubeurope.com\/@fr\/115065237590317961","error":""},"_links":{"self":[{"href":"https:\/\/www.europesays.com\/fr\/wp-json\/wp\/v2\/posts\/333260","targetHints":{"allow":["GET"]}}],"collection":[{"href":"https:\/\/www.europesays.com\/fr\/wp-json\/wp\/v2\/posts"}],"about":[{"href":"https:\/\/www.europesays.com\/fr\/wp-json\/wp\/v2\/types\/post"}],"author":[{"embeddable":true,"href":"https:\/\/www.europesays.com\/fr\/wp-json\/wp\/v2\/users\/2"}],"replies":[{"embeddable":true,"href":"https:\/\/www.europesays.com\/fr\/wp-json\/wp\/v2\/comments?post=333260"}],"version-history":[{"count":0,"href":"https:\/\/www.europesays.com\/fr\/wp-json\/wp\/v2\/posts\/333260\/revisions"}],"wp:featuredmedia":[{"embeddable":true,"href":"https:\/\/www.europesays.com\/fr\/wp-json\/wp\/v2\/media\/333261"}],"wp:attachment":[{"href":"https:\/\/www.europesays.com\/fr\/wp-json\/wp\/v2\/media?parent=333260"}],"wp:term":[{"taxonomy":"category","embeddable":true,"href":"https:\/\/www.europesays.com\/fr\/wp-json\/wp\/v2\/categories?post=333260"},{"taxonomy":"post_tag","embeddable":true,"href":"https:\/\/www.europesays.com\/fr\/wp-json\/wp\/v2\/tags?post=333260"}],"curies":[{"name":"wp","href":"https:\/\/api.w.org\/{rel}","templated":true}]}}