{"id":333262,"date":"2025-08-21T06:02:09","date_gmt":"2025-08-21T06:02:09","guid":{"rendered":"https:\/\/www.europesays.com\/fr\/333262\/"},"modified":"2025-08-21T06:02:09","modified_gmt":"2025-08-21T06:02:09","slug":"transferts-comme-lamine-yamal-le-psg-a-rate-du-lourd","status":"publish","type":"post","link":"https:\/\/www.europesays.com\/fr\/333262\/","title":{"rendered":"Transferts\u00a0: \u00abComme Lamine Yamal\u00bb, le PSG a rat\u00e9 du lourd"},"content":{"rendered":"<p>                    Dan Marciano<br \/>\n                        &#8211;<\/p>\n<p>R\u00e9dacteur<\/p>\n<p>Titulaire d&rsquo;un Master de droit international, je me suis rendu compte au bout de mon parcours universitaire qu&rsquo;il \u00e9tait important d&rsquo;\u00e9voluer dans un domaine que l&rsquo;on appr\u00e9cie. Du jour au lendemain, j&rsquo;ai d\u00e9cid\u00e9 de mettre fin au r\u00eave de mes parents, qui voyaient en moi un futur avocat, pour vivre de ma passion : le sport. Depuis, je couvre les mercatos et l&rsquo;actualit\u00e9 sportive en essayant d&rsquo;informer au mieux les lecteurs.<\/p>\n<p class=\"heading\">Durant l&rsquo;\u00e9t\u00e9 2024, Rayan Cherki a surpris en refusant le PSG malgr\u00e9 un accord trouv\u00e9 avec l\u2019OL pour un transfert estim\u00e9 \u00e0 15M\u20ac. Le milieu offensif lyonnais avait pr\u00e9f\u00e9r\u00e9 explorer la piste du Borussia Dortmund, avant de finalement rester \u00e0 Lyon. Depuis, l&rsquo;international fran\u00e7ais s&rsquo;est engag\u00e9 avec Manchester City avec, pourquoi pas, l&rsquo;ambition de rejoindre Lamine Yamal.<\/p>\n<p>L\u2019histoire aurait pu s\u2019\u00e9crire autrement. L\u2019\u00e9t\u00e9 dernier, alors que le<strong> PSG<\/strong> semblait avoir trouv\u00e9 un terrain d\u2019entente avec l\u2019<strong>OL <\/strong>pour un transfert \u00e0 hauteur de 15M\u20ac<a href=\"https:\/\/le10sport.com\/football\/angleterre\/manchester-city\/incroyable-extraordinaire-rayan-cherki-le-rend-completement-dingue-754596\" rel=\"nofollow noopener\" target=\"_blank\">, Rayan Cherki<\/a> \u00e9tait attendu comme la future p\u00e9pite de <strong>Luis Enrique.<\/strong> Mais au dernier moment, le joueur avait d\u00e9cid\u00e9 de mettre fin aux n\u00e9gociations. Depuis, <strong>Cherki <\/strong>a rejoint <strong>Manchester City,<\/strong> et ses d\u00e9buts sont prometteurs.<\/p>\n<p>                                            La comparaison os\u00e9e de Nasri<\/p>\n<p>Consultant pour Canal +, <strong>Samir Nasri<\/strong> n&rsquo;a pas h\u00e9sit\u00e9 \u00e0 le comparer \u00e0<strong> Lamine Yamal (FC Barcelone).<\/strong> \u00ab\u00a0Rayan Cherki est un talent g\u00e9n\u00e9rationnel, de la trempe d\u2019un Lamine Yamal. Il a une qualit\u00e9 de dribble exceptionnelle, il doit \u00eatre r\u00e9gulier d\u00e9sormais, et il sera tout l\u00e0-haut parmi les meilleurs\u00a0\u00bb a confi\u00e9 l&rsquo;ancien joueur de l&rsquo;<strong>OM.<\/strong><\/p>\n<p>                                            Un avenir radieux pour Cherki ?<\/p>\n<p>Sur La Cha\u00eene L&rsquo;Equipe, <strong>Ludovic Obaniak<\/strong> a tenu \u00e0 nuancer ces propos. \u00ab\u00a0J\u2019estime qu\u2019il y a quand m\u00eame une filiation entre ces joueurs, on peut rajouter Ben Arfa\u2026 C\u2019est l\u00e0 o\u00f9 veut nous emmener Samir Nasri. Il dit que c\u2019est le m\u00eame type de joueur et qu\u2019avec un peu plus de r\u00e9gularit\u00e9\u2026 Je pense qu\u2019avec Manchester City et la rigueur de Pep Guardiola, Rayan Cherki peut se mettre dans les pas de Lamine Yamal\u00a0\u00bb a confi\u00e9 l&rsquo;ancien international polonais.<\/p>\n","protected":false},"excerpt":{"rendered":"Dan Marciano &#8211; R\u00e9dacteur Titulaire d&rsquo;un Master de droit international, je me suis rendu compte au bout de&hellip;\n","protected":false},"author":2,"featured_media":333263,"comment_status":"","ping_status":"","sticky":false,"template":"","format":"standard","meta":{"footnotes":""},"categories":[1410],"tags":[63,1011,27,60],"class_list":{"0":"post-333262","1":"post","2":"type-post","3":"status-publish","4":"format-standard","5":"has-post-thumbnail","7":"category-football","8":"tag-football","9":"tag-fr","10":"tag-france","11":"tag-sports"},"share_on_mastodon":{"url":"https:\/\/pubeurope.com\/@fr\/115065241207500086","error":""},"_links":{"self":[{"href":"https:\/\/www.europesays.com\/fr\/wp-json\/wp\/v2\/posts\/333262","targetHints":{"allow":["GET"]}}],"collection":[{"href":"https:\/\/www.europesays.com\/fr\/wp-json\/wp\/v2\/posts"}],"about":[{"href":"https:\/\/www.europesays.com\/fr\/wp-json\/wp\/v2\/types\/post"}],"author":[{"embeddable":true,"href":"https:\/\/www.europesays.com\/fr\/wp-json\/wp\/v2\/users\/2"}],"replies":[{"embeddable":true,"href":"https:\/\/www.europesays.com\/fr\/wp-json\/wp\/v2\/comments?post=333262"}],"version-history":[{"count":0,"href":"https:\/\/www.europesays.com\/fr\/wp-json\/wp\/v2\/posts\/333262\/revisions"}],"wp:featuredmedia":[{"embeddable":true,"href":"https:\/\/www.europesays.com\/fr\/wp-json\/wp\/v2\/media\/333263"}],"wp:attachment":[{"href":"https:\/\/www.europesays.com\/fr\/wp-json\/wp\/v2\/media?parent=333262"}],"wp:term":[{"taxonomy":"category","embeddable":true,"href":"https:\/\/www.europesays.com\/fr\/wp-json\/wp\/v2\/categories?post=333262"},{"taxonomy":"post_tag","embeddable":true,"href":"https:\/\/www.europesays.com\/fr\/wp-json\/wp\/v2\/tags?post=333262"}],"curies":[{"name":"wp","href":"https:\/\/api.w.org\/{rel}","templated":true}]}}