{"id":333266,"date":"2025-08-21T06:05:13","date_gmt":"2025-08-21T06:05:13","guid":{"rendered":"https:\/\/www.europesays.com\/fr\/333266\/"},"modified":"2025-08-21T06:05:13","modified_gmt":"2025-08-21T06:05:13","slug":"peau-dourse-de-gregory-le-floch-lappel-des-cimes","status":"publish","type":"post","link":"https:\/\/www.europesays.com\/fr\/333266\/","title":{"rendered":"Peau d\u2019ourse de Gregory Le Floch : l\u2019appel des cimes"},"content":{"rendered":"<p>L\u2019auteur est de retour avec un nouveau roman, cinq ans apr\u00e8s De parcourir le monde et d\u2019y r\u00f4der. Avec une grande acuit\u00e9 et un lyrisme ma\u00eetris\u00e9, il nous plonge dans la chair et l\u2019esprit de Mont Perdu, une adolescente marginalis\u00e9e dans un village des Pyr\u00e9n\u00e9es, qui op\u00e8re peu \u00e0 peu sa m\u00e9tamorphose en ourse.<\/p>\n<p>\u00ab\u00a0Avant tout,\u00a0Peau d\u2019ourse\u00a0est un conte.\u00a0<a href=\"https:\/\/leclaireur.fnac.com\/article\/254848-au-non-des-femmes-de-jennifer-tamas-chasser-le-male-gaze-de-la-litterature-et-de-nos-contes-de-fee\/\" target=\"_blank\" rel=\"nofollow noopener\">Un conte<\/a>\u00a0qui s\u2019est transform\u00e9\u0301 en trag\u00e9die\u00a0\u00bb, raconte\u00a0<a href=\"https:\/\/www.fnac.com\/Gregory-Le-Floch\/ia8541558?Origin=leclaireur\" target=\"_blank\" rel=\"nofollow noopener\">Gr\u00e9gory Le Floch<\/a>, auteur d\u00e9j\u00e0 prim\u00e9 \u00e0 plusieurs reprises (prix Sade, Wepler, D\u00e9cembre).\u00a0Peau d\u2019ourse, c\u2019est l\u2019histoire d\u2019une\u00a0<a href=\"https:\/\/leclaireur.fnac.com\/article\/cp49772-la-vengeance-selon-marie-ndiaye\/\" target=\"_blank\" rel=\"nofollow noopener\">vengeance<\/a>, celle de Mont Perdu, une adolescente dont le c\u0153ur bat \u00e0 contretemps de ceux de ses camarades de classe, de sa famille et de tous les habitants de son village des Pyr\u00e9n\u00e9es fig\u00e9 dans les traditions. Elle est corpulente, lesbienne, victime de\u00a0<a href=\"https:\/\/leclaireur.fnac.com\/article\/264880-cinq-oeuvres-pour-comprendre-le-harcelement-scolaire\/\" target=\"_blank\" rel=\"nofollow noopener\">harc\u00e8lement scolaire<\/a>, d\u2019homophobie et \u00e9trang\u00e8re \u00e0 la chor\u00e9graphie des \u00eatres humains. Elle \u00e9touffe dans un huis clos \u00e0 ciel ouvert.<\/p>\n<blockquote class=\"instagram-media\" style=\"background: #FFF; border: 0; border-radius: 3px; box-shadow: 0 0 1px 0 rgba(0,0,0,0.5),0 1px 10px 0 rgba(0,0,0,0.15); margin: 1px; max-width: 540px; min-width: 326px; padding: 0; width: calc(100% - 2px);\" data-instgrm-captioned=\"\" data-instgrm-permalink=\"https:\/\/www.instagram.com\/p\/DKXXz08qrDE\/?utm_source=ig_embed&amp;utm_campaign=loading\" data-instgrm-version=\"14\">\n<\/blockquote>\n<p>Son seul refuge\u00a0: ses s\u0153urs les montagnes qui la comprennent et lui parlent sans cesse.\u00a0\u00ab\u00a0Mont Perdu est tellement en symbiose avec les montagnes qu\u2019elles ont le m\u00eame esprit, donc si on attaque l\u2019une, on attaque l\u2019autre, et elles agissent de concert\u00a0\u00bb, poursuit l\u2019auteur. Son h\u00e9ro\u00efne se situe \u00e0 la lisi\u00e8re de plusieurs mondes\u00a0: humain, animal, v\u00e9g\u00e9tal et min\u00e9ral.\u00a0\u00ab\u00a0C\u2019est l\u2019\u00eatre total.\u00a0\u00bb<\/p>\n<p><strong>Deux langues qui s\u2019enlacent<\/strong><\/p>\n<p>Et pour nous permettre d\u2019embrasser toute la complexit\u00e9 de cet \u00eatre total, qui va se m\u00e9tamorphoser progressivement en ourse,\u00a0<a href=\"https:\/\/leclaireur.fnac.com\/article\/326488-gregory-le-floch-la-plage-me-fait-entrer-en-transe-comme-un-rituel-chamanique\/\" target=\"_blank\" rel=\"nofollow noopener\">Gr\u00e9gory Le Floch<\/a>\u00a0utilise une \u00e9criture organique et sensorielle, comme s\u2019il absorbait le lecteur dans la mati\u00e8re m\u00eame du paysage. Il alterne entre une \u00e9criture tr\u00e8s crue, brute, presque orale, et un onirisme envo\u00fbteur quand il s\u2019agit d\u2019\u00e9couter la voix de la nature et des hauteurs. Cet entrelacement, qui peut quelque peu d\u00e9router au fil des premi\u00e8res pages du\u00a0<a href=\"https:\/\/www.fnac.com\/livre.asp?Origin=leclaireur\" target=\"_blank\" rel=\"nofollow noopener\">roman<\/a>, nous subjugue tr\u00e8s vite et rev\u00eat tout son sens.\u00a0\u00ab\u00a0Pour atteindre ce que je voulais, il fallait m\u00e9langer la duret\u00e9\u0301 d\u2019une langue jeune et \u00e9nergique avec le lyrisme des montagnes. Et l\u2019association des deux met chaque langue en valeur. Chacune d\u2019elles est po\u00e9tique.\u00a0\u00bb<\/p>\n<p>Cette dualit\u00e9 langagi\u00e8re, on la retrouve \u00e9galement dans les paroles des chansons de Bj\u00f6rk qui ornent le r\u00e9cit de dentelle.\u00a0\u00ab\u00a0Les mots de Bj\u00f6rk sont empreints d\u2019une violence extr\u00eame et c\u2019est peut-\u00eatre la chanteuse qui est la plus en osmose avec la pierre, les volcans, les montagnes.\u00a0\u00bb\u00a0Rien n\u2019a donc \u00e9t\u00e9 laiss\u00e9 au hasard.<\/p>\n<p><img decoding=\"async\" class=\"center bloc\" style=\"width: 308px; height: 450px;\" src=\"https:\/\/www.europesays.com\/fr\/wp-content\/uploads\/2025\/08\/2493071.jpg\" alt=\"Peau-d-ourse\"\/><\/p>\n<p>Et c\u2019est un pari plus que r\u00e9ussi, car les deux langues ne s\u2019entrechoquent pas, elles s\u2019enlacent pour habiller le r\u00e9cit une dimension presque incantatoire. Les paroles venues des montagnes sont des caresses vertigineuses qui nous apaisent autant qu\u2019elles nous troublent, car elles laissent entrevoir la possibilit\u00e9 que tout peut arriver, le meilleur comme le pire\u00a0:\u00a0\u00ab\u00a0Elles jouent le r\u00f4le du ch\u0153ur dans les trag\u00e9dies grecques.\u00a0\u00bb<\/p>\n<p><strong>O\u00f9 est le monstre ?<\/strong><\/p>\n<p>Quant aux mots de Mont Perdu, ils nous transpercent, tant ils sont directs et d\u00e9pouill\u00e9s de tout artifice. On tremble, on enrage avec elle. Chaque minute de son temps est aussi un peu n\u00f4tre. Un exercice extr\u00eamement\u00a0\u00ab\u00a0p\u00e9rilleux et minutieux\u00a0\u00bb\u00a0pour l\u2019auteur, qui n\u2019a eu de cesse de supprimer des pages, de r\u00e9\u00e9crire, d\u2019ajuster ses mots.\u00a0\u00ab\u00a0Je voulais que chaque page du roman soit aussi intense qu\u2019une heure dans la vie d\u2019une ado. Je suis professeur au coll\u00e8ge et je vois bien que mes \u00e9l\u00e8ves vivent chaque demi-heure de leur journ\u00e9e dix fois plus intens\u00e9ment que ma semaine \u00e0 moi\u00a0\u00bb, explique le romancier.<\/p>\n<p>Cette intensit\u00e9, on la retrouve aussi dans la corporalit\u00e9, tr\u00e8s pr\u00e9sente dans l\u2019ouvrage. Un sujet cher \u00e0 Gr\u00e9gory Le Floch\u00a0:\u00a0\u00ab\u00a0Lire, c\u2019est une fa\u00e7on de s\u2019interroger sur son propre corps et d\u2019avoir acc\u00e8s \u00e0 lui.\u00a0\u00bb\u00a0Mont Perdu se sent pi\u00e9g\u00e9e dans une corporalit\u00e9 qui la d\u00e9go\u00fbte, qu\u2019elle trouve monstrueuse, mais de laquelle elle ne peut se d\u00e9tacher, ce qui en tisse toute sa complexit\u00e9 et son ambigu\u00eft\u00e9. Ce personnage fascinant casse tous les codes et toutes les injonctions d\u2019une soci\u00e9t\u00e9 peureuse, malsaine et vivant reclue sur elle-m\u00eame, o\u00f9 les silences semblent en dire plus que les mots. Alors, o\u00f9 est le monstre dans l\u2019histoire\u00a0?<\/p>\n<p>Avec\u00a0Peau d\u2019ourse,\u00a0Gr\u00e9gory Le Floch signe une \u00e9chapp\u00e9e po\u00e9tique d\u2019une densit\u00e9 rare, qui laisse une empreinte aussi tenace qu\u2019une trace de pas dans la neige fra\u00eeche\u00a0: une neige qui, ici, n\u2019ensevelit pas, mais r\u00e9v\u00e8le. Au risque de tout perdre\u2026 ou de tout gagner.<\/p>\n<p>Peau d\u2019ourse, de Gr\u00e9gory Le Floch, Seuil, en librairie le 22 ao\u00fbt 2025, 240 p., 20 \u20ac. Le roman est en lice pour le\u00a0<a href=\"https:\/\/leclaireur.fnac.com\/selection\/cp63972-prix-du-roman-fnac-2025-la-selection-des-30-titres-en-lice\/\" target=\"_blank\" rel=\"nofollow noopener\">Prix du roman Fnac 2025<\/a>.<\/p>\n<p><script async src=\"\/\/www.instagram.com\/embed.js\"><\/script><\/p>\n","protected":false},"excerpt":{"rendered":"L\u2019auteur est de retour avec un nouveau roman, cinq ans apr\u00e8s De parcourir le monde et d\u2019y r\u00f4der.&hellip;\n","protected":false},"author":2,"featured_media":333267,"comment_status":"","ping_status":"","sticky":false,"template":"","format":"standard","meta":{"footnotes":""},"categories":[1357],"tags":[5215,1379,58,59,1011,27,3668,21095,1351,1380,37338,2004],"class_list":{"0":"post-333266","1":"post","2":"type-post","3":"status-publish","4":"format-standard","5":"has-post-thumbnail","7":"category-livres","8":"tag-adolescence","9":"tag-books","10":"tag-divertissement","11":"tag-entertainment","12":"tag-fr","13":"tag-france","14":"tag-harcelement","15":"tag-lgbtqia","16":"tag-litterature","17":"tag-livres","18":"tag-rentree-litteraire","19":"tag-roman"},"share_on_mastodon":{"url":"https:\/\/pubeurope.com\/@fr\/115065253103635310","error":""},"_links":{"self":[{"href":"https:\/\/www.europesays.com\/fr\/wp-json\/wp\/v2\/posts\/333266","targetHints":{"allow":["GET"]}}],"collection":[{"href":"https:\/\/www.europesays.com\/fr\/wp-json\/wp\/v2\/posts"}],"about":[{"href":"https:\/\/www.europesays.com\/fr\/wp-json\/wp\/v2\/types\/post"}],"author":[{"embeddable":true,"href":"https:\/\/www.europesays.com\/fr\/wp-json\/wp\/v2\/users\/2"}],"replies":[{"embeddable":true,"href":"https:\/\/www.europesays.com\/fr\/wp-json\/wp\/v2\/comments?post=333266"}],"version-history":[{"count":0,"href":"https:\/\/www.europesays.com\/fr\/wp-json\/wp\/v2\/posts\/333266\/revisions"}],"wp:featuredmedia":[{"embeddable":true,"href":"https:\/\/www.europesays.com\/fr\/wp-json\/wp\/v2\/media\/333267"}],"wp:attachment":[{"href":"https:\/\/www.europesays.com\/fr\/wp-json\/wp\/v2\/media?parent=333266"}],"wp:term":[{"taxonomy":"category","embeddable":true,"href":"https:\/\/www.europesays.com\/fr\/wp-json\/wp\/v2\/categories?post=333266"},{"taxonomy":"post_tag","embeddable":true,"href":"https:\/\/www.europesays.com\/fr\/wp-json\/wp\/v2\/tags?post=333266"}],"curies":[{"name":"wp","href":"https:\/\/api.w.org\/{rel}","templated":true}]}}