{"id":333268,"date":"2025-08-21T06:06:47","date_gmt":"2025-08-21T06:06:47","guid":{"rendered":"https:\/\/www.europesays.com\/fr\/333268\/"},"modified":"2025-08-21T06:06:47","modified_gmt":"2025-08-21T06:06:47","slug":"chez-ruquier-t18-change-lhoraire-du-talk-show-de-laurent-ruquier-et-prolonge-lemission-de-30-minutes-a-la-rentree","status":"publish","type":"post","link":"https:\/\/www.europesays.com\/fr\/333268\/","title":{"rendered":"\u00ab\u00a0Chez Ruquier\u00a0\u00bb : T18 change l&rsquo;horaire du talk-show de Laurent Ruquier et prolonge l&rsquo;\u00e9mission de 30 minutes \u00e0 la rentr\u00e9e"},"content":{"rendered":"<p>La suite apr\u00e8s la publicit\u00e9<\/p>\n<p>Vous reprendrez bien un peu de <a href=\"https:\/\/www.ozap.com\/personnalite\/laurent-ruquier_e161\" rel=\"nofollow noopener\" target=\"_blank\">Laurent Ruquier<\/a>. Apr\u00e8s un \u00e9t\u00e9 \u00e9court\u00e9 par le tournage de la 8e saison de \u00ab\u00a0<a href=\"https:\/\/www.ozap.com\/actu\/qui-a-gagne-mask-singer-2025-sur-tf1\/650594\" rel=\"nofollow noopener\" target=\"_blank\">Mask Singer<\/a>\u00ab\u00a0, dont <a href=\"https:\/\/www.ozap.com\/actu\/10-celebrites-5-stars-internationales-tf1-annonce-deja-le-retour-de-mask-singer-pour-une-8e-saison-des-le-12-septembre\/651239\" rel=\"nofollow noopener\" target=\"_blank\">TF1 d\u00e9butera la diffusion le vendredi 12 septembre prochain<\/a>, l&rsquo;animateur de 62 ans reprendra les r\u00eanes de son talk-show sur T18 le samedi 6 septembre prochain. Apr\u00e8s un tour de chauffe en juin, la star des \u00ab\u00a0<a href=\"https:\/\/www.ozap.com\/actu\/audiences-radio-147-sur-un-an-pour-cyril-hanouna-sur-europe-1-les-grosses-tetes-de-laurent-ruquier-en-forme-sur-rtl-matthieu-noel-cartonne-sur-france-inter-vincent-moscato-faiblit-sur-rmc\/650722\" rel=\"nofollow noopener\" target=\"_blank\">Grosses T\u00eates<\/a>\u00a0\u00bb de RTL, prendra l&rsquo;antenne un peu plus t\u00f4t que la saison derni\u00e8re. En effet, la cha\u00eene financ\u00e9e par <a href=\"https:\/\/www.ozap.com\/actu\/daniel-kretinsky-cmi-se-separe-du-magazine-tele-7-jours-et-entre-en-negociation-exclusive-avec-le-groupe-bauer-media-maxi\/650994\" rel=\"nofollow noopener\" target=\"_blank\">Daniel Kretinsky<\/a> et dirig\u00e9e par le tandem <a href=\"https:\/\/www.ozap.com\/personnalite\/denis-olivennes_e387572\" rel=\"nofollow noopener\" target=\"_blank\">Denis Olivennes<\/a> et <a href=\"https:\/\/www.ozap.com\/personnalite\/christopher-baldelli_e170105\" rel=\"nofollow noopener\" target=\"_blank\">Christopher Baldelli<\/a> annonce que \u00ab\u00a0Chez Ruquier\u00a0\u00bb d\u00e9butera d\u00e9sormais \u00e0 19h25 et se prolongera jusqu&rsquo;\u00e0 21h, soit 30 minutes de plus que la saison derni\u00e8re.<\/p>\n<p>Laurent Ruquier de retour le 6 septembre sur T18<\/p>\n<p>T\u00eate d&rsquo;affiche de T18, Laurent Ruquier re\u00e7oit chaque semaine les figures incontournables et les nouveaux visages du cin\u00e9ma, de la musique, de la litt\u00e9rature, du spectacle vivant et des arts plastiques. \u00ab\u00a0Je vais essayer d\u2019en\u00a0faire une rencontre entre artistes agr\u00e9able \u00e0 suivre et\u00a0pas excluante pour le t\u00e9l\u00e9spectateur.\u00a0C\u2019est, je crois, ma marque de fabrique, essayer de vulgariser, populariser la culture, donner envie, partager mes go\u00fbts\u00a0\u00bb, avait-il confi\u00e9 \u00e0 nos confr\u00e8res de \u00ab\u00a0Midi Libre\u00a0\u00bb en juin, souhaitant repr\u00e9senter les diff\u00e9rents arts culturels et la diversit\u00e9 des talents dans son \u00e9mission.\u00a0<\/p>\n<p>Comme en juin dernier, \u00ab\u00a0Chez Ruquier\u00a0\u00bb sera rediffus\u00e9 chaque samedi soir de 23h \u00e0 00h45. Une programmation en frontal avec \u00ab\u00a0Quelle \u00e9poque !\u00a0\u00bb le talk-show de sa meilleure ennemie du PAF, L\u00e9a Salam\u00e9. \u00ab\u00a0Notre format est beaucoup plus court que &lsquo;Quelle \u00c9poque&rsquo;. Le temps de chevauchement entre les 2 \u00e9missions d\u00e9pendra surtout de la dur\u00e9e de notre prime time le samedi soir, mais c&rsquo;est un choix assum\u00e9 de donner une seconde exposition \u00e0 notre \u00e9mission culturelle. Selon moi, il y a s\u00fbrement deux publics pour &lsquo;Chez Ruquier&rsquo;, un public qui est friand d\u2019un talk \u00e0 20h puis, plus tard, un public de deuxi\u00e8me partie de soir\u00e9e\u00a0\u00bb, assurait \u00e0 <strong>Purem\u00e9dias<\/strong> Christopher Baldelli lors du lancement de la cha\u00eene.<\/p>\n<p>Quel accueil le public a-t-il r\u00e9serv\u00e9 \u00e0 cette nouvelle cha\u00eene de la TNT ? Les observateurs des m\u00e9dias doivent (encore) patienter jusqu&rsquo;au 1er septembre pour le savoir puisque T18 n&rsquo;appara\u00eetra pas sur les documents M\u00e9diam\u00e9trie avant cette date. En effet, \u00ab\u00a0les audiences de T18 seront communiqu\u00e9es \u00e0 partir du 1er septembre 2025\u00a0\u00bb, a confirm\u00e9 l&rsquo;entreprise \u00e0<strong> <\/strong>Purem\u00e9dias<strong>.<\/strong> \u00ab\u00a0C&rsquo;\u00e9tait un souhait de leur part de n&rsquo;\u00eatre mesur\u00e9e qu&rsquo;\u00e0 partir de cette date\u00a0\u00bb, qui est aussi celle du lancement de NOVO19, cha\u00eene du groupe Ouest-France, sur le canal 19 de la TNT. Mais il n&rsquo;y aurait, selon l&rsquo;entreprise de statistiques, aucun lien de cause \u00e0 effet \u00e0 d\u00e9duire entre les deux \u00e9v\u00e9nements. Les premi\u00e8res audiences de \u00ab\u00a0Chez Ruquier\u00a0\u00bb seront donc connues le dimanche 7 septembre&#8230; sur Purem\u00e9dias.<\/p>\n","protected":false},"excerpt":{"rendered":"La suite apr\u00e8s la publicit\u00e9 Vous reprendrez bien un peu de Laurent Ruquier. Apr\u00e8s un \u00e9t\u00e9 \u00e9court\u00e9 par&hellip;\n","protected":false},"author":2,"featured_media":333269,"comment_status":"","ping_status":"","sticky":false,"template":"","format":"standard","meta":{"footnotes":""},"categories":[1356],"tags":[58,59,1011,27,252,1364],"class_list":{"0":"post-333268","1":"post","2":"type-post","3":"status-publish","4":"format-standard","5":"has-post-thumbnail","7":"category-television","8":"tag-divertissement","9":"tag-entertainment","10":"tag-fr","11":"tag-france","12":"tag-television","13":"tag-tv"},"share_on_mastodon":{"url":"https:\/\/pubeurope.com\/@fr\/115065260987285829","error":""},"_links":{"self":[{"href":"https:\/\/www.europesays.com\/fr\/wp-json\/wp\/v2\/posts\/333268","targetHints":{"allow":["GET"]}}],"collection":[{"href":"https:\/\/www.europesays.com\/fr\/wp-json\/wp\/v2\/posts"}],"about":[{"href":"https:\/\/www.europesays.com\/fr\/wp-json\/wp\/v2\/types\/post"}],"author":[{"embeddable":true,"href":"https:\/\/www.europesays.com\/fr\/wp-json\/wp\/v2\/users\/2"}],"replies":[{"embeddable":true,"href":"https:\/\/www.europesays.com\/fr\/wp-json\/wp\/v2\/comments?post=333268"}],"version-history":[{"count":0,"href":"https:\/\/www.europesays.com\/fr\/wp-json\/wp\/v2\/posts\/333268\/revisions"}],"wp:featuredmedia":[{"embeddable":true,"href":"https:\/\/www.europesays.com\/fr\/wp-json\/wp\/v2\/media\/333269"}],"wp:attachment":[{"href":"https:\/\/www.europesays.com\/fr\/wp-json\/wp\/v2\/media?parent=333268"}],"wp:term":[{"taxonomy":"category","embeddable":true,"href":"https:\/\/www.europesays.com\/fr\/wp-json\/wp\/v2\/categories?post=333268"},{"taxonomy":"post_tag","embeddable":true,"href":"https:\/\/www.europesays.com\/fr\/wp-json\/wp\/v2\/tags?post=333268"}],"curies":[{"name":"wp","href":"https:\/\/api.w.org\/{rel}","templated":true}]}}