{"id":33327,"date":"2025-04-18T05:47:11","date_gmt":"2025-04-18T05:47:11","guid":{"rendered":"https:\/\/www.europesays.com\/fr\/33327\/"},"modified":"2025-04-18T05:47:11","modified_gmt":"2025-04-18T05:47:11","slug":"apres-rebbadj-et-smaili-toulon-enchaine-avec-la-prolongation-de-marius-domon","status":"publish","type":"post","link":"https:\/\/www.europesays.com\/fr\/33327\/","title":{"rendered":"apr\u00e8s Rebbadj et Sma\u00efli, Toulon encha\u00eene avec la prolongation de Marius Domon"},"content":{"rendered":"<p>Apr\u00e8s l\u2019annonce des prolongations de contrat des Toulonnais Rebbadj et Sma\u00efli, c\u2019est le jeune Marius Domon qui rempile jusqu\u2019en 2028 avec le RCT.<\/p>\n<p class=\"fig-paragraph\">La semaine des prolongations \u00e0 Toulon. \u00c9limin\u00e9 sur le fil \u00e0 Mayol au terme d\u2019un gros combat en quart de finale de Champions Cup contre le Stade Toulousain (18-21), le RC Toulon a encha\u00een\u00e9 cette semaine les prolongations de contrat et s\u00e9curis\u00e9 son avenir. En l\u2019espace de quelques jours, le RCT a officialis\u00e9 la prolongation de contrat de\u00a0<a href=\"http:\/\/www.lefigaro.fr\/sports\/rugby\/top-14\/top-14-toulon-annonce-la-prolongation-jusqu-en-2027-de-mathieu-smaili-20250415\" data-fig-type=\"NewsFlash\" data-gtm-custom-categorie=\"navigation\" data-gtm-custom-action=\"crossclick\" data-gtm-custom-label=\"Contextuel\" data-gtm-event=\"customEventSPE\" data-fig-domain=\"LEFIGARO\" target=\"_blank\" rel=\"noopener\">Mathieu Sma\u00efli<\/a>, de\u00a0<a href=\"http:\/\/www.lefigaro.fr\/sports\/rugby\/top-14\/top-14-swan-rebbadj-prolonge-au-rc-toulon-jusqu-en-2028-20250416\" data-fig-type=\"NewsFlash\" data-gtm-custom-categorie=\"navigation\" data-gtm-custom-action=\"crossclick\" data-gtm-custom-label=\"Contextuel\" data-gtm-event=\"customEventSPE\" data-fig-domain=\"LEFIGARO\" target=\"_blank\" rel=\"noopener\">Swann Rebbadj<\/a>\u00a0puis en ce jeudi, du jeune arri\u00e8re Marius Domon jusqu\u2019en 2028.<\/p>\n<p class=\"fig-paragraph\">Habile sous les ballons hauts et solide d\u00e9fensivement, il avait \u00e9t\u00e9 convoqu\u00e9 par Fabien Galthi\u00e9 pour pr\u00e9parer les matchs du Tournoi des six nations 2025 face \u00e0 l\u2019Irlande et l\u2019\u00c9cosse. Confiant d\u2019avoir sa place dans le projet du club varois, le joueur de 22 ans affirme\u00a0: \u00abJe suis tr\u00e8s heureux de prolonger mon contrat avec le RCT. Ce club m\u2019a donn\u00e9 l\u2019opportunit\u00e9 de m\u2019exprimer et de progresser. Je me sens bien ici, entour\u00e9 de joueurs et d\u2019un staff qui me font confiance. C\u2019est une fiert\u00e9 de porter ce maillot et je suis motiv\u00e9 \u00e0 continuer de tout donner pour l\u2019\u00e9quipe.\u00bb<\/p>\n<p class=\"fig-body-link\">\n            \u00c0 lire aussi<br \/>\n        <a class=\"fig-body-link__link\" href=\"http:\/\/www.lefigaro.fr\/sports\/rugby\/top-14\/top-14-toulon-annonce-la-prolongation-jusqu-en-2027-de-mathieu-smaili-20250415\" data-fig-type=\"NewsFlash\" data-gtm-custom-categorie=\"navigation\" data-gtm-custom-action=\"crossclick\" data-gtm-custom-label=\"Contextuel\" data-gtm-event=\"customEventSPE\" data-fig-domain=\"LEFIGARO\" target=\"_blank\" rel=\"noopener\">Top 14\u00a0: Toulon annonce la prolongation jusqu\u2019en 2027 de Mathieu Sma\u00efli<br \/>\n    <\/a>\n<\/p>\n<p class=\"fig-paragraph\">Une d\u00e9claration pleine de reconnaissance de la part de Domon. Et le directeur sportif Laurent Emmanuelli ne tarit pas d\u2019\u00e9loges sur son jeune joueur\u00a0: \u00abMarius a d\u00e9montr\u00e9 en tr\u00e8s peu de temps qu\u2019il avait le profil et la maturit\u00e9 pour s\u2019imposer dans l\u2019\u00e9lite. Il travaille dur, il a un \u00e9tat d\u2019esprit irr\u00e9prochable, et il repr\u00e9sente l\u2019avenir du club. Le conserver dans notre projet nous a paru \u00e9vident.\u00bb Le joueur est li\u00e9 avec le RCT jusqu\u2019en 2028, lui qui a d\u00e9j\u00e0 disput\u00e9 34 matchs au total avec le club varois.<\/p>\n","protected":false},"excerpt":{"rendered":"Apr\u00e8s l\u2019annonce des prolongations de contrat des Toulonnais Rebbadj et Sma\u00efli, c\u2019est le jeune Marius Domon qui rempile&hellip;\n","protected":false},"author":2,"featured_media":33328,"comment_status":"","ping_status":"","sticky":false,"template":"","format":"standard","meta":{"footnotes":""},"categories":[9619],"tags":[1111,11,525,4590,1981,2313,814,1777,674,1011,27,955,12,4589,882,2311,3461,25,1980,479,2259,478,2310,2312],"class_list":{"0":"post-33327","1":"post","2":"type-post","3":"status-publish","4":"format-standard","5":"has-post-thumbnail","7":"category-toulon","8":"tag-actu","9":"tag-actualites","10":"tag-calendrier","11":"tag-championnat-france","12":"tag-classement","13":"tag-clermont","14":"tag-direct","15":"tag-eu","16":"tag-europe","17":"tag-fr","18":"tag-france","19":"tag-match","20":"tag-news","21":"tag-phase-finale","22":"tag-provence-alpes-cote-dazur","23":"tag-racing","24":"tag-rct","25":"tag-republique-francaise","26":"tag-resultats","27":"tag-rugby","28":"tag-score","29":"tag-top-14","30":"tag-toulon","31":"tag-toulouse"},"share_on_mastodon":{"url":"https:\/\/pubeurope.com\/@fr\/114357393385455799","error":""},"_links":{"self":[{"href":"https:\/\/www.europesays.com\/fr\/wp-json\/wp\/v2\/posts\/33327","targetHints":{"allow":["GET"]}}],"collection":[{"href":"https:\/\/www.europesays.com\/fr\/wp-json\/wp\/v2\/posts"}],"about":[{"href":"https:\/\/www.europesays.com\/fr\/wp-json\/wp\/v2\/types\/post"}],"author":[{"embeddable":true,"href":"https:\/\/www.europesays.com\/fr\/wp-json\/wp\/v2\/users\/2"}],"replies":[{"embeddable":true,"href":"https:\/\/www.europesays.com\/fr\/wp-json\/wp\/v2\/comments?post=33327"}],"version-history":[{"count":0,"href":"https:\/\/www.europesays.com\/fr\/wp-json\/wp\/v2\/posts\/33327\/revisions"}],"wp:featuredmedia":[{"embeddable":true,"href":"https:\/\/www.europesays.com\/fr\/wp-json\/wp\/v2\/media\/33328"}],"wp:attachment":[{"href":"https:\/\/www.europesays.com\/fr\/wp-json\/wp\/v2\/media?parent=33327"}],"wp:term":[{"taxonomy":"category","embeddable":true,"href":"https:\/\/www.europesays.com\/fr\/wp-json\/wp\/v2\/categories?post=33327"},{"taxonomy":"post_tag","embeddable":true,"href":"https:\/\/www.europesays.com\/fr\/wp-json\/wp\/v2\/tags?post=33327"}],"curies":[{"name":"wp","href":"https:\/\/api.w.org\/{rel}","templated":true}]}}