{"id":333270,"date":"2025-08-21T06:07:11","date_gmt":"2025-08-21T06:07:11","guid":{"rendered":"https:\/\/www.europesays.com\/fr\/333270\/"},"modified":"2025-08-21T06:07:11","modified_gmt":"2025-08-21T06:07:11","slug":"helena-et-mentissa-en-concert-au-japon-pour-cet-evenement-pas-comme-les-autres","status":"publish","type":"post","link":"https:\/\/www.europesays.com\/fr\/333270\/","title":{"rendered":"Helena et Mentissa en concert au Japon pour cet \u00e9v\u00e9nement pas comme les autres"},"content":{"rendered":"<p><img decoding=\"async\" src=\"https:\/\/www.europesays.com\/fr\/wp-content\/uploads\/2025\/08\/photo_1755680342.jpg\" class=\"textcenter img-content\" loading=\"lazy\"\/>Montage Purecharts Bestimage<br \/>\n<br \/>\nHelena et Mentissa partagent une belle amiti\u00e9. Toutes deux originaires de Belgique, les deux artistes ont \u00e9t\u00e9 r\u00e9v\u00e9l\u00e9es dans un t\u00e9l\u00e9-crochet, <a href=\"https:\/\/www.chartsinfrance.net\/Star-Academy\/news-133517.html\" target=\"_blank\" class=\"spip_out\" rel=\"nofollow noopener\">\u00ab\u00a0Star Academy\u00a0\u00bb<\/a> pour l&rsquo;une, <a href=\"https:\/\/www.chartsinfrance.net\/actualite\/news-133349.html\" target=\"_blank\" class=\"spip_out\" rel=\"nofollow noopener\">\u00ab\u00a0The Voice\u00a0\u00bb<\/a> pour l&rsquo;autre, et chacune conna\u00eet un d\u00e9but de carri\u00e8re prometteur. Ces derniers mois, les deux copines ont d&rsquo;ailleurs souvent partag\u00e9es la sc\u00e8ne, lors de plateaux radios ou \u00e0 la t\u00e9l\u00e9vision. R\u00e9cemment, Helena et Mentissa ont d&rsquo;ailleurs <a href=\"https:\/\/www.chartsinfrance.net\/Helena\/news-133277.html\" target=\"_blank\" class=\"spip_out\" rel=\"nofollow noopener\">repris le tube \u00ab\u00a0Formidable\u00a0\u00bb de Stromae<\/a> \u00e0 l&rsquo;occasion de la f\u00eate nationale belge, et leur duo a fait l&rsquo;unanimit\u00e9 sur les r\u00e9seaux sociaux. <\/p>\n<p>Le player Dailymotion est en train de se charger&#8230;<\/p>\n<p>\u00ab\u00a0Un coup de coeur humain\u00a0\u00bb<br \/>\n\u00ab On rencontre une personne &#8211; \u00e7a ne fait que six mois qu&rsquo;on se connait &#8211; et tu as l&rsquo;impression que tu la connais depuis toujours. Avec Helena, j&rsquo;ai vraiment eu \u00e7a. J&rsquo;ai tout de suite eu un coup de coeur humain, parce que je la trouve tr\u00e8s humble, tr\u00e8s terre \u00e0 terre. \u00c7a fait du bien d&rsquo;avoir des artistes f\u00e9minines comme elle \u00bb se r\u00e9jouissait r\u00e9cemment Mentissa \u00e0 propos de son amie qui <a href=\"https:\/\/www.chartsinfrance.net\/Helena\/news-133520.html\" target=\"_blank\" class=\"spip_out\" rel=\"nofollow noopener\">vient de reprendre Billie Eilish<\/a>. D\u00e9sormais, une nouvelle aventure les attend ! En effet, les deux chanteuses vont s&rsquo;envoler pour Osaka, au Japon, afin de repr\u00e9senter la Belgique lors d&rsquo;un \u00e9v\u00e9nement pas comme les autres.<\/p>\n<blockquote class=\"instagram-media\" data-instgrm-permalink=\"https:\/\/www.instagram.com\/p\/DNiowM8tgEQ\/?utm_source=ig_embed&amp;utm_campaign=loading\" data-instgrm-version=\"14\" style=\" background:#FFF; border:0; border-radius:3px; box-shadow:0 0 1px 0 rgba(0,0,0,0.5),0 1px 10px 0 rgba(0,0,0,0.15); margin: 1px; max-width:540px; min-width:326px; padding:0; width:99.375%; width:-webkit-calc(100% - 2px); width:calc(100% - 2px);\"\/>\n<p>Dans le cadre de l&rsquo;Exposition Universelle 2025 d&rsquo;Osaka, la Belgique va \u00eatre mise \u00e0 l&rsquo;honneur le 14 septembre. Pour l&rsquo;occasion, Helena et Mentissa mettront en lumi\u00e8re la culture de leur pays le temps d&rsquo;un concert qui se d\u00e9roulera au sein du pavillon belge de l&rsquo;exposition. Si on ne sait pas encore ce qu&rsquo;elles chanteront sur sc\u00e8ne, les deux amies seront accompagn\u00e9es d&rsquo;une chorale de 100 enfants japonais ! Selon le SPF Chancellerie, le pavillon belge a d\u00e9j\u00e0 accueilli plus de 500.000 visiteurs depuis son ouverture en avril dernier.<\/p>\n<p><script async src=\"\/\/www.instagram.com\/embed.js\"><\/script><\/p>\n","protected":false},"excerpt":{"rendered":"Montage Purecharts Bestimage Helena et Mentissa partagent une belle amiti\u00e9. Toutes deux originaires de Belgique, les deux artistes&hellip;\n","protected":false},"author":2,"featured_media":333271,"comment_status":"","ping_status":"","sticky":false,"template":"","format":"standard","meta":{"footnotes":""},"categories":[1355],"tags":[58,59,1011,27,1361,873],"class_list":{"0":"post-333270","1":"post","2":"type-post","3":"status-publish","4":"format-standard","5":"has-post-thumbnail","7":"category-musique","8":"tag-divertissement","9":"tag-entertainment","10":"tag-fr","11":"tag-france","12":"tag-music","13":"tag-musique"},"share_on_mastodon":{"url":"https:\/\/pubeurope.com\/@fr\/115065261079199993","error":""},"_links":{"self":[{"href":"https:\/\/www.europesays.com\/fr\/wp-json\/wp\/v2\/posts\/333270","targetHints":{"allow":["GET"]}}],"collection":[{"href":"https:\/\/www.europesays.com\/fr\/wp-json\/wp\/v2\/posts"}],"about":[{"href":"https:\/\/www.europesays.com\/fr\/wp-json\/wp\/v2\/types\/post"}],"author":[{"embeddable":true,"href":"https:\/\/www.europesays.com\/fr\/wp-json\/wp\/v2\/users\/2"}],"replies":[{"embeddable":true,"href":"https:\/\/www.europesays.com\/fr\/wp-json\/wp\/v2\/comments?post=333270"}],"version-history":[{"count":0,"href":"https:\/\/www.europesays.com\/fr\/wp-json\/wp\/v2\/posts\/333270\/revisions"}],"wp:featuredmedia":[{"embeddable":true,"href":"https:\/\/www.europesays.com\/fr\/wp-json\/wp\/v2\/media\/333271"}],"wp:attachment":[{"href":"https:\/\/www.europesays.com\/fr\/wp-json\/wp\/v2\/media?parent=333270"}],"wp:term":[{"taxonomy":"category","embeddable":true,"href":"https:\/\/www.europesays.com\/fr\/wp-json\/wp\/v2\/categories?post=333270"},{"taxonomy":"post_tag","embeddable":true,"href":"https:\/\/www.europesays.com\/fr\/wp-json\/wp\/v2\/tags?post=333270"}],"curies":[{"name":"wp","href":"https:\/\/api.w.org\/{rel}","templated":true}]}}