{"id":333272,"date":"2025-08-21T06:08:22","date_gmt":"2025-08-21T06:08:22","guid":{"rendered":"https:\/\/www.europesays.com\/fr\/333272\/"},"modified":"2025-08-21T06:08:22","modified_gmt":"2025-08-21T06:08:22","slug":"un-film-sur-les-pretres-exorcistes-en-avant-premiere-dans-ce-cinema-de-gironde","status":"publish","type":"post","link":"https:\/\/www.europesays.com\/fr\/333272\/","title":{"rendered":"Un film sur les pr\u00eatres exorcistes en avant-premi\u00e8re dans ce cin\u00e9ma de Gironde"},"content":{"rendered":"<p>            Par<br \/>\n        <strong><br \/>\n            <a href=\"https:\/\/actu.fr\/auteur\/bpeyre\" title=\"Consulter tous les articles de Bernard Peyr\u00e9\" target=\"_blank\" rel=\"noopener\">Bernard Peyr\u00e9<\/a><br \/>\n        <\/strong><\/p>\n<p>        Publi\u00e9 le<\/p>\n<p>            20 ao\u00fbt 2025 \u00e0 17h50        <\/p>\n<p>Jeudi 21\u00a0ao\u00fbt 2025, \u00e0 20\u2009h\u200915, au <a href=\"https:\/\/www.grandecran.fr\/evenements\/47093-souffrance-et-delivrance\/\" target=\"_blank\" rel=\"noopener\">cin\u00e9ma Grand \u00c9cran<\/a> de <a href=\"https:\/\/actu.fr\/nouvelle-aquitaine\/langon_33227\" target=\"_blank\" rel=\"noopener\">Langon<\/a> (<b>Gironde<\/b>), et le 22\u00a0ao\u00fbt \u00e0 20\u2009h au cin\u00e9ma Grand \u00c9cran d\u2019<b>Arcachon<\/b>, le r\u00e9alisateur <b>Jean-Fran\u00e7ois Ciranna <\/b>viendra pr\u00e9senter en avant-premi\u00e8re son film documentaire <b>Souffrance et d\u00e9livrance<\/b> (interdit aux moins de 16\u00a0ans), sur <a href=\"https:\/\/actu.fr\/?s=exorcisme\" target=\"_blank\" rel=\"noopener\">les exorcismes<\/a>.<\/p>\n<p class=\" wall-content\">\n<p class=\" wall-content\">Il a film\u00e9 des s\u00e9ances d\u2019exorcismes, des t\u00e9moignages, ainsi que trois pr\u00eatres exorcistes.<\/p>\n<p class=\" wall-content\"><a href=\"https:\/\/www.mysecretangelcompany.com\/\" target=\"_blank\" rel=\"noopener\">Jean-Fran\u00e7ois Ciranna<\/a> est \u00e9crivain, sc\u00e9nariste et producteur, auteur des s\u00e9ries UGO Chevalier des r\u00eaves, Ghost house &amp;Co.<\/p>\n<p>    <img   decoding=\"async\" loading=\"lazy\" class=\"size-large\" src=\"https:\/\/www.europesays.com\/fr\/wp-content\/uploads\/2025\/08\/aec59188c5a8692d59188c5a866d59v-960x636.jpg\" alt=\"fr\" width=\"960\" height=\"636\"\/><br \/>\n    Le r\u00e9alisateur Jean-Fran\u00e7ois Ciranna. \u00a9J.-F.C.<\/p>\n<p class=\" wall-content\">Il a \u00e9crit le film Souffrance et d\u00e9livrance avec Monia Frouda.<\/p>\n<p>Vid\u00e9os : en ce moment sur Actu<\/p>\n<blockquote class=\"ac-article-quote wall-content\">\n<p>J\u2019ai ressenti l\u2019urgence de traiter ce sujet tabou avec respect.<\/p>\n<p>Jean-Fran\u00e7ois Ciranna, r\u00e9alisateur<\/p><\/blockquote>\n<p class=\" wall-content\">Le r\u00e9alisateur Jean-Fran\u00e7ois Ciranna confiait en mai\u00a02025 au <a href=\"https:\/\/www.nicematin.com\/cinema\/ce-tournage-a-ebranle-mes-certitudes-ces-cannois-ont-realise-un-documentaire-sur-les-pretres-exorcistes-985761\" target=\"_blank\" rel=\"noopener\">journal Nice-Matin\u2009<\/a>: \u00ab\u2009C\u2019est en observant la d\u00e9tresse mentale croissante de notre soci\u00e9t\u00e9 que j\u2019ai ressenti l\u2019urgence de traiter ce <b>sujet tabou<\/b> avec respect, loin de tout sensationnalisme hollywoodien. De nature cart\u00e9sienne, j\u2019ai abord\u00e9 ce projet avec scepticisme\u2026 jusqu\u2019\u00e0 assister \u00e0 <b>deux v\u00e9ritables s\u00e9ances d\u2019exorcisme <\/b>dans une chapelle de <b>Grasse<\/b>\u2009\u00bb.<\/p>\n<p>Votre r\u00e9gion, votre actu !<\/p>\n<p>Recevez chaque jour les infos qui comptent pour vous.<\/p>\n<p>\t<a href=\"https:\/\/actu.fr\/newsletter\" class=\"ac-btn ac-btn--corner ac-btn--medium ac-btn--blue800\" target=\"_blank\" rel=\"noopener\">S&rsquo;incrire<\/a><\/p>\n<p class=\" wall-content\">Le tournage s\u2019est d\u00e9roul\u00e9 entre mai\u00a02024 et f\u00e9vrier\u00a02025, sur la C\u00f4te d\u2019Azur (<b>Grasse, Nice, Cagnes-sur-Mer, Peymeinade<\/b>), et dans le Var (aux Arcs-sur-Argens et \u00e0 Montauroux), mais aussi en <b>Italie<\/b>, \u00e0 Seborga.<\/p>\n<p class=\" wall-content\">Souffrance et d\u00e9livrance sortira sur les \u00e9crans le <b>8 octobre<\/b> prochain.<\/p>\n<p>Jeudi 21\u00a0ao\u00fbt, \u00e0 20\u2009h\u200915, au cin\u00e9ma Grand \u00c9cran de Langon. Tarif unique\u2009: 7\u00a0\u20ac. R\u00e9servations sur\u2009: <a href=\"https:\/\/www.grandecran.fr\/\" target=\"_blank\" rel=\"noopener\">grandecran.fr<\/a><\/p>\n<p class=\" wall-content\">Personnalisez votre actualit\u00e9 en ajoutant vos villes et m\u00e9dias en favori avec <a href=\"https:\/\/moncompte.actu.fr\" title=\"D\u00e9couvez Mon Actu\" rel=\"nofollow noopener\" data-trk=\"{&quot;cta&quot;:{&quot;action&quot;:&quot;https:\\\/\\\/moncompte.actu.fr&quot;,&quot;category&quot;:&quot;mon compte&quot;,&quot;from&quot;:&quot;article footer&quot;,&quot;name&quot;:&quot;Mon actu&quot;,&quot;type&quot;:&quot;cta&quot;}}\" target=\"_blank\">Mon Actu<\/a>.<\/p>\n","protected":false},"excerpt":{"rendered":"Par Bernard Peyr\u00e9 Publi\u00e9 le 20 ao\u00fbt 2025 \u00e0 17h50 Jeudi 21\u00a0ao\u00fbt 2025, \u00e0 20\u2009h\u200915, au cin\u00e9ma Grand&hellip;\n","protected":false},"author":2,"featured_media":333273,"comment_status":"","ping_status":"","sticky":false,"template":"","format":"standard","meta":{"footnotes":""},"categories":[1354],"tags":[650,58,59,1346,1011,27,1652,1360,206,4020],"class_list":{"0":"post-333272","1":"post","2":"type-post","3":"status-publish","4":"format-standard","5":"has-post-thumbnail","7":"category-films","8":"tag-cinema","9":"tag-divertissement","10":"tag-entertainment","11":"tag-films","12":"tag-fr","13":"tag-france","14":"tag-loisirs-culture","15":"tag-movies","16":"tag-psycho","17":"tag-religion"},"share_on_mastodon":{"url":"https:\/\/pubeurope.com\/@fr\/115065264947528422","error":""},"_links":{"self":[{"href":"https:\/\/www.europesays.com\/fr\/wp-json\/wp\/v2\/posts\/333272","targetHints":{"allow":["GET"]}}],"collection":[{"href":"https:\/\/www.europesays.com\/fr\/wp-json\/wp\/v2\/posts"}],"about":[{"href":"https:\/\/www.europesays.com\/fr\/wp-json\/wp\/v2\/types\/post"}],"author":[{"embeddable":true,"href":"https:\/\/www.europesays.com\/fr\/wp-json\/wp\/v2\/users\/2"}],"replies":[{"embeddable":true,"href":"https:\/\/www.europesays.com\/fr\/wp-json\/wp\/v2\/comments?post=333272"}],"version-history":[{"count":0,"href":"https:\/\/www.europesays.com\/fr\/wp-json\/wp\/v2\/posts\/333272\/revisions"}],"wp:featuredmedia":[{"embeddable":true,"href":"https:\/\/www.europesays.com\/fr\/wp-json\/wp\/v2\/media\/333273"}],"wp:attachment":[{"href":"https:\/\/www.europesays.com\/fr\/wp-json\/wp\/v2\/media?parent=333272"}],"wp:term":[{"taxonomy":"category","embeddable":true,"href":"https:\/\/www.europesays.com\/fr\/wp-json\/wp\/v2\/categories?post=333272"},{"taxonomy":"post_tag","embeddable":true,"href":"https:\/\/www.europesays.com\/fr\/wp-json\/wp\/v2\/tags?post=333272"}],"curies":[{"name":"wp","href":"https:\/\/api.w.org\/{rel}","templated":true}]}}