{"id":333277,"date":"2025-08-21T06:11:16","date_gmt":"2025-08-21T06:11:16","guid":{"rendered":"https:\/\/www.europesays.com\/fr\/333277\/"},"modified":"2025-08-21T06:11:16","modified_gmt":"2025-08-21T06:11:16","slug":"leurovision-2026-de-retour-a-vienne-onze-ans-apres-conchita-wurst-actualites","status":"publish","type":"post","link":"https:\/\/www.europesays.com\/fr\/333277\/","title":{"rendered":"L&rsquo;Eurovision 2026 de retour \u00e0 Vienne, onze ans apr\u00e8s Conchita Wurst : Actualit\u00e9s"},"content":{"rendered":"<p class=\"lead \">Vienne, temple de la musique classique, a \u00e9t\u00e9 pr\u00e9f\u00e9r\u00e9e mercredi \u00e0 la ville tyrolienne d&rsquo;Innsbruck pour organiser l&rsquo;Eurovision 2026, promettant d&rsquo;\u00eatre \u00e0 la hauteur de l&rsquo;image de diversit\u00e9 de ce concours de chanson au retentissement plan\u00e9taire.<\/p>\n<p class=\"lead \">La capitale de plus de deux millions d&rsquo;habitants s&rsquo;\u00e9tait port\u00e9e candidate avec le slogan \u00ab\u00a0Europe, shall we dance?\u00a0\u00bb (Europe, dansons-nous?), forte du succ\u00e8s de l&rsquo;\u00e9dition 2015 apr\u00e8s le triomphe de la drag-queen barbue Conchita Wurst. <\/p>\n<p class=\"lead \">Cette fois, c&rsquo;est le jeune artiste JJ, contre-t\u00e9nor queer de 24 ans, qui a ramen\u00e9 en mai le troph\u00e9e \u00e0 la maison. Avec donc la t\u00e2che pour l&rsquo;Autriche d&rsquo;organiser l&rsquo;\u00e9dition suivante, selon la tradition.<\/p>\n<p class=\"lead \">\u00ab\u00a0La r\u00e9putation de Vienne, consid\u00e9r\u00e9e comme l&rsquo;une des villes les plus importantes au monde sur le plan de la musique, et sa situation au c\u0153ur de l&rsquo;Europe en font la ville h\u00f4te id\u00e9ale\u00a0\u00bb pour ce 70e concours, s&rsquo;est f\u00e9licit\u00e9 Martin Green, le directeur de l&rsquo;Eurovision, apr\u00e8s l&rsquo;annonce du lieu sur les antennes de la radio-t\u00e9l\u00e9vision publique ORF.<\/p>\n<p class=\"lead \">Rendez-vous est donn\u00e9 en mai 2026: la finale se d\u00e9roulera le 16, en \u00e9pilogue d&rsquo;une semaine de festivit\u00e9s. <\/p>\n<p class=\"lead \">&#8211; 166 millions de t\u00e9l\u00e9spectateurs &#8211;<\/p>\n<p class=\"lead \">Vienne avait aussi accueilli l&rsquo;Eurovision en 1967, un peu plus de dix ans apr\u00e8s sa cr\u00e9ation. Mais l&rsquo;\u00e9v\u00e9nement n&rsquo;a plus rien \u00e0 voir avec ses d\u00e9buts: d\u00e9sormais extravagant, spectaculaire et souvent kitsch, il a \u00e9t\u00e9 suivi cette ann\u00e9e \u00e0 B\u00e2le par 166 millions de t\u00e9l\u00e9spectateurs dans 37 pays, et s\u00e9duit les nouvelles g\u00e9n\u00e9rations sur les r\u00e9seaux sociaux.<\/p>\n<p class=\"lead \">Avec chaque ann\u00e9e, son lot de pol\u00e9miques: dans les rues de Suisse comme en Su\u00e8de un an plus t\u00f4t, des manifestants propalestiniens avaient protest\u00e9 contre la participation d&rsquo;Isra\u00ebl au concours malgr\u00e9 l&rsquo;offensive men\u00e9e \u00e0 Gaza.<\/p>\n<p class=\"lead \">Des pays ont d\u00e9j\u00e0 \u00e9t\u00e9 exclus de l&rsquo;Eurovision, \u00e0 l&rsquo;instar du B\u00e9larus en 2021 apr\u00e8s la r\u00e9\u00e9lection contest\u00e9e du pr\u00e9sident Alexandre Loukachenko. La Russie l&rsquo;a \u00e9t\u00e9 un an plus tard, apr\u00e8s avoir envahi l&rsquo;Ukraine.<\/p>\n<p class=\"lead \">Johannes Pietsch, alias JJ, avait lui-m\u00eame plaid\u00e9 pour une \u00e9dition autrichienne \u00ab\u00a0sans Isra\u00ebl\u00a0\u00bb, avant de s&rsquo;excuser pour les remous provoqu\u00e9s par ses propos dans son pays.<\/p>\n<p class=\"lead \">Le parti d&rsquo;extr\u00eame droite FP\u00d6 a mis en garde contre \u00ab\u00a0une tribune offerte \u00e0 l&rsquo;antis\u00e9mitisme\u00a0\u00bb, \u00e9trillant aussi \u00ab\u00a0un spectacle queer, gauchiste et woke\u00a0\u00bb.<\/p>\n<p class=\"lead \">&#8211; Ode \u00e0 la diff\u00e9rence &#8211;<\/p>\n<p class=\"lead \">Car l&rsquo;Eurovision se veut une grande f\u00eate pour la tol\u00e9rance, offrant une importante visibilit\u00e9 \u00e0 la communaut\u00e9 LGBT+.<\/p>\n<p class=\"lead \">En clin d&rsquo;oeil au concours, Vienne avait install\u00e9 en 2015 des feux pi\u00e9tons de signalisation mettant en sc\u00e8ne des couples gays au lieu du petit bonhomme solitaire. Pl\u00e9biscit\u00e9s par le public, ces pictogrammes ont perdur\u00e9 et essaim\u00e9 dans plusieurs villes d&rsquo;Autriche.<\/p>\n<p class=\"lead \">Le maire social-d\u00e9mocrate, Michael Ludwig, a salu\u00e9 mercredi \u00ab\u00a0le message d&rsquo;ouverture au monde et de coexistence pacifique\u00a0\u00bb de l&rsquo;Eurovision, qui trouve selon lui une r\u00e9sonance \u00e0 Vienne, \u00ab\u00a0une ville tr\u00e8s cosmopolite, o\u00f9 chacun peut choisir son mode de vie, aussi diff\u00e9rent soit-il\u00a0\u00bb.<\/p>\n<p class=\"lead \">Face aux critiques sur le co\u00fbt au moment o\u00f9 le pays alpin, vis\u00e9 par une proc\u00e9dure de la Commission europ\u00e9enne pour d\u00e9ficit excessif, doit se serrer la ceinture, les organisateurs ont promis de faire preuve de vigilance.<\/p>\n<p class=\"lead \">La municipalit\u00e9 s&rsquo;est fix\u00e9 un plafond de 22,6 millions d&rsquo;euros et le directeur du concours a lui rappel\u00e9 les \u00e9normes retomb\u00e9es \u00e9conomiques de l&rsquo;\u00e9v\u00e9nement, 500.000 visiteurs se sont rendus cette ann\u00e9e \u00e0 B\u00e2le.<\/p>\n<p class=\"lead \">L&rsquo;Eurovision aura lieu, comme en 2015, dans la Wiener Stadhalle, salle de concerts pouvant accueillir jusqu&rsquo;\u00e0 16.000 personnes.<\/p>\n<p class=\"lead \">\u00ab\u00a0Together on top\u00a0\u00bb (Ensemble au sommet): la touristique Innsbruck, dans le Tyrol, avait mis\u00e9 sur la carte alpine et son \u00ab\u00a0hospitalit\u00e9\u00a0\u00bb pour l&#8217;emporter mais la ville de 132.000 habitants a perdu le duel face \u00e0 la capitale, mieux dot\u00e9e en capacit\u00e9s d&rsquo;h\u00e9bergement et extr\u00eamement bien reli\u00e9e au reste de l&rsquo;Europe par l&rsquo;avion et le train.<\/p>\n<p class=\"small font-weight-bold text-gray3 \"> publi\u00e9 le 20 ao\u00fbt \u00e0 18h15, AFP<\/p>\n<p>                             Partager<\/p>\n","protected":false},"excerpt":{"rendered":"Vienne, temple de la musique classique, a \u00e9t\u00e9 pr\u00e9f\u00e9r\u00e9e mercredi \u00e0 la ville tyrolienne d&rsquo;Innsbruck pour organiser l&rsquo;Eurovision&hellip;\n","protected":false},"author":2,"featured_media":333278,"comment_status":"","ping_status":"","sticky":false,"template":"","format":"standard","meta":{"footnotes":""},"categories":[8],"tags":[13989,58,59,2399,1011,27,9555,873,9556],"class_list":{"0":"post-333277","1":"post","2":"type-post","3":"status-publish","4":"format-standard","5":"has-post-thumbnail","7":"category-divertissement","8":"tag-autriche","9":"tag-divertissement","10":"tag-entertainment","11":"tag-eurovision","12":"tag-fr","13":"tag-france","14":"tag-mdias","15":"tag-musique","16":"tag-tlvision"},"share_on_mastodon":{"url":"https:\/\/pubeurope.com\/@fr\/115065276611792160","error":""},"_links":{"self":[{"href":"https:\/\/www.europesays.com\/fr\/wp-json\/wp\/v2\/posts\/333277","targetHints":{"allow":["GET"]}}],"collection":[{"href":"https:\/\/www.europesays.com\/fr\/wp-json\/wp\/v2\/posts"}],"about":[{"href":"https:\/\/www.europesays.com\/fr\/wp-json\/wp\/v2\/types\/post"}],"author":[{"embeddable":true,"href":"https:\/\/www.europesays.com\/fr\/wp-json\/wp\/v2\/users\/2"}],"replies":[{"embeddable":true,"href":"https:\/\/www.europesays.com\/fr\/wp-json\/wp\/v2\/comments?post=333277"}],"version-history":[{"count":0,"href":"https:\/\/www.europesays.com\/fr\/wp-json\/wp\/v2\/posts\/333277\/revisions"}],"wp:featuredmedia":[{"embeddable":true,"href":"https:\/\/www.europesays.com\/fr\/wp-json\/wp\/v2\/media\/333278"}],"wp:attachment":[{"href":"https:\/\/www.europesays.com\/fr\/wp-json\/wp\/v2\/media?parent=333277"}],"wp:term":[{"taxonomy":"category","embeddable":true,"href":"https:\/\/www.europesays.com\/fr\/wp-json\/wp\/v2\/categories?post=333277"},{"taxonomy":"post_tag","embeddable":true,"href":"https:\/\/www.europesays.com\/fr\/wp-json\/wp\/v2\/tags?post=333277"}],"curies":[{"name":"wp","href":"https:\/\/api.w.org\/{rel}","templated":true}]}}