{"id":333279,"date":"2025-08-21T06:12:12","date_gmt":"2025-08-21T06:12:12","guid":{"rendered":"https:\/\/www.europesays.com\/fr\/333279\/"},"modified":"2025-08-21T06:12:12","modified_gmt":"2025-08-21T06:12:12","slug":"thank-you-mr-president-avec-les-droits-de-douane-de-trump-le-prix-de-la-ps5-augmente-aux-etats-unis-et-fache-les-consommateurs","status":"publish","type":"post","link":"https:\/\/www.europesays.com\/fr\/333279\/","title":{"rendered":"\u00abThank you Mr.\u00a0President\u00bb: avec les droits de douane de Trump, le prix de la PS5 augmente aux Etats-Unis et f\u00e2che les consommateurs"},"content":{"rendered":"<p>    R\u00e9sum\u00e9 en 20 secondes<\/p>\n<p>        En savoir plus sur ce type de contenu<\/p>\n<p>Ce r\u00e9sum\u00e9 peut avoir \u00e9t\u00e9 \u00e9crit avec l&rsquo;assistance d\u2019une IA g\u00e9n\u00e9rative. <a href=\"https:\/\/www.letemps.ch\/cyber\/l-usage-de-l-ia-generative-par-les-journalistes-du-temps\" rel=\"nofollow noopener\" target=\"_blank\">En savoir plus<\/a><\/p>\n<p class=\"article__abstract-call-to-action\" data-ariato=\"TrackableElement\" data-trackable-element-type=\"article_abstract_cta\" data-trackable-element-location=\"article_header\" data-trackable-element-id=\"503579\">\n        <a data-event=\"click-&gt;clicked\" href=\"https:\/\/www.letemps.ch\/abonnements\" rel=\"nofollow noopener\" target=\"_blank\">Abonnez-vous<\/a> pour acc\u00e9der au r\u00e9sum\u00e9 en 20 secondes.\n      <\/p>\n<p>Le communiqu\u00e9, laconique, tient en quelques lignes. \u00abComme beaucoup d\u2019entreprises internationales, nous continuons \u00e0 faire face \u00e0 un environnement \u00e9conomique difficile. Nous avons donc pris la d\u00e9cision difficile d\u2019augmenter le prix de vente conseill\u00e9 des consoles PlayStation 5 aux Etats-Unis \u00e0 compter du 21\u00a0ao\u00fbt\u00bb, \u00e9crit Sony <a href=\"https:\/\/blog.playstation.com\/2025\/08\/20\/playstation-5-price-changes-in-the-u-s\/\" rel=\"nofollow noopener\" target=\"_blank\">dans un communiqu\u00e9<\/a> publi\u00e9 hier.<\/p>\n<p>D\u00e8s ce jeudi, la PS5 et la PS5 Pro de Sony co\u00fbteront donc 50\u00a0dollars de plus sur le march\u00e9 am\u00e9ricain, soit 550\u00a0dollars pour la premi\u00e8re et 750\u00a0dollars pour la seconde. L\u2019entreprise japonaise pr\u00e9cise que les accessoires ne sont pas affect\u00e9s, et qu\u2019elle n\u2019a \u00abpas d\u2019autres changements de prix \u00e0 annoncer pour les autres march\u00e9s\u00bb.<\/p>\n","protected":false},"excerpt":{"rendered":"R\u00e9sum\u00e9 en 20 secondes En savoir plus sur ce type de contenu Ce r\u00e9sum\u00e9 peut avoir \u00e9t\u00e9 \u00e9crit&hellip;\n","protected":false},"author":2,"featured_media":333280,"comment_status":"","ping_status":"","sticky":false,"template":"","format":"standard","meta":{"footnotes":""},"categories":[7],"tags":[73,1011,27,1074,301,43,40,41,39,42,44],"class_list":{"0":"post-333279","1":"post","2":"type-post","3":"status-publish","4":"format-standard","5":"has-post-thumbnail","7":"category-sciences-et-technologies","8":"tag-etats-unis","9":"tag-fr","10":"tag-france","11":"tag-guerre-commerciale","12":"tag-premium","13":"tag-science","14":"tag-science-and-technology","15":"tag-sciences","16":"tag-sciences-et-technologies","17":"tag-technologies","18":"tag-technology"},"share_on_mastodon":{"url":"https:\/\/pubeurope.com\/@fr\/115065280501606994","error":""},"_links":{"self":[{"href":"https:\/\/www.europesays.com\/fr\/wp-json\/wp\/v2\/posts\/333279","targetHints":{"allow":["GET"]}}],"collection":[{"href":"https:\/\/www.europesays.com\/fr\/wp-json\/wp\/v2\/posts"}],"about":[{"href":"https:\/\/www.europesays.com\/fr\/wp-json\/wp\/v2\/types\/post"}],"author":[{"embeddable":true,"href":"https:\/\/www.europesays.com\/fr\/wp-json\/wp\/v2\/users\/2"}],"replies":[{"embeddable":true,"href":"https:\/\/www.europesays.com\/fr\/wp-json\/wp\/v2\/comments?post=333279"}],"version-history":[{"count":0,"href":"https:\/\/www.europesays.com\/fr\/wp-json\/wp\/v2\/posts\/333279\/revisions"}],"wp:featuredmedia":[{"embeddable":true,"href":"https:\/\/www.europesays.com\/fr\/wp-json\/wp\/v2\/media\/333280"}],"wp:attachment":[{"href":"https:\/\/www.europesays.com\/fr\/wp-json\/wp\/v2\/media?parent=333279"}],"wp:term":[{"taxonomy":"category","embeddable":true,"href":"https:\/\/www.europesays.com\/fr\/wp-json\/wp\/v2\/categories?post=333279"},{"taxonomy":"post_tag","embeddable":true,"href":"https:\/\/www.europesays.com\/fr\/wp-json\/wp\/v2\/tags?post=333279"}],"curies":[{"name":"wp","href":"https:\/\/api.w.org\/{rel}","templated":true}]}}