{"id":333283,"date":"2025-08-21T06:14:08","date_gmt":"2025-08-21T06:14:08","guid":{"rendered":"https:\/\/www.europesays.com\/fr\/333283\/"},"modified":"2025-08-21T06:14:08","modified_gmt":"2025-08-21T06:14:08","slug":"gaza-encore-actif-le-hamas-mene-une-attaque-inedite-a-khan-younes-contre-les-troupes-israeliennes-rfi","status":"publish","type":"post","link":"https:\/\/www.europesays.com\/fr\/333283\/","title":{"rendered":"Gaza: encore actif, le Hamas m\u00e8ne une attaque in\u00e9dite \u00e0 Khan Youn\u00e8s contre les troupes isra\u00e9liennes &#8211; RFI"},"content":{"rendered":"<ol>\n<li><a href=\"https:\/\/news.google.com\/rss\/articles\/CBMi-gFBVV95cUxQXzByeU5Wemo0V2VLWFU0RGtWNWIwZUV6VlNlRk8yblB3WTNIMFZteTExVGhKLW9mZk5HOExNenhIRnJ2SWxBODFRNkJDU3hpZkJoa29aLUI3YTZobFZjSWpYeV9taW5QbXQ3bHJMaVItVDY2TTM3ZjNYVXBHaHBHWU51clpyLUtxdXdxN21QeEpTVW85U0R3ZVBRU0tjWnl5UldZSWZXbzEtSlhLc0hzM2ZZb3dGOHVBenVIRFAyWklYRUN1dFlQZERvVFZhdDE4TlNWMWdNcjhsV2lSQlVnaVduMnJpNnEyV1lkeEtzZVNvQkZDZjFTTFBn?oc=5\" target=\"_blank\" rel=\"nofollow noopener\">Gaza: encore actif, le Hamas m\u00e8ne une attaque in\u00e9dite \u00e0 Khan Youn\u00e8s contre les troupes isra\u00e9liennes<\/a>&nbsp;&nbsp;RFI<\/li>\n<li><a href=\"https:\/\/news.google.com\/rss\/articles\/CBMi4AFBVV95cUxPa1FtVWFtOVFYQXYtekFaeGZ3TGdhXzNBbUVzNXAyeWdJSWU1WEtVaXEzakJWWjN3dlBFR1dZSmhHOHVhaHBqcHUwcU8td3Z1ZkRfWVl4OEExZmZ1MnMxTTVWWWpTYnlEYkpPX0FwU1Q4MmJSLWp6NkdzTVZtU3JCd2VTOFhkT1B0TUVUQlY2NHFuMVhFTnBhS0Zzck5JMGNveFgya2FtenRoeGFTdzYzN3hOTEtHZVYyT1JLRHFpZk5OLUVHV1hSZ1BHUEdoa2Noc1FabWx1RlZ3Sy1oNTBHXw?oc=5\" target=\"_blank\" rel=\"nofollow noopener\">LIVEBLOG | \u00ab\u00a0Chars de G\u00e9d\u00e9on II\u00a0\u00bb : attaques nocturnes \u00e0 grande \u00e9chelle de Tsahal dans le nord de Gaza<\/a>&nbsp;&nbsp;i24NEWS<\/li>\n<li><a href=\"https:\/\/news.google.com\/rss\/articles\/CBMihwJBVV95cUxNbEJTQVF0clFZYTVSUzlCWEN2eVY0Ul9qaWRwSjVQRHdWeWF2bUZJQld3VC0tWDh6U1BGRkI5NE1ra0U4S1VJd1BFT1pCZ2ZEZGdGWTRoNlN5Sk0zR09LUWQ4dm1lM05FdzlUbC1QRzYxaW8xT0FPQXY3VVQ2RmVwcXh4YTIxbWJ5UXdzWDV2bmF2OTFkSDljQ25HZm81N2VUWHJiRFpfRjEtTHppYktrM2todWZVdTBaQzVVU2JCWmJ4ckpBdWpPZWt1NDJUT0VoYi1NVkFGM0tzSzJnWmVJbjNFNl9VbHdDMXI2czlKbWFVSlgzQjZLSlRJeVNTUGl5Ym1MbFUzQQ?oc=5\" target=\"_blank\" rel=\"nofollow noopener\">Guerre \u00e0 Gaza : des soldats isra\u00e9liens vis\u00e9s par une attaque revendiqu\u00e9e par la branche arm\u00e9e du Hamas<\/a>&nbsp;&nbsp;France Info<\/li>\n<li><a href=\"https:\/\/news.google.com\/rss\/articles\/CBMi7wFBVV95cUxPVUFTRWxvQ2taWkpMQWJqNF9KM3ZSRDJ3QWpjVHFLTXBaTWlwUjcwSG5EbFdkazJxbFJEWEF6MHJyTW4zbG1ERnZYWkNzVkpneHluWGwxMURyY1NrOWRISEJvRHFBdVZ3NllmTkFqU2t5WVB4SzBnYzVqMzIxWVI1bzdhYVFDc0txOUZUS3Z6N3ZoTVNFNjVybU5HbG9HM2VWbnpsa3BEV3lBWXJzX0NXcExRc1hkR3JQc0ZEYnhwSHJndzI2Y0VNckhIU2s0Y2J5NlZGblNsNjU4dEVTQXdTNnZXVFlsQ2FPNE9aSElSNA?oc=5\" target=\"_blank\" rel=\"nofollow noopener\">Guerre \u00e0 Gaza: une dizaine de combattants du Hamas tu\u00e9s par l&rsquo;arm\u00e9e isra\u00e9lienne<\/a>&nbsp;&nbsp;BFMTV<\/li>\n<li><a href=\"https:\/\/news.google.com\/rss\/articles\/CBMiwAFBVV95cUxNSGd1N0tyNWVsLWhlamVzMV91ckprNW5OVFdaS05tMjVEUUJXeW1vSHJtc3lORlNIUUN1SzNRLXR1M2dFZEx6bWM1QWQ0Yks5RHFFeFd0eFdhcl93czRtQk1KNHg0Y1BfdWlzOFpmbm5MZUpPQVdNcXZlMkRDVXlzcHg5TUJ3bU1WTU95d254RmV6aHpDX1Bmd3NhZFFEeXE5NFZ3cDMwSWh2THBlN2Y2c1pLMG5OVzN3LUMxalI1T3A?oc=5\" target=\"_blank\" rel=\"nofollow noopener\">Guerre \u00e0 Gaza, jour 684 : ce qu\u2019il faut retenir de la journ\u00e9e de mercredi 20 ao\u00fbt<\/a>&nbsp;&nbsp;La Croix<\/li>\n<\/ol>\n","protected":false},"excerpt":{"rendered":"Gaza: encore actif, le Hamas m\u00e8ne une attaque in\u00e9dite \u00e0 Khan Youn\u00e8s contre les troupes isra\u00e9liennes&nbsp;&nbsp;RFI LIVEBLOG |&hellip;\n","protected":false},"author":2,"featured_media":1445,"comment_status":"","ping_status":"","sticky":false,"template":"","format":"standard","meta":{"footnotes":""},"categories":[5],"tags":[11,1011,27,14,12,28],"class_list":{"0":"post-333283","1":"post","2":"type-post","3":"status-publish","4":"format-standard","5":"has-post-thumbnail","7":"category-international","8":"tag-actualites","9":"tag-fr","10":"tag-france","11":"tag-international","12":"tag-news","13":"tag-world"},"share_on_mastodon":{"url":"https:\/\/pubeurope.com\/@fr\/115065288431115142","error":""},"_links":{"self":[{"href":"https:\/\/www.europesays.com\/fr\/wp-json\/wp\/v2\/posts\/333283","targetHints":{"allow":["GET"]}}],"collection":[{"href":"https:\/\/www.europesays.com\/fr\/wp-json\/wp\/v2\/posts"}],"about":[{"href":"https:\/\/www.europesays.com\/fr\/wp-json\/wp\/v2\/types\/post"}],"author":[{"embeddable":true,"href":"https:\/\/www.europesays.com\/fr\/wp-json\/wp\/v2\/users\/2"}],"replies":[{"embeddable":true,"href":"https:\/\/www.europesays.com\/fr\/wp-json\/wp\/v2\/comments?post=333283"}],"version-history":[{"count":0,"href":"https:\/\/www.europesays.com\/fr\/wp-json\/wp\/v2\/posts\/333283\/revisions"}],"wp:featuredmedia":[{"embeddable":true,"href":"https:\/\/www.europesays.com\/fr\/wp-json\/wp\/v2\/media\/1445"}],"wp:attachment":[{"href":"https:\/\/www.europesays.com\/fr\/wp-json\/wp\/v2\/media?parent=333283"}],"wp:term":[{"taxonomy":"category","embeddable":true,"href":"https:\/\/www.europesays.com\/fr\/wp-json\/wp\/v2\/categories?post=333283"},{"taxonomy":"post_tag","embeddable":true,"href":"https:\/\/www.europesays.com\/fr\/wp-json\/wp\/v2\/tags?post=333283"}],"curies":[{"name":"wp","href":"https:\/\/api.w.org\/{rel}","templated":true}]}}