{"id":333287,"date":"2025-08-21T06:17:11","date_gmt":"2025-08-21T06:17:11","guid":{"rendered":"https:\/\/www.europesays.com\/fr\/333287\/"},"modified":"2025-08-21T06:17:11","modified_gmt":"2025-08-21T06:17:11","slug":"firminy-avec-larrivee-de-leclerc-la-zone-des-prairies-sest-metamorphosee-au-fil-des-annees","status":"publish","type":"post","link":"https:\/\/www.europesays.com\/fr\/333287\/","title":{"rendered":"Firminy. Avec l\u2019arriv\u00e9e de Leclerc, la zone des Prairies s\u2019est m\u00e9tamorphos\u00e9e au fil des ann\u00e9es"},"content":{"rendered":"<p>Dans le premier volet de la s\u00e9rie consacr\u00e9e au centre commercial Leclerc, nous avons retrac\u00e9 l\u2019arriv\u00e9e de l\u2019enseigne \u00e0 Firminy en 1985, et la cr\u00e9ation du magasin actuel, en 2005. Depuis, la zone commerciale des Prairies a compl\u00e8tement chang\u00e9 de visage, s\u2019est d\u00e9velopp\u00e9e et a accueilli de nombreuses autres enseignes.<\/p>\n<p>En 2012, une extension du magasin porte la superficie totale \u00e0 4\u00a0700\u00a0m2<\/p>\n<p>\u00ab\u00a0Depuis 2005, on n\u2019a pas cess\u00e9 d\u2019\u00e9voluer, commente Christophe Brevet, pr\u00e9sident et directeur du Leclerc, cela s\u2019est fait en plusieurs \u00e9tapes. En 2007, nous avons cr\u00e9\u00e9 l\u2019Espace culturel, puis en 2010, <a href=\"https:\/\/www.leprogres.fr\/loire-42\/2018\/06\/07\/grandes-surfaces-le-drive-decolle-les-chariots-resistent\" target=\"_blank\" rel=\"noopener\">le premier drive de la r\u00e9gion<\/a> Rh\u00f4ne-Alpes \u00e0 La Ricamarie. \u00bb<\/p>\n<p>L\u2019actuel b\u00e2timent fait ensuite l\u2019objet, en 2012, d\u2019une extension\u00a0: \u00ab\u00a0Cela nous a permis de cr\u00e9er une petite galerie commerciale o\u00f9 nous avons&#8230;<\/p>\n","protected":false},"excerpt":{"rendered":"Dans le premier volet de la s\u00e9rie consacr\u00e9e au centre commercial Leclerc, nous avons retrac\u00e9 l\u2019arriv\u00e9e de l\u2019enseigne&hellip;\n","protected":false},"author":2,"featured_media":333288,"comment_status":"","ping_status":"","sticky":false,"template":"","format":"standard","meta":{"footnotes":""},"categories":[9653],"tags":[1111,11,2430,4406,130,33,7539,1777,674,10282,10283,1011,27,12,25,4001,216],"class_list":{"0":"post-333287","1":"post","2":"type-post","3":"status-publish","4":"format-standard","5":"has-post-thumbnail","7":"category-saint-etienne","8":"tag-actu","9":"tag-actualites","10":"tag-auvergne-rhone-alpes","11":"tag-commerce-et-services","12":"tag-consommation","13":"tag-economie","14":"tag-edition-loire-sud","15":"tag-eu","16":"tag-europe","17":"tag-firminy","18":"tag-firminy-ville","19":"tag-fr","20":"tag-france","21":"tag-news","22":"tag-republique-francaise","23":"tag-saint-etienne","24":"tag-vie-des-entreprises"},"share_on_mastodon":{"url":"https:\/\/pubeurope.com\/@fr\/115065300207041339","error":""},"_links":{"self":[{"href":"https:\/\/www.europesays.com\/fr\/wp-json\/wp\/v2\/posts\/333287","targetHints":{"allow":["GET"]}}],"collection":[{"href":"https:\/\/www.europesays.com\/fr\/wp-json\/wp\/v2\/posts"}],"about":[{"href":"https:\/\/www.europesays.com\/fr\/wp-json\/wp\/v2\/types\/post"}],"author":[{"embeddable":true,"href":"https:\/\/www.europesays.com\/fr\/wp-json\/wp\/v2\/users\/2"}],"replies":[{"embeddable":true,"href":"https:\/\/www.europesays.com\/fr\/wp-json\/wp\/v2\/comments?post=333287"}],"version-history":[{"count":0,"href":"https:\/\/www.europesays.com\/fr\/wp-json\/wp\/v2\/posts\/333287\/revisions"}],"wp:featuredmedia":[{"embeddable":true,"href":"https:\/\/www.europesays.com\/fr\/wp-json\/wp\/v2\/media\/333288"}],"wp:attachment":[{"href":"https:\/\/www.europesays.com\/fr\/wp-json\/wp\/v2\/media?parent=333287"}],"wp:term":[{"taxonomy":"category","embeddable":true,"href":"https:\/\/www.europesays.com\/fr\/wp-json\/wp\/v2\/categories?post=333287"},{"taxonomy":"post_tag","embeddable":true,"href":"https:\/\/www.europesays.com\/fr\/wp-json\/wp\/v2\/tags?post=333287"}],"curies":[{"name":"wp","href":"https:\/\/api.w.org\/{rel}","templated":true}]}}