{"id":333289,"date":"2025-08-21T06:18:18","date_gmt":"2025-08-21T06:18:18","guid":{"rendered":"https:\/\/www.europesays.com\/fr\/333289\/"},"modified":"2025-08-21T06:18:18","modified_gmt":"2025-08-21T06:18:18","slug":"saint-priest-en-jarez-le-festival-dastronomie-celestival-revient-pour-sa-3eme-edition","status":"publish","type":"post","link":"https:\/\/www.europesays.com\/fr\/333289\/","title":{"rendered":"SAINT-PRIEST-EN-JAREZ : LE FESTIVAL D&rsquo;ASTRONOMIE CELEST&rsquo;IVAL REVIENT POUR SA 3EME \u00c9DITION"},"content":{"rendered":"<p>                <a href=\"https:\/\/cadenceradio.fr\" target=\"_blank\" aria-label=\"Banni\u00e8re Cadence 2025\" rel=\"noopener\"><img loading=\"lazy\" decoding=\"async\" src=\"https:\/\/www.europesays.com\/fr\/wp-content\/uploads\/2025\/07\/Banniere-Cadence-2025-scaled.jpg\" alt=\"\"   width=\"2560\" height=\"738\"\/><\/a><\/p>\n<p>Cet \u00e9v\u00e9nement annuel transforme Saint-Priest-en-Jarez en v\u00e9ritable observatoire \u00e0 ciel ouvert, proposant un programme riche m\u00ealant d\u00e9couvertes scientifiques et \u00e9merveillement. Avec une fr\u00e9quentation attendue de plus de 2 000 visiteurs, cette manifestation s\u2019est impos\u00e9e comme un rendez-vous incontournable pour les passionn\u00e9s d\u2019astronomie et les familles curieuses de d\u00e9couvrir les myst\u00e8res de l\u2019univers.<\/p>\n<p>Une th\u00e9matique qui interroge notre \u00e9poque<\/p>\n<p>L\u2019\u00e9dition 2025 explore la th\u00e9matique \u00ab\u00a0Astronomie \u2013 Imaginaires &amp; R\u00e9alit\u00e9s\u00a0\u00bb, particuli\u00e8rement pertinente dans un contexte o\u00f9 les th\u00e9ories conspirationnistes et les pseudosciences prolif\u00e8rent. Les organisateurs souhaitent d\u00e9montrer que les d\u00e9couvertes scientifiques authentiques surpassent largement les fictions les plus audacieuses. Cette approche vise \u00e0 r\u00e9concilier le public avec la d\u00e9marche scientifique tout en pr\u00e9servant la dimension magique de l\u2019exploration spatiale.<\/p>\n<p>Un vendredi scientifique au Nouvel Espace Culturel<\/p>\n<p>La premi\u00e8re journ\u00e9e propose un programme dense de conf\u00e9rences et de spectacles. Le spectacle \u00ab\u00a0Du pudding dans les \u00e9toiles\u00a0\u00bb emm\u00e8ne les spectateurs dans un voyage original m\u00ealant gastronomie et cosmologie, avec des repr\u00e9sentations d\u00e9di\u00e9es aux scolaires en matin\u00e9e et d\u00e9but d\u2019apr\u00e8s-midi. L\u2019apr\u00e8s-midi et la soir\u00e9e accueillent un cycle de conf\u00e9rences prestigieuses. Raymond Piccoli, directeur du Laboratoire de la Foudre, ouvrira les d\u00e9bats avec une intervention sur les ph\u00e9nom\u00e8nes orageux, avant de revenir en soir\u00e9e pour aborder la question des objets volants non identifi\u00e9s selon une approche scientifique rigoureuse.<\/p>\n<p>Alban Gautier, historien m\u00e9di\u00e9val de l\u2019Universit\u00e9 de Caen, d\u00e9mystifiera les id\u00e9es re\u00e7ues sur les conceptions g\u00e9ographiques du Moyen \u00c2ge, notamment la pr\u00e9tendue croyance en une Terre plate. La soir\u00e9e se cl\u00f4turera avec Guy Perrin, astrophysicien de l\u2019Acad\u00e9mie des Sciences, qui pr\u00e9sentera les derni\u00e8res avanc\u00e9es sur les trous noirs.<\/p>\n<p>Un samedi familial et festif<\/p>\n<p>La journ\u00e9e du samedi se d\u00e9ploie sur deux sites distincts pour proposer des activit\u00e9s adapt\u00e9es \u00e0 tous les \u00e2ges. L\u2019apr\u00e8s-midi au Clos Bayard privil\u00e9gie les exp\u00e9riences pratiques avec des lancements de fus\u00e9es \u00e0 eau, des ateliers p\u00e9dagogiques sur la gravit\u00e9 et la lumi\u00e8re, et des expositions th\u00e9matiques.<\/p>\n<p>Les visiteurs pourront \u00e9galement d\u00e9couvrir des d\u00e9monstrations d\u2019instruments d\u2019observation et participer \u00e0 l\u2019observation solaire s\u00e9curis\u00e9e, offrant une premi\u00e8re approche concr\u00e8te de l\u2019astronomie pratique.<\/p>\n<p>Une nuit d\u2019observation exceptionnelle<\/p>\n<p>Le point culminant du festival se d\u00e9roule samedi soir sur la colline du Cr\u00eat avec une s\u00e9ance d\u2019observation nocturne. Cette activit\u00e9, limit\u00e9e \u00e0 25 participants pour garantir des conditions optimales, permet de contempler la Lune, les plan\u00e8tes visibles, les amas stellaires et les galaxies lointaines.<\/p>\n<p>Cette exp\u00e9rience immersive, encadr\u00e9e par des astronomes amateurs exp\u00e9riment\u00e9s, constitue souvent le moment le plus marquant pour les n\u00e9ophytes d\u00e9couvrant la richesse du ciel \u00e9toil\u00e9.<\/p>\n<p>Une approche p\u00e9dagogique et accessible<\/p>\n<p>L\u2019ensemble de la programmation privil\u00e9gie l\u2019accessibilit\u00e9 scientifique sans sacrifier la rigueur. Les organisateurs veillent \u00e0 proposer des contenus adapt\u00e9s aux diff\u00e9rents publics, des plus jeunes aux adultes passionn\u00e9s, en passant par les familles en qu\u00eate de d\u00e9couvertes partag\u00e9es.<\/p>\n<p>Cette philosophie se traduit par la gratuit\u00e9 totale de l\u2019\u00e9v\u00e9nement, seule la r\u00e9servation \u00e9tant requise pour certaines activit\u00e9s \u00e0 jauge limit\u00e9e. Le site internet www.astromia-42.fr centralise toutes les informations pratiques et permet les inscriptions aux diff\u00e9rentes activit\u00e9s.<\/p>\n<p>Par son succ\u00e8s grandissant, CELEST\u2019IVAL contribue au rayonnement culturel et scientifique de Saint-Priest-en-Jarez et de la m\u00e9tropole st\u00e9phanoise. Ce festival illustre la capacit\u00e9 des associations locales \u00e0 cr\u00e9er des \u00e9v\u00e9nements d\u2019envergure, m\u00ealant exigence scientifique et convivialit\u00e9 populaire.<\/p>\n","protected":false},"excerpt":{"rendered":"Cet \u00e9v\u00e9nement annuel transforme Saint-Priest-en-Jarez en v\u00e9ritable observatoire \u00e0 ciel ouvert, proposant un programme riche m\u00ealant d\u00e9couvertes scientifiques&hellip;\n","protected":false},"author":2,"featured_media":333290,"comment_status":"","ping_status":"","sticky":false,"template":"","format":"standard","meta":{"footnotes":""},"categories":[9653],"tags":[1111,11,2430,1777,674,1011,27,3367,12,25,4001,15696],"class_list":{"0":"post-333289","1":"post","2":"type-post","3":"status-publish","4":"format-standard","5":"has-post-thumbnail","7":"category-saint-etienne","8":"tag-actu","9":"tag-actualites","10":"tag-auvergne-rhone-alpes","11":"tag-eu","12":"tag-europe","13":"tag-fr","14":"tag-france","15":"tag-loire","16":"tag-news","17":"tag-republique-francaise","18":"tag-saint-etienne","19":"tag-saint-priest-en-jarez"},"share_on_mastodon":{"url":"https:\/\/pubeurope.com\/@fr\/115065304423454840","error":""},"_links":{"self":[{"href":"https:\/\/www.europesays.com\/fr\/wp-json\/wp\/v2\/posts\/333289","targetHints":{"allow":["GET"]}}],"collection":[{"href":"https:\/\/www.europesays.com\/fr\/wp-json\/wp\/v2\/posts"}],"about":[{"href":"https:\/\/www.europesays.com\/fr\/wp-json\/wp\/v2\/types\/post"}],"author":[{"embeddable":true,"href":"https:\/\/www.europesays.com\/fr\/wp-json\/wp\/v2\/users\/2"}],"replies":[{"embeddable":true,"href":"https:\/\/www.europesays.com\/fr\/wp-json\/wp\/v2\/comments?post=333289"}],"version-history":[{"count":0,"href":"https:\/\/www.europesays.com\/fr\/wp-json\/wp\/v2\/posts\/333289\/revisions"}],"wp:featuredmedia":[{"embeddable":true,"href":"https:\/\/www.europesays.com\/fr\/wp-json\/wp\/v2\/media\/333290"}],"wp:attachment":[{"href":"https:\/\/www.europesays.com\/fr\/wp-json\/wp\/v2\/media?parent=333289"}],"wp:term":[{"taxonomy":"category","embeddable":true,"href":"https:\/\/www.europesays.com\/fr\/wp-json\/wp\/v2\/categories?post=333289"},{"taxonomy":"post_tag","embeddable":true,"href":"https:\/\/www.europesays.com\/fr\/wp-json\/wp\/v2\/tags?post=333289"}],"curies":[{"name":"wp","href":"https:\/\/api.w.org\/{rel}","templated":true}]}}