{"id":33329,"date":"2025-04-18T05:48:10","date_gmt":"2025-04-18T05:48:10","guid":{"rendered":"https:\/\/www.europesays.com\/fr\/33329\/"},"modified":"2025-04-18T05:48:10","modified_gmt":"2025-04-18T05:48:10","slug":"poignarde-lors-dune-livraison-de-stupefiants-fixee-sur-les-reseaux-sociaux","status":"publish","type":"post","link":"https:\/\/www.europesays.com\/fr\/33329\/","title":{"rendered":"poignard\u00e9 lors d\u2019une livraison de stup\u00e9fiants fix\u00e9e sur les r\u00e9seaux sociaux"},"content":{"rendered":"<p>            Par<br \/>\n        <strong><br \/>\n            <a href=\"https:\/\/actu.fr\/auteur\/lea-pippinato\" title=\"Consulter tous les articles de L\u00e9a Pippinato\" rel=\"nofollow noopener\" target=\"_blank\">L\u00e9a Pippinato<\/a><br \/>\n        <\/strong><\/p>\n<p>        Publi\u00e9 le<\/p>\n<p>            17 avr. 2025 \u00e0 18h32        <\/p>\n<p>Ce<strong> mardi 15 avril<\/strong>, en d\u00e9but de soir\u00e9e, un jeune Montpelli\u00e9rain de 19 ans a \u00e9t\u00e9 bless\u00e9 \u00e0 l\u2019arme blanche dans le quartier des Beaux-Arts. Les faits se sont d\u00e9roul\u00e9s avenue Saint-Lazare, lors d\u2019un \u00e9change li\u00e9 \u00e0 une <strong>commande de stup\u00e9fiants<\/strong> pass\u00e9e sur les r\u00e9seaux sociaux. Le jeune homme n\u2019\u00e9tait pas seul. C\u2019est son fr\u00e8re qui s\u2019est d\u2019abord pr\u00e9sent\u00e9 au point de rendez-vous fix\u00e9 avec les vendeurs.<\/p>\n<p>    <a href=\"https:\/\/www.google.com\/maps\/embed?pb=!1m18!1m12!1m3!1d5776.501475102673!2d3.8879420000000007!3d43.622139999999995!2m3!1f0!2f0!3f0!3m2!1i1024!2i768!4f13.1!3m3!1m2!1s0x12b6af6c3cb911f5%3A0x58b25afec6f47859!2sAv.%20Saint-Lazare%2C%20Montpellier!5e0!3m2!1sfr!2sfr!4v1744906616761!5m2!1sfr!2sfr\" title=\"Ouvrie le lien\" rel=\"nofollow noopener\" target=\"_blank\">Cliquez ici pour visualiser le contenu<\/a><\/p>\n<p class=\" wall-content\">En voyant arriver trois hommes dans une voiture, le fr\u00e8re a rapidement appel\u00e9 la victime pour qu\u2019elle le rejoigne. La situation a d\u00e9g\u00e9n\u00e9r\u00e9 d\u00e8s que les individus ont tent\u00e9 de faire monter de force le jeune homme dans leur v\u00e9hicule.<\/p>\n<p>Une agression \u00e9clair et une fuite imm\u00e9diate<\/p>\n<p class=\" wall-content\">Face \u00e0 la r\u00e9sistance des deux fr\u00e8res, l\u2019un des occupants de la voiture a sorti un couteau. Il a port\u00e9 un coup \u00e0 la jambe de la victime avant que le trio ne prenne la fuite, abandonnant les deux jeunes sur place. Le jeune homme de 19 ans a \u00e9t\u00e9 transport\u00e9 \u00e0 l\u2019h\u00f4pital. Son fr\u00e8re, t\u00e9moin direct de la sc\u00e8ne, a \u00e9t\u00e9 conduit au commissariat de Montpellier pour y \u00eatre entendu par les enqu\u00eateurs.\u00a0<\/p>\n<p class=\" wall-content\">Suivez toute l\u2019actualit\u00e9 de vos villes et m\u00e9dias favoris en vous inscrivant \u00e0 <a href=\"https:\/\/moncompte.actu.fr\" title=\"D\u00e9couvez Mon Actu\" rel=\"nofollow noopener\" data-trk=\"{&quot;cta&quot;:{&quot;action&quot;:&quot;https:\\\/\\\/moncompte.actu.fr&quot;,&quot;category&quot;:&quot;mon compte&quot;,&quot;from&quot;:&quot;article footer&quot;,&quot;name&quot;:&quot;Mon actu&quot;,&quot;type&quot;:&quot;cta&quot;}}\" target=\"_blank\">Mon Actu<\/a>.<\/p>\n","protected":false},"excerpt":{"rendered":"Par L\u00e9a Pippinato Publi\u00e9 le 17 avr. 2025 \u00e0 18h32 Ce mardi 15 avril, en d\u00e9but de soir\u00e9e,&hellip;\n","protected":false},"author":2,"featured_media":33330,"comment_status":"","ping_status":"","sticky":false,"template":"","format":"standard","meta":{"footnotes":""},"categories":[9599],"tags":[1111,11,1052,1777,674,118,1011,27,2208,12,2680,1072,25,7501],"class_list":{"0":"post-33329","1":"post","2":"type-post","3":"status-publish","4":"format-standard","5":"has-post-thumbnail","7":"category-montpellier","8":"tag-actu","9":"tag-actualites","10":"tag-drogue","11":"tag-eu","12":"tag-europe","13":"tag-faits-divers","14":"tag-fr","15":"tag-france","16":"tag-montpellier","17":"tag-news","18":"tag-occitanie","19":"tag-police","20":"tag-republique-francaise","21":"tag-violences-urbaines"},"share_on_mastodon":{"url":"https:\/\/pubeurope.com\/@fr\/114357397364219592","error":""},"_links":{"self":[{"href":"https:\/\/www.europesays.com\/fr\/wp-json\/wp\/v2\/posts\/33329","targetHints":{"allow":["GET"]}}],"collection":[{"href":"https:\/\/www.europesays.com\/fr\/wp-json\/wp\/v2\/posts"}],"about":[{"href":"https:\/\/www.europesays.com\/fr\/wp-json\/wp\/v2\/types\/post"}],"author":[{"embeddable":true,"href":"https:\/\/www.europesays.com\/fr\/wp-json\/wp\/v2\/users\/2"}],"replies":[{"embeddable":true,"href":"https:\/\/www.europesays.com\/fr\/wp-json\/wp\/v2\/comments?post=33329"}],"version-history":[{"count":0,"href":"https:\/\/www.europesays.com\/fr\/wp-json\/wp\/v2\/posts\/33329\/revisions"}],"wp:featuredmedia":[{"embeddable":true,"href":"https:\/\/www.europesays.com\/fr\/wp-json\/wp\/v2\/media\/33330"}],"wp:attachment":[{"href":"https:\/\/www.europesays.com\/fr\/wp-json\/wp\/v2\/media?parent=33329"}],"wp:term":[{"taxonomy":"category","embeddable":true,"href":"https:\/\/www.europesays.com\/fr\/wp-json\/wp\/v2\/categories?post=33329"},{"taxonomy":"post_tag","embeddable":true,"href":"https:\/\/www.europesays.com\/fr\/wp-json\/wp\/v2\/tags?post=33329"}],"curies":[{"name":"wp","href":"https:\/\/api.w.org\/{rel}","templated":true}]}}