{"id":333291,"date":"2025-08-21T06:20:22","date_gmt":"2025-08-21T06:20:22","guid":{"rendered":"https:\/\/www.europesays.com\/fr\/333291\/"},"modified":"2025-08-21T06:20:22","modified_gmt":"2025-08-21T06:20:22","slug":"vandoeuvre-les-nancy-noah-gomes-transforme-les-branches-en-baguettes-magiques","status":"publish","type":"post","link":"https:\/\/www.europesays.com\/fr\/333291\/","title":{"rendered":"Vand\u0153uvre-l\u00e8s-Nancy. Noah Gomes transforme les branches en baguettes magiques"},"content":{"rendered":"<p>\u00c0 19 ans, Noah Gomes a d\u00e9j\u00e0 fa\u00e7onn\u00e9 pr\u00e8s de deux cents baguettes magiques. Non, il n\u2019est pas \u00e9l\u00e8ve \u00e0 Poudlard, mais \u00e9tudiant en BTS Gestion et Protection de la Nature. Et si ses cours l\u2019am\u00e8nent \u00e0 observer for\u00eats et paysages, il a souvent une id\u00e9e derri\u00e8re la t\u00eate\u00a0: rep\u00e9rer une branche qui pourrait bien changer de destin\u00e9e. \u00ab\u00a0Lors de chaque balade, je suis \u00e0 l\u2019aff\u00fbt d\u2019une branche particuli\u00e8re qui pourrait se transformer entre mes mains\u00a0\u00bb, confie-t-il. Passionn\u00e9 par l\u2019univers d\u2019Harry Potter, dont il conna\u00eet chaque \u00e9pisode par c\u0153ur, Noah a d\u2019abord r\u00eav\u00e9 d\u2019avoir sa propre baguette. L\u2019environnement familial l\u2019y a aid\u00e9\u00a0: son p\u00e8re poss\u00e8de des machines \u00e0 bois. \u00ab\u00a0Je sculpte ou je tourne mes pi\u00e8ces selon la mati\u00e8re que j\u2019ai entre les mains. La plus pr\u00e9cieuse reste ma baguette fa\u00e7onn\u00e9e dans un ch\u00eane tricentenaire. J\u2019y suis attach\u00e9 pour ce qu\u2019il repr\u00e9sente.\u00a0\u00a0\u00bb<\/p>\n<p>  Des commandes sur mesure<\/p>\n<p>Noah vend ses cr\u00e9ations sur Vinted, \u00e0 partir de 20\u00a0\u20ac. Certaines sont acquises par des collectionneurs, des magn\u00e9tiseurs, des magiciens ou des adeptes de spiritisme. \u00ab\u00a0Chacun lui attribue la fonction qu\u2019il souhaite. Dans les croyances celtiques et nordiques, la baguette magique tient une place importante, chaque essence de bois ayant son influence.\u00a0\u00a0\u00bb Certaines commandes constituent ses plus beaux d\u00e9fis\u00a0: tailles pr\u00e9cises, texture lisse ou granuleuse, d\u00e9cors symboliques. \u00ab\u00a0Celle qui m\u2019a le plus \u00e9mu c\u2019est celle de jeunes mari\u00e9s qui m\u2019en ont command\u00e9 quatre pour leur c\u00e9r\u00e9monie. J\u2019esp\u00e8re qu\u2019elles ont r\u00e9pondu \u00e0 leurs attentes\u00a0\u00bb, sourit-il. <\/p>\n<p>Noah ne s\u2019arr\u00eate pas aux baguettes. Il tourne aussi des bols, parfois dans le bois d\u2019un arbre du jardin familial, comme ce poirier qui lui tenait \u00e0 c\u0153ur. Il fa\u00e7onne \u00e9galement de petits champignons d\u00e9coratifs, c\u00e8pes, girolles, bolets, particuli\u00e8rement pris\u00e9s \u00e0 l\u2019automne. Une activit\u00e9 artisanale, entre passion et po\u00e9sie, qui relie l\u2019\u00e9tudiant \u00e0 la for\u00eat, aux traditions et \u00e0 l\u2019imaginaire. Pour lui, chaque branche rec\u00e8le une histoire, pr\u00eate \u00e0 s\u2019\u00e9crire au fil du bois. Contact\u00a0: 06\u00a030\u00a022\u00a090\u00a020<\/p>\n","protected":false},"excerpt":{"rendered":"\u00c0 19 ans, Noah Gomes a d\u00e9j\u00e0 fa\u00e7onn\u00e9 pr\u00e8s de deux cents baguettes magiques. Non, il n\u2019est pas&hellip;\n","protected":false},"author":2,"featured_media":333292,"comment_status":"","ping_status":"","sticky":false,"template":"","format":"standard","meta":{"footnotes":""},"categories":[9635],"tags":[1111,11,1687,1704,1777,674,1011,27,775,6364,1702,12,25,5711],"class_list":{"0":"post-333291","1":"post","2":"type-post","3":"status-publish","4":"format-standard","5":"has-post-thumbnail","7":"category-nancy","8":"tag-actu","9":"tag-actualites","10":"tag-culture-loisirs","11":"tag-edition-nancy-et-agglomeration","12":"tag-eu","13":"tag-europe","14":"tag-fr","15":"tag-france","16":"tag-grand-est","17":"tag-metropole-du-grand-nancy-54b1","18":"tag-nancy","19":"tag-news","20":"tag-republique-francaise","21":"tag-vandoeuvre-les-nancy"},"share_on_mastodon":{"url":"https:\/\/pubeurope.com\/@fr\/115065311933712549","error":""},"_links":{"self":[{"href":"https:\/\/www.europesays.com\/fr\/wp-json\/wp\/v2\/posts\/333291","targetHints":{"allow":["GET"]}}],"collection":[{"href":"https:\/\/www.europesays.com\/fr\/wp-json\/wp\/v2\/posts"}],"about":[{"href":"https:\/\/www.europesays.com\/fr\/wp-json\/wp\/v2\/types\/post"}],"author":[{"embeddable":true,"href":"https:\/\/www.europesays.com\/fr\/wp-json\/wp\/v2\/users\/2"}],"replies":[{"embeddable":true,"href":"https:\/\/www.europesays.com\/fr\/wp-json\/wp\/v2\/comments?post=333291"}],"version-history":[{"count":0,"href":"https:\/\/www.europesays.com\/fr\/wp-json\/wp\/v2\/posts\/333291\/revisions"}],"wp:featuredmedia":[{"embeddable":true,"href":"https:\/\/www.europesays.com\/fr\/wp-json\/wp\/v2\/media\/333292"}],"wp:attachment":[{"href":"https:\/\/www.europesays.com\/fr\/wp-json\/wp\/v2\/media?parent=333291"}],"wp:term":[{"taxonomy":"category","embeddable":true,"href":"https:\/\/www.europesays.com\/fr\/wp-json\/wp\/v2\/categories?post=333291"},{"taxonomy":"post_tag","embeddable":true,"href":"https:\/\/www.europesays.com\/fr\/wp-json\/wp\/v2\/tags?post=333291"}],"curies":[{"name":"wp","href":"https:\/\/api.w.org\/{rel}","templated":true}]}}