{"id":333298,"date":"2025-08-21T06:24:28","date_gmt":"2025-08-21T06:24:28","guid":{"rendered":"https:\/\/www.europesays.com\/fr\/333298\/"},"modified":"2025-08-21T06:24:28","modified_gmt":"2025-08-21T06:24:28","slug":"football-feminin-montpellier-affronte-lespanyol-de-barcelone-ce-vendredi-a-perpignan","status":"publish","type":"post","link":"https:\/\/www.europesays.com\/fr\/333298\/","title":{"rendered":"Football f\u00e9minin\u00a0: Montpellier affronte l\u2019Espanyol de Barcelone ce vendredi \u00e0 Perpignan"},"content":{"rendered":"<p>\n                                                                Le Parc des Sports de Perpignan accueillera ce vendredi 22\u00a0ao\u00fbt \u00e018h un match amical f\u00e9minin d\u2019exception entre Montpellier et l\u2019Espanyol Barcelone. Une rencontre gratuite et ouverte \u00e0 tous, marquant un temps fort pour le football en Catalogne.\n                            <\/p>\n<p data-end=\"90\" data-start=\"0\">L\u2019OC Perpignan, club phare de la ville fond\u00e9 en 2007 et pr\u00e9sid\u00e9 par Malik et Mustapha Lasri, organise un \u00e9v\u00e9nement sportif in\u00e9dit\u00a0: la confrontation entre le Montpellier H\u00e9rault Sport Club F\u00e9minin et le RCD Espanyol Barcelone F\u00e9minin. Le coup d\u2019envoi sera donn\u00e9 \u00e0 18\u00a0h sur le terrain T2 du Parc des Sports.<\/p>\n<p data-end=\"907\" data-start=\"643\">Cette affiche internationale, port\u00e9e par Guillaume Boronad et Bilal Ouremchi avec le soutien de la Ville de Perpignan, veut promouvoir le sport f\u00e9minin et renforcer les liens culturels entre les territoires du sud de l\u2019Europe. L\u2019entr\u00e9e sera enti\u00e8rement gratuite \u00e0 cette occasion. Montpellier qui pr\u00e9pare sa saison de Premier League (D1) vient de disputer de l\u2019OM (2-1) et du TFC (1-0) en amical. Rosalie Chaine devrait mener les siennes devant ses proches, elle qui a \u00e9t\u00e9 s\u00e9lectionn\u00e9e avec l\u2019\u00e9quipe de France U19 cet \u00e9t\u00e9.<\/p>\n<p data-end=\"1316\" data-start=\"909\">Au-del\u00e0 de ce rendez-vous prestigieux, l\u2019OC Perpignan poursuit sa dynamique. La saison 2025-2026 marque en effet\u00a0un tournant pour le club, qui s\u2019appuie sur un effectif renouvel\u00e9 et ambitieux. Plusieurs recrues estivales ont rejoint l\u2019\u00e9quipe premi\u00e8re, parmi lesquelles Emmerick Bonnel (Luce, R1), Quentin Hartz (Thuir, D1), Zakaria Sabil (Corbi\u00e8res M\u00e9diterran\u00e9e, R3) ou encore Abdelilah Kouidiri (MC Oran, Alg\u00e9rie). Le club, qui a d\u00e9pos\u00e9 un recours aupr\u00e8s du CNOSF pour sa r\u00e9int\u00e9gration en championnat r\u00e9gional apr\u00e8s l\u2019audience du 30\u00a0juillet, attend d\u00e9sormais une d\u00e9cision d\u00e9finitive.<\/p>\n<p data-end=\"1679\" data-start=\"1490\">Rappelons\u00a0que l\u2019OCP, fond\u00e9 en 2007 s\u2019illustre par son engagement dans la formation des jeunes, l\u2019insertion sociale et l\u2019animation locale, d\u00e9fendant les valeurs d\u2019un football populaire et ouvert \u00e0 tous. Cet \u00e9v\u00e9nement organis\u00e9 \u00e0 Perpignan d\u00e9montre la volont\u00e9 du club de d\u00e9velopper le sport f\u00e9minin, offrant au public deux grosses pointures europ\u00e9ennes.<\/p>\n","protected":false},"excerpt":{"rendered":"Le Parc des Sports de Perpignan accueillera ce vendredi 22\u00a0ao\u00fbt \u00e018h un match amical f\u00e9minin d\u2019exception entre Montpellier&hellip;\n","protected":false},"author":2,"featured_media":333299,"comment_status":"","ping_status":"","sticky":false,"template":"","format":"standard","meta":{"footnotes":""},"categories":[9599],"tags":[1111,11,1777,674,1011,27,2208,12,2680,25],"class_list":{"0":"post-333298","1":"post","2":"type-post","3":"status-publish","4":"format-standard","5":"has-post-thumbnail","7":"category-montpellier","8":"tag-actu","9":"tag-actualites","10":"tag-eu","11":"tag-europe","12":"tag-fr","13":"tag-france","14":"tag-montpellier","15":"tag-news","16":"tag-occitanie","17":"tag-republique-francaise"},"share_on_mastodon":{"url":"https:\/\/pubeurope.com\/@fr\/115065327639579111","error":""},"_links":{"self":[{"href":"https:\/\/www.europesays.com\/fr\/wp-json\/wp\/v2\/posts\/333298","targetHints":{"allow":["GET"]}}],"collection":[{"href":"https:\/\/www.europesays.com\/fr\/wp-json\/wp\/v2\/posts"}],"about":[{"href":"https:\/\/www.europesays.com\/fr\/wp-json\/wp\/v2\/types\/post"}],"author":[{"embeddable":true,"href":"https:\/\/www.europesays.com\/fr\/wp-json\/wp\/v2\/users\/2"}],"replies":[{"embeddable":true,"href":"https:\/\/www.europesays.com\/fr\/wp-json\/wp\/v2\/comments?post=333298"}],"version-history":[{"count":0,"href":"https:\/\/www.europesays.com\/fr\/wp-json\/wp\/v2\/posts\/333298\/revisions"}],"wp:featuredmedia":[{"embeddable":true,"href":"https:\/\/www.europesays.com\/fr\/wp-json\/wp\/v2\/media\/333299"}],"wp:attachment":[{"href":"https:\/\/www.europesays.com\/fr\/wp-json\/wp\/v2\/media?parent=333298"}],"wp:term":[{"taxonomy":"category","embeddable":true,"href":"https:\/\/www.europesays.com\/fr\/wp-json\/wp\/v2\/categories?post=333298"},{"taxonomy":"post_tag","embeddable":true,"href":"https:\/\/www.europesays.com\/fr\/wp-json\/wp\/v2\/tags?post=333298"}],"curies":[{"name":"wp","href":"https:\/\/api.w.org\/{rel}","templated":true}]}}