{"id":333306,"date":"2025-08-21T06:32:11","date_gmt":"2025-08-21T06:32:11","guid":{"rendered":"https:\/\/www.europesays.com\/fr\/333306\/"},"modified":"2025-08-21T06:32:11","modified_gmt":"2025-08-21T06:32:11","slug":"strasbourg-la-ville-dans-le-top-3-des-destinations-pour-une-escapade-culturelle-en-france","status":"publish","type":"post","link":"https:\/\/www.europesays.com\/fr\/333306\/","title":{"rendered":"Strasbourg. La ville dans le top 3 des destinations pour une escapade culturelle en France"},"content":{"rendered":"<p>Selon une \u00e9tude men\u00e9e par SumUp, fournisseur de solutions de paiement pour les petites entreprises, Strasbourg se classe deuxi\u00e8me ville de France la plus attractive pour une escapade culturelle en 2025.<\/p>\n<p>Avec 76 activit\u00e9s gratuites en centre-ville et 32 activit\u00e9s culturelles pour 100\u00a0000 habitants, la capitale alsacienne s\u00e9duit par son patrimoine historique et sa riche offre culturelle accessible.<\/p>\n<p>Derri\u00e8re Marseille<\/p>\n<p>Le classement, bas\u00e9 sur des donn\u00e9es TripAdvisor et rapport\u00e9 \u00e0 la population, met en lumi\u00e8re l\u2019engouement croissant pour les vacances locales, en particulier les destinations culturelles.<\/p>\n<p>Marseille arrive en t\u00eate, suivie de Strasbourg, Lille, Toulon et Tours.<\/p>\n<p>L\u2019\u00e9tude souligne \u00e9galement l\u2019impact \u00e9conomique positif de ces s\u00e9jours sur les commerces locaux, en plein essor gr\u00e2ce au ph\u00e9nom\u00e8ne du staycation , les vacances chez soi.<\/p>\n","protected":false},"excerpt":{"rendered":"Selon une \u00e9tude men\u00e9e par SumUp, fournisseur de solutions de paiement pour les petites entreprises, Strasbourg se classe&hellip;\n","protected":false},"author":2,"featured_media":333307,"comment_status":"","ping_status":"","sticky":false,"template":"","format":"standard","meta":{"footnotes":""},"categories":[2820],"tags":[1111,11,4406,33,2880,1777,674,107,1011,27,775,12,25,640,2879,602],"class_list":{"0":"post-333306","1":"post","2":"type-post","3":"status-publish","4":"format-standard","5":"has-post-thumbnail","7":"category-strasbourg","8":"tag-actu","9":"tag-actualites","10":"tag-commerce-et-services","11":"tag-economie","12":"tag-edition-strasbourg","13":"tag-eu","14":"tag-europe","15":"tag-fil-info","16":"tag-fr","17":"tag-france","18":"tag-grand-est","19":"tag-news","20":"tag-republique-francaise","21":"tag-strasbourg","22":"tag-strasbourg-ville","23":"tag-tourisme"},"share_on_mastodon":{"url":"https:\/\/pubeurope.com\/@fr\/115065359223646304","error":""},"_links":{"self":[{"href":"https:\/\/www.europesays.com\/fr\/wp-json\/wp\/v2\/posts\/333306","targetHints":{"allow":["GET"]}}],"collection":[{"href":"https:\/\/www.europesays.com\/fr\/wp-json\/wp\/v2\/posts"}],"about":[{"href":"https:\/\/www.europesays.com\/fr\/wp-json\/wp\/v2\/types\/post"}],"author":[{"embeddable":true,"href":"https:\/\/www.europesays.com\/fr\/wp-json\/wp\/v2\/users\/2"}],"replies":[{"embeddable":true,"href":"https:\/\/www.europesays.com\/fr\/wp-json\/wp\/v2\/comments?post=333306"}],"version-history":[{"count":0,"href":"https:\/\/www.europesays.com\/fr\/wp-json\/wp\/v2\/posts\/333306\/revisions"}],"wp:featuredmedia":[{"embeddable":true,"href":"https:\/\/www.europesays.com\/fr\/wp-json\/wp\/v2\/media\/333307"}],"wp:attachment":[{"href":"https:\/\/www.europesays.com\/fr\/wp-json\/wp\/v2\/media?parent=333306"}],"wp:term":[{"taxonomy":"category","embeddable":true,"href":"https:\/\/www.europesays.com\/fr\/wp-json\/wp\/v2\/categories?post=333306"},{"taxonomy":"post_tag","embeddable":true,"href":"https:\/\/www.europesays.com\/fr\/wp-json\/wp\/v2\/tags?post=333306"}],"curies":[{"name":"wp","href":"https:\/\/api.w.org\/{rel}","templated":true}]}}