{"id":333308,"date":"2025-08-21T06:33:09","date_gmt":"2025-08-21T06:33:09","guid":{"rendered":"https:\/\/www.europesays.com\/fr\/333308\/"},"modified":"2025-08-21T06:33:09","modified_gmt":"2025-08-21T06:33:09","slug":"a-quelle-heure-et-sur-quelle-chaine-regarder-le-match-aller-du-barrage-de-ligue-conference","status":"publish","type":"post","link":"https:\/\/www.europesays.com\/fr\/333308\/","title":{"rendered":"\u00e0 quelle heure et sur quelle cha\u00eene regarder le match aller du barrage de Ligue Conf\u00e9rence"},"content":{"rendered":"<p>Apr\u00e8s avoir termin\u00e9 \u00e0 la 7e place de Ligue 1 la saison pass\u00e9e, il est temps pour les Strasbourgeois de disputer le match aller de leur barrage ce jeudi face aux Danois de Br\u00f6ndby afin de d\u00e9crocher un ticket pour la Ligue Conf\u00e9rence.<\/p>\n<p>Si <a href=\"https:\/\/rmcsport.bfmtv.com\/football\/transferts\/mercato-blue-co-a-un-accord-avec-julio-enciso-attendu-cette-saison-a-strasbourg_AV-202508210066.html\" title=\"Mercato: BlueCo a un accord avec Julio Enciso, attendu cette saison \u00e0 Strasbourg\" class=\"internal_link\" rel=\"nofollow noopener\" target=\"_blank\">Strasbourg<\/a> a bien lanc\u00e9 sa saison avec une courte victoire lors de la premi\u00e8re journ\u00e9e de Ligue 1 en d\u00e9placement \u00e0 Metz le week-end dernier (1-0), c&rsquo;est dans l&rsquo;aventure europ\u00e9enne que les Alsaciens se lancent ce jeudi. Les hommes de <a href=\"https:\/\/rmcsport.bfmtv.com\/football\/ligue-1\/l-objectif-c-est-la-ligue-des-champions-rosenior-cash-sur-les-ambitions-du-rc-strasbourg_AV-202504190380.html\" title=\"&quot;L&#039;objectif, c&#039;est la Ligue des champions&quot;: Rosenior cash sur les ambitions du RC Strasbourg\" class=\"internal_link\" rel=\"nofollow noopener\" target=\"_blank\">Liam Rosenior<\/a> ont deux matchs face \u00e0 l&rsquo;\u00e9quipe danoise de Br\u00f6ndby pour d\u00e9crocher leur ticket pour la phase de groupe de la Ligue Conf\u00e9rence. La premi\u00e8re manche est pr\u00e9vue \u00e0 la Meinau ce jeudi avec un coup d&rsquo;envoi \u00e0 20h.<\/p>\n<p>Pour lancer leur saison \u00e0 domicile, les Strasbourgeois comptent bien frapper un grand coup face \u00e0 Br\u00f6ndby. Mais si le RCSA fait son entr\u00e9e au dernier tour des barrages pour une qualification en Ligue Conf\u00e9rence, ce n&rsquo;est pas le cas des Danois, pr\u00e9sents d\u00e8s le premier tour du tournoi qualificatif et avec d\u00e9j\u00e0 quatre matchs europ\u00e9ens dans les jambes.<\/p>\n<p>\u00c0 quelle heure suivre le barrage aller de Ligue Conf\u00e9rence entre Strasbourg et Br\u00f6ndby ?<\/p>\n<p>Le RCSA recevra les Danois de Brondby sur sa pelouse du stade de la Meinau ce jeudi 21 ao\u00fbt avec un coup d&rsquo;envoi \u00e0 20h.<\/p>\n<p>Sur quelle cha\u00eene voir Strasbourg-Br\u00f6ndby ?<\/p>\n<p>La rencontre entre les deux \u00e9quipes sera diffus\u00e9e sur BFM Alsace avec un dispositif lanc\u00e9 d\u00e8s 19h30 par la cha\u00eene. Le match sera \u00e9galement retransmis sur les cha\u00eenes <a href=\"https:\/\/www.twitch.tv\/rmcsport?lang=fr\" target=\"_blank\" class=\"external_link\" rel=\"nofollow noopener\">Twitch<\/a> et <a href=\"https:\/\/www.youtube.com\/rmcsport\" target=\"_blank\" class=\"external_link\" rel=\"nofollow noopener\">Youtube<\/a> de RMC Sport.<\/p>\n","protected":false},"excerpt":{"rendered":"Apr\u00e8s avoir termin\u00e9 \u00e0 la 7e place de Ligue 1 la saison pass\u00e9e, il est temps pour les&hellip;\n","protected":false},"author":2,"featured_media":21921,"comment_status":"","ping_status":"","sticky":false,"template":"","format":"standard","meta":{"footnotes":""},"categories":[2820],"tags":[1111,11,1777,674,1011,27,775,12,25,640],"class_list":{"0":"post-333308","1":"post","2":"type-post","3":"status-publish","4":"format-standard","5":"has-post-thumbnail","7":"category-strasbourg","8":"tag-actu","9":"tag-actualites","10":"tag-eu","11":"tag-europe","12":"tag-fr","13":"tag-france","14":"tag-grand-est","15":"tag-news","16":"tag-republique-francaise","17":"tag-strasbourg"},"share_on_mastodon":{"url":"https:\/\/pubeurope.com\/@fr\/115065363062772177","error":""},"_links":{"self":[{"href":"https:\/\/www.europesays.com\/fr\/wp-json\/wp\/v2\/posts\/333308","targetHints":{"allow":["GET"]}}],"collection":[{"href":"https:\/\/www.europesays.com\/fr\/wp-json\/wp\/v2\/posts"}],"about":[{"href":"https:\/\/www.europesays.com\/fr\/wp-json\/wp\/v2\/types\/post"}],"author":[{"embeddable":true,"href":"https:\/\/www.europesays.com\/fr\/wp-json\/wp\/v2\/users\/2"}],"replies":[{"embeddable":true,"href":"https:\/\/www.europesays.com\/fr\/wp-json\/wp\/v2\/comments?post=333308"}],"version-history":[{"count":0,"href":"https:\/\/www.europesays.com\/fr\/wp-json\/wp\/v2\/posts\/333308\/revisions"}],"wp:featuredmedia":[{"embeddable":true,"href":"https:\/\/www.europesays.com\/fr\/wp-json\/wp\/v2\/media\/21921"}],"wp:attachment":[{"href":"https:\/\/www.europesays.com\/fr\/wp-json\/wp\/v2\/media?parent=333308"}],"wp:term":[{"taxonomy":"category","embeddable":true,"href":"https:\/\/www.europesays.com\/fr\/wp-json\/wp\/v2\/categories?post=333308"},{"taxonomy":"post_tag","embeddable":true,"href":"https:\/\/www.europesays.com\/fr\/wp-json\/wp\/v2\/tags?post=333308"}],"curies":[{"name":"wp","href":"https:\/\/api.w.org\/{rel}","templated":true}]}}