{"id":333309,"date":"2025-08-21T06:34:11","date_gmt":"2025-08-21T06:34:11","guid":{"rendered":"https:\/\/www.europesays.com\/fr\/333309\/"},"modified":"2025-08-21T06:34:11","modified_gmt":"2025-08-21T06:34:11","slug":"un-nouveau-supermarche-lidl-avec-parking-ouvre-ce-jeudi-21-aout-a-nice","status":"publish","type":"post","link":"https:\/\/www.europesays.com\/fr\/333309\/","title":{"rendered":"Un nouveau supermarch\u00e9 Lidl avec parking ouvre ce jeudi 21 ao\u00fbt \u00e0 Nice"},"content":{"rendered":"<p>Elle \u00e9tait implant\u00e9e depuis 2006 au num\u00e9ro 6 de la rue Arnaldi \u00e0 Nice. L\u2019enseigne Lidl se d\u00e9place ce jeudi 21 ao\u00fbt de quelques centaines de m\u00e8tres, au 120 route de Turin, au rez-de-chauss\u00e9e d\u2019un immeuble.<\/p>\n<p>\u00ab\u00a0Ce supermarch\u00e9 s\u2019inscrit dans le programme de modernisation des infrastructures et la continuit\u00e9 du repositionnement de l\u2019enseigne Lidl\u00a0\u00bb, explique l\u2019entreprise dans un communiqu\u00e9.<\/p>\n<p>Cette nouvelle structure permettra d\u2019effacer l\u2019aspect industriel que pouvait avoir la pr\u00e9c\u00e9dente, en int\u00e9grant une nouvelle fa\u00e7ade vitr\u00e9e permettant une plus grande luminosit\u00e9. Sur 1588m\u00b2, le supermarch\u00e9 proposera les m\u00eames produits, ainsi qu\u2019un service de pains et viennoiseries cuits sur place.<\/p>\n<p><strong>42 employ\u00e9s, 93 places de parking<\/strong><\/p>\n<p>16 nouveaux salari\u00e9s ont \u00e9t\u00e9 recrut\u00e9s, pour porter l\u2019effectif \u00e0 42 collaborateurs. C\u00f4t\u00e9 parking, 93 places de stationnement seront propos\u00e9es, avec 10 bornes de recharge pour les v\u00e9hicules \u00e9lectriques.<\/p>\n<p>Durant ces quatre premiers jours d\u2019ouverture, le magasin offrira 50 centimes d\u2019euros pour chaque passage en caisse sup\u00e9rieur \u00e0 15 euros.<\/p>\n<p>Ouvert du lundi au samedi, de 8h30\u00e0 21h. Le dimanche de 8h30 \u00e0 12h15.<\/p>\n","protected":false},"excerpt":{"rendered":"Elle \u00e9tait implant\u00e9e depuis 2006 au num\u00e9ro 6 de la rue Arnaldi \u00e0 Nice. L\u2019enseigne Lidl se d\u00e9place&hellip;\n","protected":false},"author":2,"featured_media":333310,"comment_status":"","ping_status":"","sticky":false,"template":"","format":"standard","meta":{"footnotes":""},"categories":[2819],"tags":[1111,11,1777,674,1011,27,12,2401,882,25,3366],"class_list":{"0":"post-333309","1":"post","2":"type-post","3":"status-publish","4":"format-standard","5":"has-post-thumbnail","7":"category-nice","8":"tag-actu","9":"tag-actualites","10":"tag-eu","11":"tag-europe","12":"tag-fr","13":"tag-france","14":"tag-news","15":"tag-nice","16":"tag-provence-alpes-cote-dazur","17":"tag-republique-francaise","18":"tag-vie-locale"},"share_on_mastodon":{"url":"https:\/\/pubeurope.com\/@fr\/115065367060062474","error":""},"_links":{"self":[{"href":"https:\/\/www.europesays.com\/fr\/wp-json\/wp\/v2\/posts\/333309","targetHints":{"allow":["GET"]}}],"collection":[{"href":"https:\/\/www.europesays.com\/fr\/wp-json\/wp\/v2\/posts"}],"about":[{"href":"https:\/\/www.europesays.com\/fr\/wp-json\/wp\/v2\/types\/post"}],"author":[{"embeddable":true,"href":"https:\/\/www.europesays.com\/fr\/wp-json\/wp\/v2\/users\/2"}],"replies":[{"embeddable":true,"href":"https:\/\/www.europesays.com\/fr\/wp-json\/wp\/v2\/comments?post=333309"}],"version-history":[{"count":0,"href":"https:\/\/www.europesays.com\/fr\/wp-json\/wp\/v2\/posts\/333309\/revisions"}],"wp:featuredmedia":[{"embeddable":true,"href":"https:\/\/www.europesays.com\/fr\/wp-json\/wp\/v2\/media\/333310"}],"wp:attachment":[{"href":"https:\/\/www.europesays.com\/fr\/wp-json\/wp\/v2\/media?parent=333309"}],"wp:term":[{"taxonomy":"category","embeddable":true,"href":"https:\/\/www.europesays.com\/fr\/wp-json\/wp\/v2\/categories?post=333309"},{"taxonomy":"post_tag","embeddable":true,"href":"https:\/\/www.europesays.com\/fr\/wp-json\/wp\/v2\/tags?post=333309"}],"curies":[{"name":"wp","href":"https:\/\/api.w.org\/{rel}","templated":true}]}}