{"id":333351,"date":"2025-08-21T06:58:44","date_gmt":"2025-08-21T06:58:44","guid":{"rendered":"https:\/\/www.europesays.com\/fr\/333351\/"},"modified":"2025-08-21T06:58:44","modified_gmt":"2025-08-21T06:58:44","slug":"la-situation-est-grave-scholz-expose-la-crise-politique-en-allemagne","status":"publish","type":"post","link":"https:\/\/www.europesays.com\/fr\/333351\/","title":{"rendered":"\u00abLa situation est grave\u00bb : Scholz expose la crise politique en Allemagne"},"content":{"rendered":"<p class=\"intro\">Dans une allocution d\u2019une dizaine de minutes \u00e0 Berlin le soir du mercredi 6 novembre, le chancelier social-d\u00e9mocrate Olaf Scholz a d\u00e9mis de ses fonctions le ministre des finances lib\u00e9ral Christian Lindner. Ce divorce puise son origine dans des querelles persistantes depuis trois ans mais se retrouve concomitant de l\u2019\u00e9lection de Donald Trump. Ce tremblement de terre politique met fin \u00e0 <a href=\"https:\/\/legrandcontinent.eu\/fr\/2021\/10\/15\/esquisse-dun-pays-en-feu-tricolore\/\" rel=\"nofollow noopener\" target=\"_blank\">trois ans de coalition en \u00ab\u00a0feu tricolore\u00a0\u00bb entre SPD, FDP et Verts<\/a> et annonce une recomposition politique imminente.<\/p>\n<p class=\"intro\">Il aura des cons\u00e9quences majeures, directes et indirectes, pour l\u2019Union europ\u00e9enne et le monde.<\/p>\n<p>Mesdames et Messieurs,<\/p>\n<p>Je viens \u00e0 l\u2019instant de demander au pr\u00e9sident f\u00e9d\u00e9ral de d\u00e9mettre de ses fonctions le ministre f\u00e9d\u00e9ral des Finances. Je me vois contraint \u00e0 cette mesure afin d\u2019\u00e9viter tout dommage \u00e0 notre pays. L\u2019Allemagne a besoin d\u2019un gouvernement capable d\u2019agir et qui ait la force de prendre les d\u00e9cisions n\u00e9cessaires. Cette capacit\u00e9 d\u2019action et de d\u00e9cision, c\u2019est ce qui a \u00e9t\u00e9 au c\u0153ur de mes pr\u00e9occupations tout au long des trois derni\u00e8res ann\u00e9es, et c\u2019est ce qui m\u2019importe aujourd\u2019hui.<\/p>\n<p>Ce midi, j\u2019ai fait au FDP une proposition qui nous aurait permis de combler le d\u00e9ficit du budget f\u00e9d\u00e9ral sans plonger notre pays dans le chaos. Une offre pour renforcer l\u2019Allemagne en ces temps difficiles. Une offre qui reprenait certaines des propositions du FDP, mais qui reconnaissait \u00e9galement qu\u2019au vu des d\u00e9fis auxquels nous faisons face, une plus grande marge de man\u0153uvre financi\u00e8re \u00e9tait n\u00e9cessaire. Ma proposition s\u2019organisait autour de quatre axes principaux\u00a0:<\/p>\n<p>1 \u2014 Rendre les co\u00fbts de l\u2019\u00e9nergie plus abordables et plafonner les tarifs pour nos entreprises afin de renforcer la production allemande.<\/p>\n<p>2 \u2014 Mettre en place des mesures visant \u00e0 prot\u00e9ger les emplois dans l\u2019industrie automobile et parmi ses nombreux sous-traitants.<\/p>\n<p>3 \u2014 Introduire une prime \u00e0 l\u2019investissement et faciliter les all\u00e8gements fiscaux afin d\u2019encourager les investissements dans l\u2019\u00e9conomie allemande.<\/p>\n<p>4 \u2014 Augmenter notre soutien \u00e0 l\u2019Ukraine, qui est au seuil d\u2019un hiver difficile. Au lendemain des \u00e9lections am\u00e9ricaines, il importe d\u2019envoyer un signal fort\u00a0: l\u2019Ukraine peut compter sur nous.<\/p>\n<p>Une fois de plus, j\u2019ai cependant d\u00fb constater que le ministre f\u00e9d\u00e9ral des Finances ne montrait aucune volont\u00e9 de mettre en \u0153uvre ces propositions au sein du gouvernement f\u00e9d\u00e9ral. Je ne veux plus que notre pays ait \u00e0 subir un tel comportement.<\/p>\n<p>Chers concitoyens, j\u2019aurais aim\u00e9 vous \u00e9pargner cette d\u00e9cision difficile, surtout en ces temps d\u2019incertitude croissante. Aux \u00c9tats-Unis, Donald Trump a obtenu une nette victoire lors des \u00e9lections pr\u00e9sidentielles, et je lui ai adress\u00e9 aujourd\u2019hui mes f\u00e9licitations. Comme chancelier, je travaillerai bien entendu en bonne intelligence avec le futur pr\u00e9sident des \u00c9tats-Unis. En p\u00e9riode d\u2019incertitude, il est d\u2019autant plus important de pouvoir compter sur une relation transatlantique \u00e9troite. Mais une chose est s\u00fbre\u00a0: l\u2019Allemagne devra assumer ses responsabilit\u00e9s \u2015 et l\u2019Europe, plus que jamais, devra se serrer les coudes et continuer \u00e0 investir ensemble dans sa s\u00e9curit\u00e9 et sa force sur la sc\u00e8ne internationale.<\/p>\n<p>La situation est grave\u00a0: la guerre est de retour en Europe, les tensions s\u2019accroissent au Proche-Orient. Dans le m\u00eame temps, notre \u00e9conomie fait du surplace. Nos entreprises doivent affronter la faiblesse du commerce mondial, la hausse des prix de l\u2019\u00e9nergie cons\u00e9cutive \u00e0 la guerre d\u2019agression russe et les co\u00fbts de la modernisation de notre \u00e9conomie. Mes discussions avec les repr\u00e9sentants du monde \u00e9conomique montrent que nos entreprises ont besoin de soutien, et ce d\u00e8s aujourd\u2019hui. Dans une telle situation, refuser une solution ou une offre de compromis est irresponsable. En tant que chancelier, je ne peux le tol\u00e9rer.<\/p>\n<p>Au cours des trois derni\u00e8res ann\u00e9es, je n\u2019ai cess\u00e9 de faire des propositions pour que notre coalition, qui allie trois partis aux profils diff\u00e9rents, puisse parvenir \u00e0 de bons compromis. Cela fut souvent difficile, et les limites de mes convictions politiques ont parfois \u00e9t\u00e9 mises \u00e0 rude \u00e9preuve. Mais en tant que chancelier, il est de mon devoir de rechercher des solutions pragmatiques, pour le bien du pays. Or trop souvent, les compromis n\u00e9cessaires ont \u00e9t\u00e9 \u00e9touff\u00e9s par la mise en sc\u00e8ne de nos d\u00e9saccords dans l\u2019espace public et par des exigences id\u00e9ologiques bruyantes. Trop souvent, le ministre Lindner a bloqu\u00e9 des lois sans raison valable. Trop souvent, il s\u2019est livr\u00e9 \u00e0 des tactiques partisanes mesquines. Trop souvent, il a trahi ma confiance. Derni\u00e8rement, il est all\u00e9 jusqu\u2019\u00e0 rejeter unilat\u00e9ralement l\u2019accord auquel nous \u00e9tions parvenus sur le budget, alors m\u00eame que nous \u00e9tions parvenus \u00e0 un compromis \u00e0 l\u2019issue de longues n\u00e9gociations. Aujourd\u2019hui, la base de confiance n\u00e9cessaire \u00e0 la poursuite de la collaboration actuelle n\u2019existe plus. Il n\u2019est plus possible de mener ensemble un travail gouvernemental s\u00e9rieux.<\/p>\n<p>Les membres d\u2019un gouvernement se doivent d\u2019agir de mani\u00e8re s\u00e9rieuse et responsable, sans prendre leurs distances aussit\u00f4t que des difficult\u00e9s apparaissent. Nous nous devons de trouver des compromis, dans l\u2019int\u00e9r\u00eat de tous les citoyens. Or ce n\u2019est manifestement pas ce qui int\u00e9resse Christian Lindner. Ce qui l\u2019int\u00e9resse, c\u2019est sa propre client\u00e8le, c\u2019est la survie \u00e0 court terme de son propre parti. Aujourd\u2019hui, au lendemain d\u2019un \u00e9v\u00e9nement aussi important que les \u00e9lections am\u00e9ricaines, un tel \u00e9go\u00efsme est totalement incompr\u00e9hensible.<\/p>\n<p>La mise en sc\u00e8ne des d\u00e9saccords au sein de la coalition a trop longtemps d\u00e9tourn\u00e9 l\u2019attention des actions concr\u00e8tes de ce gouvernement. Nous faisons des progr\u00e8s en mati\u00e8re de migration irr\u00e9guli\u00e8re, les entr\u00e9es ill\u00e9gales ayant \u00e9t\u00e9 r\u00e9duites de plus de 50\u00a0% par rapport \u00e0 l\u2019ann\u00e9e derni\u00e8re. Nous r\u00e9alisons aussi de grandes avanc\u00e9es s\u2019agissant de notre s\u00e9curit\u00e9 \u00e9nerg\u00e9tique et de la protection du climat\u00a0: pour la premi\u00e8re fois, l\u2019Allemagne est en passe d\u2019atteindre ses objectifs de d\u00e9veloppement des \u00e9nergies \u00e9olienne et solaire. L\u2019inflation est tomb\u00e9e \u00e0 2\u00a0%, les salaires r\u00e9els et les pensions repartent \u00e0 la hausse. Nous avons assur\u00e9 la sobri\u00e9t\u00e9 \u00e9nerg\u00e9tique de l\u2019Allemagne et stabilis\u00e9 les prix de l\u2019\u00e9nergie. Il y a quelques ann\u00e9es, pr\u00e8s d\u2019une personne sur quatre occupait un emploi \u00e0 bas salaire\u00a0; aujourd\u2019hui, ce n\u2019est plus le cas que d\u2019une personne sur sept. Ce sont l\u00e0 de bonnes nouvelles, r\u00e9sultat des politiques men\u00e9es en commun par le gouvernement compos\u00e9 du SPD, des Verts et du FDP.<\/p>\n<p>Lors de ma prise de fonctions en tant que chancelier f\u00e9d\u00e9ral, j\u2019ai pr\u00eat\u00e9 serment.<\/p>\n<p>Ce serment rev\u00eat pour moi une grande importance. Je garde toujours \u00e0 l\u2019esprit l\u2019int\u00e9r\u00eat de l\u2019ensemble du pays. J\u2019ai la ferme conviction que nous ne devrions jamais opposer la s\u00e9curit\u00e9 int\u00e9rieure, la s\u00e9curit\u00e9 ext\u00e9rieure et la protection sociale. Cela mettrait en p\u00e9ril notre coh\u00e9sion, voire notre d\u00e9mocratie.<\/p>\n<p>Si j\u2019insiste sur ce point, c\u2019est que le ministre f\u00e9d\u00e9ral Lindner a exig\u00e9 publiquement une r\u00e9orientation radicale de la politique du gouvernement, incluant des r\u00e9ductions d\u2019imp\u00f4ts de plusieurs milliards pour un petit nombre de hauts revenus et, dans le m\u00eame temps, des r\u00e9ductions de pensions pour tous les retrait\u00e9s. Une telle politique ne serait ni d\u00e9cente, ni juste. De m\u00eame, il serait absolument inacceptable de faire pleuvoir des cadeaux fiscaux tout en coupant dans les finances de nos villes et de nos communes. Christian Lindner entend aussi abandonner les investissements dans la modernisation et l\u2019am\u00e9lioration de la trajectoire climatique de notre pays, ce qui accro\u00eet l\u2019incertitude \u00e9conomique et r\u00e9duit nos chances d\u2019\u00eatre \u00e0 la pointe des technologies du futur. Les \u00c9tats-Unis, la Chine et les autres grandes puissances \u00e9conomiques ne nous attendront pas. Enfin, Christian Lindner parle, en utilisant une formulation volontairement obscure, de \u00ab\u00a0tirer parti des r\u00e9serves d\u2019efficacit\u00e9\u00a0\u00bb dans notre syst\u00e8me de protection sociale. Mais derri\u00e8re cette expression se cachent des coupes drastiques dans la sant\u00e9 et le syst\u00e8me de soins, et donc une diminution de la protection de ceux qui en ont le plus besoin. C\u2019est un manque de respect pour toutes celles et ceux qui ont travaill\u00e9 dur pour obtenir cette s\u00e9curit\u00e9, pour toutes celles et ceux qui paient des imp\u00f4ts et des cotisations sociales.<\/p>\n<p>La politique commence par l\u2019observation de la r\u00e9alit\u00e9. Or pour l\u2019Allemagne, la r\u00e9alit\u00e9 est la suivante\u00a0: la guerre d\u2019agression de la Russie contre l\u2019Ukraine a profond\u00e9ment modifi\u00e9 la situation s\u00e9curitaire pour des ann\u00e9es \u00e0 venir. Nous devons accro\u00eetre consid\u00e9rablement notre investissement dans notre d\u00e9fense et notre arm\u00e9e, tout particuli\u00e8rement au lendemain du r\u00e9sultat des \u00e9lections aux \u00c9tats-Unis. 1,2 million d\u2019Ukrainiennes et d\u2019Ukrainiens ont trouv\u00e9 refuge chez nous pour \u00e9chapper \u00e0 la terreur des bombardements russes. Il est juste de les accueillir. Nous soutenons l\u2019Ukraine dans son effort de d\u00e9fense, \u00e0 hauteur de bient\u00f4t 30 milliards d\u2019euros. Nous la soutenons aussi parce que cela sert nos propres int\u00e9r\u00eats en mati\u00e8re de s\u00e9curit\u00e9. Une victoire russe nous co\u00fbterait bien plus cher.<\/p>\n<p>Le soutien \u00e0 l\u2019Ukraine est et demeure une juste cause.<\/p>\n<p>Mais je le dis tr\u00e8s clairement\u00a0: je ne suis pas pr\u00eat \u00e0 financer notre soutien \u00e0 l\u2019Ukraine et les investissements dans notre d\u00e9fense au d\u00e9triment de notre coh\u00e9sion sociale, au d\u00e9triment des retraites, de la sant\u00e9 ou des soins. Nous avons besoin de l\u2019une comme de l\u2019autre\u00a0: de s\u00e9curit\u00e9 et de coh\u00e9sion sociale. C\u2019est pourquoi je ne demanderai pas aux citoyens de choisir entre investir suffisamment dans notre s\u00e9curit\u00e9 ou investir dans de bons emplois, une \u00e9conomie moderne et une infrastructure de qualit\u00e9. Ce \u00ab\u00a0soit l\u2019un soit l\u2019autre\u00a0\u00bb est un poison. Soit la s\u00e9curit\u00e9, soit la coh\u00e9sion. Soit le soutien \u00e0 l\u2019Ukraine, soit l\u2019investissement dans l\u2019avenir de l\u2019Allemagne. Ces oppositions sont fausses et dangereuses. Elles apportent de l\u2019eau au moulin des ennemis de notre d\u00e9mocratie. Surtout, poser une telle alternative est totalement inutile. Car l\u2019Allemagne est un pays fort. Parmi toutes les grandes d\u00e9mocraties \u00e9conomiquement d\u00e9velopp\u00e9es, nous avons de loin le taux d\u2019endettement le plus faible. Il existe des solutions pour financer solidement notre collectivit\u00e9 et l\u2019action publique. Il existe des solutions pour un budget qui renforce simultan\u00e9ment la s\u00e9curit\u00e9 int\u00e9rieure, ext\u00e9rieure et sociale.<\/p>\n<p>C\u2019est la solution que j\u2019ai propos\u00e9e.<\/p>\n<p>L\u2019article 115 de la Loi fondamentale pr\u00e9voit express\u00e9ment la possibilit\u00e9 de d\u00e9roger aux r\u00e8gles constitutionnelles de frein \u00e0 l\u2019endettement en cas de situation d\u2019urgence exceptionnelle. La coalition avait d\u00e9j\u00e0 convenu de s\u2019appuyer sur cette disposition. La guerre d\u2019agression russe, qui en est d\u00e9j\u00e0 \u00e0 sa troisi\u00e8me ann\u00e9e, ainsi que ses cons\u00e9quences, constituent une telle situation d\u2019urgence. Or en cas d\u2019urgence, le gouvernement f\u00e9d\u00e9ral n\u2019a pas seulement le droit d\u2019agir. Il en a le devoir.<\/p>\n<p>Que va-t-il se passer maintenant\u00a0? Le ministre f\u00e9d\u00e9ral Lindner est d\u00e9mis de ses fonctions par le pr\u00e9sident f\u00e9d\u00e9ral. En accord avec le vice-chancelier Robert Habeck, je pense que l\u2019Allemagne a besoin d\u2019une clarification rapide de sa future trajectoire politique. L\u2019\u00e9ch\u00e9ance r\u00e9guli\u00e8re des \u00e9lections f\u00e9d\u00e9rales pr\u00e9vues pour l\u2019automne prochain est encore lointaine. Au cours des semaines de session restantes du Bundestag jusqu\u2019\u00e0 No\u00ebl, nous soumettrons au vote tous les projets de loi qui ne peuvent \u00eatre report\u00e9s. Parmi ces projets figure la compensation des effets de l\u2019inflation sur le montant de l\u2019imp\u00f4t sur le revenu, qui garantira que les salari\u00e9s b\u00e9n\u00e9ficient d\u2019une augmentation de leur salaire net \u00e0 partir du 1er janvier. Nous traiterons \u00e9galement de mani\u00e8re prioritaire la stabilisation du syst\u00e8me des retraites publiques et la mise en \u0153uvre du nouveau syst\u00e8me europ\u00e9en commun d\u2019asile. Enfin, nous prendrons des mesures imm\u00e9diates pour notre industrie, au sujet desquelles j\u2019\u00e9change actuellement avec les entreprises, les syndicats et les f\u00e9d\u00e9rations industrielles. Ces d\u00e9cisions devront \u00eatre prises d\u2019ici \u00e0 la derni\u00e8re r\u00e9union du Bundesrat cette ann\u00e9e, le 20 d\u00e9cembre. Puis, lors de la premi\u00e8re semaine de session du Bundestag de l\u2019ann\u00e9e \u00e0 venir, je poserai la question de confiance, afin que le Bundestag puisse se prononcer \u00e0 ce sujet le 15 janvier. Les membres du Bundestag pourront ainsi d\u00e9cider s\u2019ils ouvrent la voie \u00e0 des \u00e9lections anticip\u00e9es. Ces \u00e9lections pourront alors avoir lieu au plus tard fin mars, dans le respect des d\u00e9lais pr\u00e9vus par la Loi fondamentale.<\/p>\n<p>Mesdames et Messieurs, je m\u2019entretiendrai \u00e9galement au plus vite avec le chef de l\u2019opposition, Friedrich Merz.<\/p>\n<p>Je lui proposerai \u00e0 cette occasion de coop\u00e9rer de mani\u00e8re constructive sur au moins deux questions d\u00e9cisives pour notre pays\u00a0: le renforcement rapide de notre \u00e9conomie et de notre d\u00e9fense. Car notre \u00e9conomie ne peut pas attendre que de nouvelles \u00e9lections aient eu lieu.\u00a0 D\u00e8s \u00e0 pr\u00e9sent, nous avons besoin de clart\u00e9 pour assurer un financement solide de notre s\u00e9curit\u00e9 et notre d\u00e9fense sans mettre pour autant en p\u00e9ril la coh\u00e9sion du pays. Au lendemain des \u00e9lections am\u00e9ricaines, cet enjeu est plus urgent que jamais. Il s\u2019agit de prendre les d\u00e9cisions dont notre pays a besoin. J\u2019\u00e9changerai \u00e0 ce sujet avec les responsables de l\u2019opposition.<\/p>\n<p>Chers concitoyens, en tant que chancelier de la R\u00e9publique f\u00e9d\u00e9rale d\u2019Allemagne, je continuerai \u00e0 consacrer toutes mes forces \u00e0 guider notre pays \u00e0 travers cette p\u00e9riode difficile. Je suis persuad\u00e9 qu\u2019en prenant les bonnes d\u00e9cisions, nous sortirons renforc\u00e9s de cette crise.<\/p>\n<p>Je voudrais terminer sur une remarque personnelle.<\/p>\n<p>J\u2019ai commenc\u00e9 cette prise de parole en \u00e9voquant la n\u00e9cessit\u00e9 de faire des compromis. Nous devons imp\u00e9rativement pr\u00e9server cette capacit\u00e9 de compromis. Ceux qui ont observ\u00e9 les \u00c9tats-Unis ces derni\u00e8res semaines ont pu voir un pays profond\u00e9ment divis\u00e9, un pays o\u00f9 les d\u00e9saccords politiques d\u00e9truisent des amiti\u00e9s et des familles, o\u00f9 l\u2019id\u00e9ologie a rendu presque impossible toute coop\u00e9ration au-del\u00e0 des fronti\u00e8res partisanes. Nous devons faire tout notre possible pour \u00e9viter une telle situation en Allemagne \u2015 d\u2019autant plus que nous devrons probablement faire face, dans l\u2019avenir, \u00e0 des r\u00e9sultats \u00e9lectoraux qui exigent de nous coop\u00e9ration et compromis. L\u2019exercice du compromis est souvent laborieux. Mais c\u2019est lui qui a fait la force de l\u2019Allemagne. C\u2019est lui qui fait notre sp\u00e9cificit\u00e9. Et c\u2019est \u00e0 b\u00e2tir de tels compromis que je travaille en tant que chancelier f\u00e9d\u00e9ral.<\/p>\n<p>Merci beaucoup.<\/p>\n","protected":false},"excerpt":{"rendered":"Dans une allocution d\u2019une dizaine de minutes \u00e0 Berlin le soir du mercredi 6 novembre, le chancelier social-d\u00e9mocrate&hellip;\n","protected":false},"author":2,"featured_media":333352,"comment_status":"","ping_status":"","sticky":false,"template":"","format":"standard","meta":{"footnotes":""},"categories":[1587],"tags":[11,672,1804,1805,1803,1777,674,1801,12,1802],"class_list":{"0":"post-333351","1":"post","2":"type-post","3":"status-publish","4":"format-standard","5":"has-post-thumbnail","7":"category-allemagne","8":"tag-actualites","9":"tag-allemagne","10":"tag-bundesrepublik-deutschland","11":"tag-de","12":"tag-deutschland","13":"tag-eu","14":"tag-europe","15":"tag-germany","16":"tag-news","17":"tag-republique-federale-dallemagne"},"share_on_mastodon":{"url":"https:\/\/pubeurope.com\/@fr\/115065461378698654","error":""},"_links":{"self":[{"href":"https:\/\/www.europesays.com\/fr\/wp-json\/wp\/v2\/posts\/333351","targetHints":{"allow":["GET"]}}],"collection":[{"href":"https:\/\/www.europesays.com\/fr\/wp-json\/wp\/v2\/posts"}],"about":[{"href":"https:\/\/www.europesays.com\/fr\/wp-json\/wp\/v2\/types\/post"}],"author":[{"embeddable":true,"href":"https:\/\/www.europesays.com\/fr\/wp-json\/wp\/v2\/users\/2"}],"replies":[{"embeddable":true,"href":"https:\/\/www.europesays.com\/fr\/wp-json\/wp\/v2\/comments?post=333351"}],"version-history":[{"count":0,"href":"https:\/\/www.europesays.com\/fr\/wp-json\/wp\/v2\/posts\/333351\/revisions"}],"wp:featuredmedia":[{"embeddable":true,"href":"https:\/\/www.europesays.com\/fr\/wp-json\/wp\/v2\/media\/333352"}],"wp:attachment":[{"href":"https:\/\/www.europesays.com\/fr\/wp-json\/wp\/v2\/media?parent=333351"}],"wp:term":[{"taxonomy":"category","embeddable":true,"href":"https:\/\/www.europesays.com\/fr\/wp-json\/wp\/v2\/categories?post=333351"},{"taxonomy":"post_tag","embeddable":true,"href":"https:\/\/www.europesays.com\/fr\/wp-json\/wp\/v2\/tags?post=333351"}],"curies":[{"name":"wp","href":"https:\/\/api.w.org\/{rel}","templated":true}]}}