{"id":333402,"date":"2025-08-21T07:28:12","date_gmt":"2025-08-21T07:28:12","guid":{"rendered":"https:\/\/www.europesays.com\/fr\/333402\/"},"modified":"2025-08-21T07:28:12","modified_gmt":"2025-08-21T07:28:12","slug":"nouvelles-implantations-netto-a-toulouse-et-saint-etienne","status":"publish","type":"post","link":"https:\/\/www.europesays.com\/fr\/333402\/","title":{"rendered":"Nouvelles implantations Netto \u00e0 Toulouse et Saint-\u00c9tienne"},"content":{"rendered":"<p><strong>L\u2019enseigne discount Netto, membre du groupe Les Mousquetaires<\/strong>, poursuit activement son d\u00e9veloppement sur le territoire fran\u00e7ais avec l\u2019annonce de <strong>deux nouvelles implantations<\/strong>. <strong>\u00c0 L\u2019Union, pr\u00e8s de Toulouse, et \u00e0 Saint-\u00c9tienne<\/strong>, l\u2019enseigne renforce sa pr\u00e9sence dans des zones jusqu\u2019alors insuffisamment desservies. Avec d\u00e9sormais <strong>386 points de vente en France, le <a href=\"https:\/\/ac-franchise.com\/annuaire\/franchise-netto\" rel=\"nofollow noopener\" target=\"_blank\">r\u00e9seau Netto <\/a><\/strong>d\u00e9ploie un <strong>mod\u00e8le commercial distinctif<\/strong> bas\u00e9 sur une offre discount agressive, compos\u00e9e \u00e0 <strong>85% de marques distributeur<\/strong>. Ces nouvelles ouvertures illustrent la strat\u00e9gie d\u2019expansion de l\u2019enseigne cr\u00e9\u00e9e en 2001, qui cible particuli\u00e8rement les zones \u00e0 fort potentiel commercial o\u00f9 la demande pour des produits alimentaires \u00e0 prix comp\u00e9titifs est importante.<\/p>\n<p><img fetchpriority=\"high\" decoding=\"async\" class=\"aligncenter wp-image-489023\" src=\"https:\/\/www.europesays.com\/fr\/wp-content\/uploads\/2025\/08\/devanture-magasin-netto-300x200.jpg\" alt=\"Devanture magasin Netto\" width=\"675\" height=\"450\"  \/><\/p>\n<p>Une strat\u00e9gie d\u2019implantation cibl\u00e9e et opportuniste<\/p>\n<p><strong>\u00c0 L\u2019Union, pr\u00e8s de Toulouse<\/strong>, Netto s\u2019installe dans les <strong>locaux d\u2019un ancien Intermarch\u00e9, lui-m\u00eame ayant remplac\u00e9 un Casino en 2023.<\/strong> Cette transformation progressive t\u00e9moigne d\u2019une approche pragmatique de d\u00e9veloppement.<\/p>\n<p>Ce premier Netto de l\u2019est toulousain, sous la responsabilit\u00e9 de Jean-Baptiste Lacroix, a une <strong>surface de vente \u00e0 1 600 m\u00b2,<\/strong> bien sup\u00e9rieure aux 900 m\u00b2 habituels de l\u2019enseigne.\u00a0Il a b\u00e9n\u00e9fici\u00e9 d\u2019une <strong>r\u00e9novation compl\u00e8te<\/strong> incluant des \u00e9quipements \u00e9co\u00e9nerg\u00e9tiques comme des meubles r\u00e9frig\u00e9rants ferm\u00e9s et un \u00e9clairage LED.<\/p>\n<p><strong>\u00c0 Saint-\u00c9tienne<\/strong>, l\u2019enseigne s\u2019implante sur un <strong>terrain anciennement occup\u00e9 par l\u2019entreprise d\u2019outillage Unicum,<\/strong> rest\u00e9 vacant pendant des d\u00e9cennies. Ce nouveau point de vente de <strong>1 400 m\u00b2<\/strong> repr\u00e9sente un <strong>investissement de 1.5 million d\u2019euros pour Fabien Le Mouel, le g\u00e9rant<\/strong>, et cr\u00e9era <strong>douze emplois en CDI \u00e0 temps plein<\/strong>. Cette ouverture r\u00e9pond \u00e0 un besoin local pressant, le quartier \u00e9tant d\u00e9pourvu de grande surface depuis la fermeture du Lidl du boulevard Jules-Janin en mai dernier.<\/p>\n<p>Un mod\u00e8le \u00e9conomique distinctif ax\u00e9 sur le discount<\/p>\n<p>Le succ\u00e8s de Netto repose sur une proposition de valeur claire : <strong>offrir 1 000 articles essentiels aux tarifs les plus comp\u00e9titifs du march\u00e9<\/strong>. L\u2019enseigne se distingue par une forte proportion de marques distributeur (85 %) et une organisation optimis\u00e9e des espaces de vente. \u00c0 L\u2019Union, Jean-Baptiste Lacroix mise particuli\u00e8rement sur <strong>la grande zone surgel\u00e9e<\/strong> dont son magasin dispose ainsi qu\u2019une <strong>section d\u00e9di\u00e9e au d\u00e9stockage<\/strong>, sp\u00e9cialit\u00e9 de l\u2019enseigne.<\/p>\n<p>Le magasin de Saint-\u00c9tienne proposera quant \u00e0 lui <strong>4 000 r\u00e9f\u00e9rences<\/strong> avec un <strong>accent particulier sur les produits frais en libre-service<\/strong> : boucherie, poissonnerie, fruits et l\u00e9gumes, et boulangerie. Cette diversit\u00e9, associ\u00e9e \u00e0 une politique tarifaire agressive, positionne Netto comme une <strong>alternative pertinente dans un contexte \u00e9conomique<\/strong> o\u00f9 le pouvoir d\u2019achat reste une pr\u00e9occupation majeure des consommateurs.<\/p>\n","protected":false},"excerpt":{"rendered":"L\u2019enseigne discount Netto, membre du groupe Les Mousquetaires, poursuit activement son d\u00e9veloppement sur le territoire fran\u00e7ais avec l\u2019annonce&hellip;\n","protected":false},"author":2,"featured_media":333403,"comment_status":"","ping_status":"","sticky":false,"template":"","format":"standard","meta":{"footnotes":""},"categories":[9653],"tags":[1111,11,2430,1777,674,1011,27,12,25,4001],"class_list":{"0":"post-333402","1":"post","2":"type-post","3":"status-publish","4":"format-standard","5":"has-post-thumbnail","7":"category-saint-etienne","8":"tag-actu","9":"tag-actualites","10":"tag-auvergne-rhone-alpes","11":"tag-eu","12":"tag-europe","13":"tag-fr","14":"tag-france","15":"tag-news","16":"tag-republique-francaise","17":"tag-saint-etienne"},"share_on_mastodon":{"url":"https:\/\/pubeurope.com\/@fr\/115065579323490404","error":""},"_links":{"self":[{"href":"https:\/\/www.europesays.com\/fr\/wp-json\/wp\/v2\/posts\/333402","targetHints":{"allow":["GET"]}}],"collection":[{"href":"https:\/\/www.europesays.com\/fr\/wp-json\/wp\/v2\/posts"}],"about":[{"href":"https:\/\/www.europesays.com\/fr\/wp-json\/wp\/v2\/types\/post"}],"author":[{"embeddable":true,"href":"https:\/\/www.europesays.com\/fr\/wp-json\/wp\/v2\/users\/2"}],"replies":[{"embeddable":true,"href":"https:\/\/www.europesays.com\/fr\/wp-json\/wp\/v2\/comments?post=333402"}],"version-history":[{"count":0,"href":"https:\/\/www.europesays.com\/fr\/wp-json\/wp\/v2\/posts\/333402\/revisions"}],"wp:featuredmedia":[{"embeddable":true,"href":"https:\/\/www.europesays.com\/fr\/wp-json\/wp\/v2\/media\/333403"}],"wp:attachment":[{"href":"https:\/\/www.europesays.com\/fr\/wp-json\/wp\/v2\/media?parent=333402"}],"wp:term":[{"taxonomy":"category","embeddable":true,"href":"https:\/\/www.europesays.com\/fr\/wp-json\/wp\/v2\/categories?post=333402"},{"taxonomy":"post_tag","embeddable":true,"href":"https:\/\/www.europesays.com\/fr\/wp-json\/wp\/v2\/tags?post=333402"}],"curies":[{"name":"wp","href":"https:\/\/api.w.org\/{rel}","templated":true}]}}