{"id":333406,"date":"2025-08-21T07:32:11","date_gmt":"2025-08-21T07:32:11","guid":{"rendered":"https:\/\/www.europesays.com\/fr\/333406\/"},"modified":"2025-08-21T07:32:11","modified_gmt":"2025-08-21T07:32:11","slug":"toulon-exposition-banksy-les-evolutions-europeennes","status":"publish","type":"post","link":"https:\/\/www.europesays.com\/fr\/333406\/","title":{"rendered":"TOULON : Exposition Banksy &#8211; Les \u00e9volutions europ\u00e9ennes"},"content":{"rendered":"<p><strong>En Europe, et pas seulement en France, l\u2019art du graffiti se confronte \u00e0 une r\u00e9alit\u00e9 sociale, artistique et culturelle tr\u00e8s diff\u00e9rente de celle des \u00c9tats-Unis.<\/strong> <\/p>\n<p>Ce contexte sp\u00e9cifique influe directement sur son \u00e9volution et emprunte de nouvelles formes expressives, suivant un parcours lin\u00e9aire qui se ramifie dans des directions caract\u00e9ris\u00e9es par des techniques, des inspirations et des styles distincts, difficiles \u00e0 cataloguer.<\/p>\n<p>L\u2019usage du graffiti par Bigtato, l\u2019hyperr\u00e9alisme tridimensionnel et naturaliste du duo Nevercrew, les signes universalistes et instinctifs de Raul, les hybridations entre l\u2019art urbain et na\u00eff de Damiano Mengozzi, les images audacieuses et provocatrices de Robert Del Naja, alias 3D, ou encore les rappels de l\u2019art classique et de la Renaissance des \u0153uvres d\u2019Ozmo et d\u2019Andrea Ravo Mattoni, sont autant de propositions originales et personnelles. Parmi tous les artistes ayant contribu\u00e9 au succ\u00e8s de l\u2019art urbain en Europe, Blu occupe une place particuli\u00e8re en tant que chef de file d\u2019une g\u00e9n\u00e9ration d\u2019artistes. Il d\u00e9finit le style et le contenu de ce mouvement \u00e0 travers ses peintures murales caract\u00e9ristiques et ses positions provocatrices.<\/p>\n<p><strong>Source : Au mus\u00e9e d\u2019Art, exposition Banksy.<\/strong><\/p>\n","protected":false},"excerpt":{"rendered":"En Europe, et pas seulement en France, l\u2019art du graffiti se confronte \u00e0 une r\u00e9alit\u00e9 sociale, artistique et&hellip;\n","protected":false},"author":2,"featured_media":331423,"comment_status":"","ping_status":"","sticky":false,"template":"","format":"standard","meta":{"footnotes":""},"categories":[9619],"tags":[1111,11,1777,674,1011,27,12,882,25,2310],"class_list":{"0":"post-333406","1":"post","2":"type-post","3":"status-publish","4":"format-standard","5":"has-post-thumbnail","7":"category-toulon","8":"tag-actu","9":"tag-actualites","10":"tag-eu","11":"tag-europe","12":"tag-fr","13":"tag-france","14":"tag-news","15":"tag-provence-alpes-cote-dazur","16":"tag-republique-francaise","17":"tag-toulon"},"share_on_mastodon":{"url":"https:\/\/pubeurope.com\/@fr\/115065595298189671","error":""},"_links":{"self":[{"href":"https:\/\/www.europesays.com\/fr\/wp-json\/wp\/v2\/posts\/333406","targetHints":{"allow":["GET"]}}],"collection":[{"href":"https:\/\/www.europesays.com\/fr\/wp-json\/wp\/v2\/posts"}],"about":[{"href":"https:\/\/www.europesays.com\/fr\/wp-json\/wp\/v2\/types\/post"}],"author":[{"embeddable":true,"href":"https:\/\/www.europesays.com\/fr\/wp-json\/wp\/v2\/users\/2"}],"replies":[{"embeddable":true,"href":"https:\/\/www.europesays.com\/fr\/wp-json\/wp\/v2\/comments?post=333406"}],"version-history":[{"count":0,"href":"https:\/\/www.europesays.com\/fr\/wp-json\/wp\/v2\/posts\/333406\/revisions"}],"wp:featuredmedia":[{"embeddable":true,"href":"https:\/\/www.europesays.com\/fr\/wp-json\/wp\/v2\/media\/331423"}],"wp:attachment":[{"href":"https:\/\/www.europesays.com\/fr\/wp-json\/wp\/v2\/media?parent=333406"}],"wp:term":[{"taxonomy":"category","embeddable":true,"href":"https:\/\/www.europesays.com\/fr\/wp-json\/wp\/v2\/categories?post=333406"},{"taxonomy":"post_tag","embeddable":true,"href":"https:\/\/www.europesays.com\/fr\/wp-json\/wp\/v2\/tags?post=333406"}],"curies":[{"name":"wp","href":"https:\/\/api.w.org\/{rel}","templated":true}]}}