{"id":333407,"date":"2025-08-21T07:33:13","date_gmt":"2025-08-21T07:33:13","guid":{"rendered":"https:\/\/www.europesays.com\/fr\/333407\/"},"modified":"2025-08-21T07:33:13","modified_gmt":"2025-08-21T07:33:13","slug":"sortir-a-montpellier-arc-de-triomphe-fetes-de-villages-boiler-groove-des-idees-pour-ce-vendredi-22-aout","status":"publish","type":"post","link":"https:\/\/www.europesays.com\/fr\/333407\/","title":{"rendered":"Sortir \u00e0 Montpellier\u00a0: Arc de triomphe, f\u00eates de villages, Boiler groove\u2026 des id\u00e9es pour ce vendredi 22\u00a0ao\u00fbt"},"content":{"rendered":"<p>\n                                                                March\u00e9 \u00e0 Ganges, \u00ab\u00a0Bonjour Montpellier\u00a0!\u00a0\u00bb au sommet de l\u2019arc de triomphe, f\u00eate votive \u00e0 Saint-Georges-d\u2019Orques, Feria de la Saint-Louis \u00e0 Teyran, Boiler Groove \u00e0 la Halle Tropisme, \u00ab\u00a0La Grande Boucle\u00a0\u00bb avec Cin\u00e9ma sous les \u00e9toiles au th\u00e9\u00e2tre de verdure de P\u00e9rols ou marathon \u00ab\u00a0Retour vers le futur\u00a0\u00bb au cin\u00e9ma Diagonal.\n                            <\/p>\n<p>D\u00e9couvrez notre s\u00e9lection de sorties pour ce vendredi 22\u00a0ao\u00fbt 2025 du c\u00f4t\u00e9 de <a href=\"https:\/\/www.midilibre.fr\/herault\/montpellier\/\" target=\"_blank\" rel=\"nofollow noopener\">Montpellier<\/a> et faites le plein d\u2019id\u00e9es <a href=\"https:\/\/www.midilibre.fr\/agenda\/?path=&amp;q=&amp;where=herault%3Amontpellier&amp;insee=34172&amp;from=2025-08-22&amp;to=2025-08-22\" target=\"_blank\" rel=\"nofollow noopener\">avec notre agenda en ligne<\/a>.<\/p>\n<p>March\u00e9 de Ganges<\/p>\n<p><strong>March\u00e9.<\/strong>\u00a0\u00c0 Ganges, aux portes des C\u00e9vennes, le vendredi c\u2019est sacr\u00e9, c\u2019est le jour du grand march\u00e9\u00a0! Une joyeuse animation embrase alors les rues. Sous les platanes, autour des halles, les \u00e9tals en couleurs grouillent d\u2019activit\u00e9.<\/p>\n<p>&gt;\u00a0Le vendredi de 7\u00a0h\u00a030 \u00e0 14\u00a0heures en \u00e9t\u00e9, place des Halles \u00e0 <a href=\"https:\/\/www.midilibre.fr\/herault\/ganges\/\" target=\"_blank\" rel=\"nofollow noopener\">Ganges<\/a>.<\/p>\n<p>\u00ab\u00a0Bonjour Montpellier\u00a0!\u00a0\u00bb<\/p>\n<p>        <img decoding=\"async\" class=\"std-img__img responsive-img\" src=\"https:\/\/www.europesays.com\/fr\/wp-content\/uploads\/2025\/08\/1755761593_341_image.jpg\" alt=\"Une exp\u00e9rience gourmande et culturelle.\"\/><\/p>\n<p>                Une exp\u00e9rience gourmande et culturelle.<br \/>\n                                    OT3M<\/p>\n<p><strong>Visite guid\u00e9e.<\/strong> Une exp\u00e9rience gourmande et culturelle depuis le haut de l\u2019Arc de Triomphe. Apr\u00e8s avoir gravi les 90 marches, vous profiterez d\u2019un petit-d\u00e9jeuner panoramique sur les toits de Montpellier. Savourez viennoiseries artisanales et boissons dans la douceur du matin, face \u00e0 l\u2019une des plus belles vues \u00e0 360\u00b0 sur Montpellier pendant que le guide vous raconte la ville \u00e0 travers une lecture de paysage. Sur r\u00e9servation.<\/p>\n<p>&gt;\u00a0Ce\u00a0vendredi 22\u00a0ao\u00fbt de 8\u00a0h \u00e0 9\u00a0h\u00a015 et\u00a0de 9\u00a0h\u00a015 \u00e0 10\u00a0heures \u00e0\u00a0l\u2019Arc de triomphe, rue Foch (c\u00f4t\u00e9 Palais de Justice) \u00e0 <a href=\"https:\/\/www.midilibre.fr\/herault\/montpellier\/\" target=\"_blank\" rel=\"nofollow noopener\">Montpellier<\/a>. Tarif unique 20\u00a0\u20ac, <a href=\"https:\/\/www.montpellier-tourisme.fr\/agenda\/tout-l-agenda\/bonjour-montpellier-montpellier-fr-5796636\/\" target=\"_blank\" rel=\"nofollow noopener\">sur r\u00e9servation aupr\u00e8s de l\u2019office de tourisme de Montpellier<\/a>. Contact au 04\u00a067\u00a060\u00a060\u00a060.<\/p>\n<p>F\u00eate locale<\/p>\n<p><strong>Festivit\u00e9s. <\/strong>Ce vendredi, coup d\u2019envoi \u00e0 11\u00a0h\u00a030 avec une abrivado, suivie \u00e0 16\u00a0h\u00a030 d\u2019un concours de p\u00e9tanque, puis course de ligue \u00e0 17\u00a0h\u00a030 (5\u00a0\u20ac, 3\u00a0\u20ac, 2\u00a0\u20ac). Apr\u00e8s la bandido, la f\u00eate s\u2019ouvrira officiellement \u00e0 19\u00a0h\u00a030 avec un ap\u00e9ritif offert par la municipalit\u00e9. \u00c0 21\u00a0heures, encierro et bal avec Box Song\u00a0&amp; Band.<\/p>\n<p>&gt;\u00a0<a href=\"https:\/\/www.ville-st-georges-dorques.fr\/evenement\/fete-votive-2025\/\" target=\"_blank\" rel=\"nofollow noopener\">F\u00eate votive 2025<\/a>\u00a0de ce vendredi\u00a022 au lundi 25\u00a0ao\u00fbt \u00e0 <a href=\"https:\/\/www.midilibre.fr\/herault\/saint-georges-d-orques\/\" target=\"_blank\" rel=\"nofollow noopener\">Saint-Georges-d\u2019Orques<\/a>.<\/p>\n<p>Feria de la Saint-Louis<\/p>\n<p><strong>Festivit\u00e9s.<\/strong> Ce vendredi, \u00e0 12\u00a0heures ouverture de la f\u00eate au bar l\u2019H\u00e9raultais, \u00e0\u00a018\u00a0heures discours d\u2019ouverture, \u00e0 18\u00a0h\u00a015 d\u00e9fil\u00e9 des bandes dans les ar\u00e8nes suivi de l\u2019ap\u00e9ritif offert par la mairie, bodega, \u00e0 21\u00a0heures encierro, \u00e0\u00a021\u00a0h\u00a045 soir\u00e9e anim\u00e9e par le DJ Zoub place de l\u2019Europe.<\/p>\n<p>&gt;\u00a0<a href=\"https:\/\/www.ville-teyran.fr\/Agenda\/16\/D\/2641\/2\/A1#:~:text=Rendez%2Dvous%20du%2022%20au,en%20cliquant%20sur%20ce%20lien.\" target=\"_blank\" rel=\"nofollow noopener\">F\u00eate locale<\/a> de ce vendredi\u00a022 au lundi 25\u00a0ao\u00fbt \u00e0 <a href=\"https:\/\/www.midilibre.fr\/herault\/teyran\/\" target=\"_blank\" rel=\"nofollow noopener\">Teyran<\/a>.<\/p>\n<p>Boiler Groove #4<\/p>\n<blockquote data-instgrm-captioned=\"\" data-instgrm-permalink=\"https:\/\/www.instagram.com\/reel\/DNQDyu1NGx4\/?utm_source=ig_embed&amp;utm_campaign=loading\" data-instgrm-version=\"14\" style=\" background:#FFF; border:0; border-radius:3px; box-shadow:0 0 1px 0 rgba(0,0,0,0.5),0 1px 10px 0 rgba(0,0,0,0.15); margin: 1px; max-width:540px; min-width:326px; padding:0; width:99.375%; width:-webkit-calc(100% - 2px); width:calc(100% - 2px);\" data-class=\"instagram-media\"\/>\n<p><strong>Bars et clubs.<\/strong>\u00a0Apr\u00e8s deux \u00e9ditions au Faune MO.CO, une \u00e0 Panorama sur le toit du Corum, Boiler Groove vient groover \u00e0 Tropisme pour une soir\u00e9e minimal, techno, groovy. Line-up\u00a0: Amine Taher (Universitek), minimal\u00a0; Bronstach (Les Machines Mentent), pumpin house et techno\u00a0; Hurluberlu (Universitek), DJ\u00a0set\u00a0; Highflying, techno.<\/p>\n<p>&gt;\u00a0Ce vendredi 22\u00a0ao\u00fbt de 18\u00a0h \u00e0 22\u00a0heures \u00e0 la <a href=\"https:\/\/www.tropisme.coop\/\" target=\"_blank\" rel=\"nofollow noopener\">Halle Tropisme<\/a>, 121 rue Fontcouverte \u00e0 <a href=\"https:\/\/www.midilibre.fr\/herault\/montpellier\/\" target=\"_blank\" rel=\"nofollow noopener\">Montpellier<\/a>. Entr\u00e9e libre et gratuite. Contact au 04\u00a067\u00a004\u00a008\u00a010.<\/p>\n<p>\u00ab\u00a0La Grande Boucle\u00a0\u00bb<\/p>\n<p><a href=\"https:\/\/www.domainedo.fr\/spectacles\/cine-metropole\" target=\"_blank\" rel=\"nofollow noopener\">Cin\u00e9ma sous les \u00e9toiles<\/a>. D\u00e8s 20\u00a0heures ambiance guinguette avec foodtrucks. \u00c0 21\u00a0h\u00a030, projection de \u00ab\u00a0La Grande Boucle\u00a0\u00bb, com\u00e9die de Laurent Tuel (2013, 1h38) avec Clovis Cornillac, Bouli Lanners, Ary Abittan. Lieux de tournage\u00a0: La Grande-Motte, Montpellier, Narbonne, Sigean.<\/p>\n<p>&gt;\u00a0Ce vendredi 22\u00a0ao\u00fbt \u00e0 partir de 20\u00a0heures au th\u00e9\u00e2tre de verdure\u00a0du parcours de sant\u00e9 \u00e0 <a href=\"https:\/\/www.midilibre.fr\/herault\/perols\/\" target=\"_blank\" rel=\"nofollow noopener\">P\u00e9rols<\/a>. Projection\u00a0gratuite dans la limite des places disponibles.<\/p>\n<p>Marathon \u00ab\u00a0Retour vers le futur\u00a0\u00bb<\/p>\n<p><strong>Cool Summer.<\/strong> Les trois\u00a0films sur trois\u00a0soir\u00e9es\u00a0! Ce vendredi\u00a0: \u00ab\u00a0Retour vers le futur\u00a0\u00bb, aventure, com\u00e9die, science-fiction (1h56, 1985) de Robert Zemeckis, avec Michael J. Fox, Christopher Lloyd, Lea Thompson. Samedi 23\u00a0ao\u00fbt\u00a0: \u00ab\u00a0Retour vers le futur II\u00a0\u00bb (1h48, 1989). Dimanche 24\u00a0ao\u00fbt\u00a0: \u00ab\u00a0Retour vers le futur III\u00a0\u00bb (1h58, 1990).<\/p>\n<p>&gt;\u00a0De ce vendredi\u00a022 au dimanche 24\u00a0ao\u00fbt \u00e0 21\u00a0heures au<a href=\"https:\/\/www.cinediagonal.com\/\" target=\"_blank\" rel=\"nofollow noopener\"> cin\u00e9ma Diagonal<\/a>, 5 rue de Verdun \u00e0 <a href=\"https:\/\/www.midilibre.fr\/herault\/montpellier\/\" target=\"_blank\" rel=\"nofollow noopener\">Montpellier<\/a>. La s\u00e9ance 8\u00a0\u20ac, les trois films 15\u00a0\u20ac. Contact au 04\u00a067\u00a058\u00a058\u00a010.<\/p>\n<p>                                                                                                                                                                                                        <script async src=\"\/\/www.instagram.com\/embed.js\"><\/script><\/p>\n","protected":false},"excerpt":{"rendered":"March\u00e9 \u00e0 Ganges, \u00ab\u00a0Bonjour Montpellier\u00a0!\u00a0\u00bb au sommet de l\u2019arc de triomphe, f\u00eate votive \u00e0 Saint-Georges-d\u2019Orques, Feria de la&hellip;\n","protected":false},"author":2,"featured_media":333408,"comment_status":"","ping_status":"","sticky":false,"template":"","format":"standard","meta":{"footnotes":""},"categories":[9599],"tags":[1111,11,1777,674,1011,27,2208,12,2680,25],"class_list":{"0":"post-333407","1":"post","2":"type-post","3":"status-publish","4":"format-standard","5":"has-post-thumbnail","7":"category-montpellier","8":"tag-actu","9":"tag-actualites","10":"tag-eu","11":"tag-europe","12":"tag-fr","13":"tag-france","14":"tag-montpellier","15":"tag-news","16":"tag-occitanie","17":"tag-republique-francaise"},"share_on_mastodon":{"url":"https:\/\/pubeurope.com\/@fr\/115065599042166885","error":""},"_links":{"self":[{"href":"https:\/\/www.europesays.com\/fr\/wp-json\/wp\/v2\/posts\/333407","targetHints":{"allow":["GET"]}}],"collection":[{"href":"https:\/\/www.europesays.com\/fr\/wp-json\/wp\/v2\/posts"}],"about":[{"href":"https:\/\/www.europesays.com\/fr\/wp-json\/wp\/v2\/types\/post"}],"author":[{"embeddable":true,"href":"https:\/\/www.europesays.com\/fr\/wp-json\/wp\/v2\/users\/2"}],"replies":[{"embeddable":true,"href":"https:\/\/www.europesays.com\/fr\/wp-json\/wp\/v2\/comments?post=333407"}],"version-history":[{"count":0,"href":"https:\/\/www.europesays.com\/fr\/wp-json\/wp\/v2\/posts\/333407\/revisions"}],"wp:featuredmedia":[{"embeddable":true,"href":"https:\/\/www.europesays.com\/fr\/wp-json\/wp\/v2\/media\/333408"}],"wp:attachment":[{"href":"https:\/\/www.europesays.com\/fr\/wp-json\/wp\/v2\/media?parent=333407"}],"wp:term":[{"taxonomy":"category","embeddable":true,"href":"https:\/\/www.europesays.com\/fr\/wp-json\/wp\/v2\/categories?post=333407"},{"taxonomy":"post_tag","embeddable":true,"href":"https:\/\/www.europesays.com\/fr\/wp-json\/wp\/v2\/tags?post=333407"}],"curies":[{"name":"wp","href":"https:\/\/api.w.org\/{rel}","templated":true}]}}