{"id":333409,"date":"2025-08-21T07:34:40","date_gmt":"2025-08-21T07:34:40","guid":{"rendered":"https:\/\/www.europesays.com\/fr\/333409\/"},"modified":"2025-08-21T07:34:40","modified_gmt":"2025-08-21T07:34:40","slug":"ligue-2-au-mans-un-mhsc-renversant-retrouve-le-parfum-de-la-victoire","status":"publish","type":"post","link":"https:\/\/www.europesays.com\/fr\/333409\/","title":{"rendered":"Ligue 2 : au Mans, un MHSC renversant retrouve le parfum de la victoire"},"content":{"rendered":"<p>Le MHSC a gagn\u00e9\u00a0! Une premi\u00e8re depuis janvier 2025. 2-1 sur la pelouse du Mans, lundi, avec un sc\u00e9nario totalement fou et deux buts marqu\u00e9s dans les arr\u00eats de jeu. <\/p>\n<p>La Paillade l&rsquo;attendait depuis le 26 janvier 2025. Pr\u00e8s de sept mois plus tard et 16 matchs disput\u00e9s, le MHSC retrouve la saveur de la victoire, lundi 18 ao\u00fbt 2025, sur le terrain du Mans \u00e0 l&rsquo;occasion de la 2e journ\u00e9e de Ligue 2. Un succ\u00e8s 2-1, au sc\u00e9nario \u00e9bouriffant.<\/p>\n<p>Au bout du suspense<\/p>\n<p>Apr\u00e8s une premi\u00e8re p\u00e9riode assez \u00e9quilibr\u00e9e, Montpellier ouvre la marque par Tanguy Coulibaly (52e), \u00e0 la conclusion d&rsquo;une belle action collective. Le MHSC tient jusqu&rsquo;aux arr\u00eats de jeu, et l&rsquo;\u00e9galisation de Dame Gueye (90+5). Mais c&rsquo;\u00e9tait sans compter sur l&rsquo;abn\u00e9gation d&rsquo;Alexandre Mendy. Au bout du match, au bout des efforts, il sert Junior Ndiaye, qui marque le but du 2-1.\u00a0 Enfin une victoire\u00a0! Qui pose, peut-\u00eatre, la premi\u00e8re pierre d&rsquo;un vrai renouveau. Montpellier devra confirmer rapidement, \u00e0 nouveau \u00e0 l&rsquo;ext\u00e9rieur, d\u00e8s samedi sur le terrain de Troyes.<\/p>\n<p>\u00ab\u00a0Je suis fier d&rsquo;eux\u00a0\u00bb<\/p>\n<p>C&rsquo;est la premi\u00e8re victoire en match officiel pour l&rsquo;entra\u00eeneur Zoumana Camara, arriv\u00e9 dans le marasme de la Ligue 1 en avril pour prendre la suite de Jean-Louis Gasset. \u00ab\u00a0Plus qu&rsquo;un soulagement, c&rsquo;est une satisfaction par rapport \u00e0 tous les efforts fournis, et une grosse personnalit\u00e9, savoure-t-il dans une joie pond\u00e9r\u00e9e en conf\u00e9rence de presse apr\u00e8s la rencontre. Je trouve que le match \u00e9tait assez ma\u00eetris\u00e9, hormis la frappe et l&rsquo;arr\u00eat exceptionnel de Simon, on n&rsquo;est pas vraiment en danger. Prendre cette \u00e9galisation sur cette magnifique t\u00eate \u00e0 la fin, des \u00e9quipes auraient pu s&rsquo;effondrer, mais la mienne a montr\u00e9 du caract\u00e8re et je suis fier d&rsquo;eux (&#8230;). Je trouve que dans l&rsquo;ensemble, c&rsquo;est assez m\u00e9rit\u00e9\u00a0\u00bb.<\/p>\n<p> Alexandre Mendy y a cru jusqu&rsquo;au bout<\/p>\n<p>En prenant Alexandre Mendy cet \u00e9t\u00e9, le MHSC voulait avant tout un serial-buteur. Apr\u00e8s cinq saisons sous les couleurs de Caen, ses capacit\u00e9s pour terminer les actions ne sont plus \u00e0 prouver. La preuve avec ce statut de meilleur buteur de Ligue 2 en activit\u00e9 (72 buts). Sauf que ce lundi soir au Mans, c&rsquo;est dans un r\u00f4le d&rsquo;altruiste, de passeur, qu&rsquo;Alexandre Mendy s&rsquo;est tout particuli\u00e8rement distingu\u00e9. D&rsquo;abord sur le premier but, \u00e0 la remise pour servir Tchato, passeur d\u00e9cisif pour Coulibaly. Et surtout sur le but vainqueur, au bout des arr\u00eats de jeu. Une course de 50 m\u00e8tres, un duel \u00e0 l&rsquo;\u00e9paule gagn\u00e9, la lucidit\u00e9 pour temporiser, la passe d\u00e9cisive pour Ndiaye. Une bourrasque\u00a0!<\/p>\n<p>\u00ab\u00a0Dans le foot, jamais rien n&rsquo;est fini. C&rsquo;est un coup de poker, je tente le coup, je fais l&rsquo;appel. Je me bats sur le dernier ballon, j&rsquo;offre le premier but en pro&rsquo; \u00e0 Junior et je suis content pour \u00e7a\u00a0\u00bb, analyse Alexandre Mendy apr\u00e8s la partie.\u00a0\u00bb C&rsquo;est un leader, on l&rsquo;a pris pour \u00e7a, dans le groupe, il est important par sa d\u00e9termination. Et il l&rsquo;a montr\u00e9 sur cette action, c&rsquo;est lui qui fait quasiment tout. Avec sa puissance, il arrive \u00e0 \u00e9liminer deux d\u00e9fenseurs, \u00e0 passer devant et \u00e0 mettre ce centre\u00a0\u00bb, f\u00e9licite de son c\u00f4t\u00e9 son entra\u00eeneur \u00ab\u00a0Papus\u00a0\u00bb Camara.<\/p>\n<p> Le choix tactique\u00a0: pourquoi Zoumana Camara est-il pass\u00e9 \u00e0 trois d\u00e9fenseurs\u00a0? <\/p>\n<p>loading<\/p>\n<p>Le r\u00e9sum\u00e9 en vid\u00e9o Les temps-forts du match <\/p>\n<p>loading<\/p>\n<p>loading<\/p>\n<p>loading<\/p>\n<p>\u00c0 lire aussi   <img decoding=\"async\" src=\"https:\/\/www.europesays.com\/fr\/wp-content\/uploads\/2025\/08\/1755761680_910_560x315\" alt=\"Supporters du MHSC (illustration)\" style=\"--_image-preview:url('data:image\/jpeg;base64,\/9j\/2wBDACgcHiMeGSgjISMtKygwPGRBPDc3PHtYXUlkkYCZlo+AjIqgtObDoKrarYqMyP\/L2u71\/\/\/\/m8H\/\/\/\/6\/+b9\/\/j\/2wBDASstLTw1PHZBQXb4pYyl+Pj4+Pj4+Pj4+Pj4+Pj4+Pj4+Pj4+Pj4+Pj4+Pj4+Pj4+Pj4+Pj4+Pj4+Pj4+Pj4+Pj\/wAARCAAXACoDASIAAhEBAxEB\/8QAFwABAQEBAAAAAAAAAAAAAAAAAAEEA\/\/EABgQAQEAAwAAAAAAAAAAAAAAAAASAQIR\/8QAFgEBAQEAAAAAAAAAAAAAAAAAAAEC\/8QAFREBAQAAAAAAAAAAAAAAAAAAABH\/2gAMAwEAAhEDEQA\/AMkLLtBIscZSXeSEIz51SWiEgI0SnAGlkkAJSQRX\/9k=');\" loading=\"lazy\" fetchpriority=\"low\" aria-hidden=\"true\" class=\"svelte-1pnmlwx rounded\" onload=\"this.__e=event\" onerror=\"this.__e=event\"\/><\/p>\n","protected":false},"excerpt":{"rendered":"Le MHSC a gagn\u00e9\u00a0! Une premi\u00e8re depuis janvier 2025. 2-1 sur la pelouse du Mans, lundi, avec un&hellip;\n","protected":false},"author":2,"featured_media":333410,"comment_status":"","ping_status":"","sticky":false,"template":"","format":"standard","meta":{"footnotes":""},"categories":[9599],"tags":[1111,11,1777,674,1011,27,2208,12,2680,25],"class_list":{"0":"post-333409","1":"post","2":"type-post","3":"status-publish","4":"format-standard","5":"has-post-thumbnail","7":"category-montpellier","8":"tag-actu","9":"tag-actualites","10":"tag-eu","11":"tag-europe","12":"tag-fr","13":"tag-france","14":"tag-montpellier","15":"tag-news","16":"tag-occitanie","17":"tag-republique-francaise"},"share_on_mastodon":{"url":"https:\/\/pubeurope.com\/@fr\/115065602902273970","error":""},"_links":{"self":[{"href":"https:\/\/www.europesays.com\/fr\/wp-json\/wp\/v2\/posts\/333409","targetHints":{"allow":["GET"]}}],"collection":[{"href":"https:\/\/www.europesays.com\/fr\/wp-json\/wp\/v2\/posts"}],"about":[{"href":"https:\/\/www.europesays.com\/fr\/wp-json\/wp\/v2\/types\/post"}],"author":[{"embeddable":true,"href":"https:\/\/www.europesays.com\/fr\/wp-json\/wp\/v2\/users\/2"}],"replies":[{"embeddable":true,"href":"https:\/\/www.europesays.com\/fr\/wp-json\/wp\/v2\/comments?post=333409"}],"version-history":[{"count":0,"href":"https:\/\/www.europesays.com\/fr\/wp-json\/wp\/v2\/posts\/333409\/revisions"}],"wp:featuredmedia":[{"embeddable":true,"href":"https:\/\/www.europesays.com\/fr\/wp-json\/wp\/v2\/media\/333410"}],"wp:attachment":[{"href":"https:\/\/www.europesays.com\/fr\/wp-json\/wp\/v2\/media?parent=333409"}],"wp:term":[{"taxonomy":"category","embeddable":true,"href":"https:\/\/www.europesays.com\/fr\/wp-json\/wp\/v2\/categories?post=333409"},{"taxonomy":"post_tag","embeddable":true,"href":"https:\/\/www.europesays.com\/fr\/wp-json\/wp\/v2\/tags?post=333409"}],"curies":[{"name":"wp","href":"https:\/\/api.w.org\/{rel}","templated":true}]}}