{"id":333411,"date":"2025-08-21T07:37:10","date_gmt":"2025-08-21T07:37:10","guid":{"rendered":"https:\/\/www.europesays.com\/fr\/333411\/"},"modified":"2025-08-21T07:37:10","modified_gmt":"2025-08-21T07:37:10","slug":"hockey-sur-glace-presentation-des-clubs-de-ligue-magnus-2025-26-i-rouen","status":"publish","type":"post","link":"https:\/\/www.europesays.com\/fr\/333411\/","title":{"rendered":"Hockey sur glace &#8211; Pr\u00e9sentation des clubs de Ligue Magnus 2025\/26 (I) : Rouen"},"content":{"rendered":"<p><strong>Comme chaque saison, Hockey Archives pr\u00e9sentera en d\u00e9tail chacun des 12 participants \u00e0 l\u2019\u00e9dition 2025\/2026 de la Ligue Magnus. Commen\u00e7ons par l\u2019ancien champion d\u00e9chu Rouen.<\/strong><\/p>\n<p style=\"text-align: justify;\">En coulisses, le passage de relais du duo Chaix-Fournier au tandem Muller-Thinel s\u2019est d\u00e9roul\u00e9 progressivement, comme pr\u00e9vu. Un changement d\u2019\u00e8re tout en discr\u00e9tion jusqu\u2019\u00e0 la conf\u00e9rence de presse du 23 juin, intronisant publiquement le nouvel homme fort et actionnaire majoritaire du club.<\/p>\n<p style=\"text-align: justify;\">La saison 2024-25 n\u2019a pas satisfait les attentes. Le club normand n\u2019a pu que regarder de loin Grenoble reprendre un titre qui lui avait \u00e9chapp\u00e9 deux saisons de suite. Usure du temps, cons\u00e9quence de l\u2019\u00e9limination pr\u00e9coce, arriv\u00e9e d\u2019une nouvelle direction\u2026 La survenue d\u2019un changement important est souvent multifactorielle. Fabrice Lhenry ne sera plus aux commandes et officiera d\u00e9sormais en tant que directeur sportif.<\/p>\n<p align=\"JUSTIFY\">L\u2019\u00e9quipe dirigeante s\u2019est tourn\u00e9e vers quelqu\u2019un qui conna\u00eet l\u2019ADN du club. Thinel a contact\u00e9 un certain Carl Mallette, et a convaincu son ami, remerci\u00e9 par Victoriaville en janvier, de se relancer en France, \u00e0 Rouen, sur le lieu de ses exploits.<\/p>\n<p align=\"JUSTIFY\">Voici le premier volet de la pr\u00e9sentation des clubs de Ligue Magnus 2025\/2026\u00a0: <a href=\"https:\/\/www.hockeyarchives.info\/articles\/2025-09-Rouen.htm\" rel=\"nofollow noopener\" target=\"_blank\"><strong>Les Dragons de Rouen font peau neuve<\/strong><\/a>.<\/p>\n","protected":false},"excerpt":{"rendered":"Comme chaque saison, Hockey Archives pr\u00e9sentera en d\u00e9tail chacun des 12 participants \u00e0 l\u2019\u00e9dition 2025\/2026 de la Ligue&hellip;\n","protected":false},"author":2,"featured_media":333412,"comment_status":"","ping_status":"","sticky":false,"template":"","format":"standard","meta":{"footnotes":""},"categories":[9587],"tags":[1111,11,1777,674,1011,27,12,5161,25,9590],"class_list":{"0":"post-333411","1":"post","2":"type-post","3":"status-publish","4":"format-standard","5":"has-post-thumbnail","7":"category-rouen","8":"tag-actu","9":"tag-actualites","10":"tag-eu","11":"tag-europe","12":"tag-fr","13":"tag-france","14":"tag-news","15":"tag-normandie","16":"tag-republique-francaise","17":"tag-rouen"},"share_on_mastodon":{"url":"https:\/\/pubeurope.com\/@fr\/115065614692966798","error":""},"_links":{"self":[{"href":"https:\/\/www.europesays.com\/fr\/wp-json\/wp\/v2\/posts\/333411","targetHints":{"allow":["GET"]}}],"collection":[{"href":"https:\/\/www.europesays.com\/fr\/wp-json\/wp\/v2\/posts"}],"about":[{"href":"https:\/\/www.europesays.com\/fr\/wp-json\/wp\/v2\/types\/post"}],"author":[{"embeddable":true,"href":"https:\/\/www.europesays.com\/fr\/wp-json\/wp\/v2\/users\/2"}],"replies":[{"embeddable":true,"href":"https:\/\/www.europesays.com\/fr\/wp-json\/wp\/v2\/comments?post=333411"}],"version-history":[{"count":0,"href":"https:\/\/www.europesays.com\/fr\/wp-json\/wp\/v2\/posts\/333411\/revisions"}],"wp:featuredmedia":[{"embeddable":true,"href":"https:\/\/www.europesays.com\/fr\/wp-json\/wp\/v2\/media\/333412"}],"wp:attachment":[{"href":"https:\/\/www.europesays.com\/fr\/wp-json\/wp\/v2\/media?parent=333411"}],"wp:term":[{"taxonomy":"category","embeddable":true,"href":"https:\/\/www.europesays.com\/fr\/wp-json\/wp\/v2\/categories?post=333411"},{"taxonomy":"post_tag","embeddable":true,"href":"https:\/\/www.europesays.com\/fr\/wp-json\/wp\/v2\/tags?post=333411"}],"curies":[{"name":"wp","href":"https:\/\/api.w.org\/{rel}","templated":true}]}}