{"id":333413,"date":"2025-08-21T07:39:11","date_gmt":"2025-08-21T07:39:11","guid":{"rendered":"https:\/\/www.europesays.com\/fr\/333413\/"},"modified":"2025-08-21T07:39:11","modified_gmt":"2025-08-21T07:39:11","slug":"ligue-2-gf38-apres-des-incidents-a-troyes-max-marty-ecope-dune-grosse-suspension","status":"publish","type":"post","link":"https:\/\/www.europesays.com\/fr\/333413\/","title":{"rendered":"Ligue 2. GF38\u00a0: apr\u00e8s des incidents \u00e0 Troyes, Max Marty \u00e9cope d\u2019une grosse suspension"},"content":{"rendered":"<p>Habituellement, la commission de discipline de la Ligue de Football Professionnel (LFP) traite plut\u00f4t des cas de joueurs. Dans sa s\u00e9ance du mercredi 20\u00a0ao\u00fbt, elle s\u2019est aussi pench\u00e9e sur celui d\u2019un dirigeant de Ligue 2.<\/p>\n<p>En l\u2019occurrence, celui de Max Marty (Grenoble Foot 38), suspendu pour six matchs (trois fermes et trois avec sursis) de banc de touche, de vestiaire d\u2019arbitre et de toutes fonctions officielles.<\/p>\n<p>L\u2019instance disciplinaire de la LFP a \u00e9pingl\u00e9 le directeur g\u00e9n\u00e9ral du GF38 pour des incidents intervenus le 9\u00a0ao\u00fbt au stade de l\u2019Aube. <a title=\"foot L2 Troyes - GF38 r\u00e9su\" href=\"https:\/\/www.ledauphine.com\/sport\/2025\/08\/09\/battu-mais-courageux-le-gf38-peut-nourrir-des-regrets-a-troyes\" target=\"_blank\" rel=\"noopener\">Lors de la 1re journ\u00e9e de Ligue 2, le club is\u00e9rois s\u2019\u00e9tait inclin\u00e9 face \u00e0 l\u2019ESTAC<\/a> (1-2).<\/p>\n<p>Ce match de reprise de la comp\u00e9tition avait notamment \u00e9t\u00e9 marqu\u00e9 par l\u2019expulsion juste avant la mi-temps de Mamady Bangr\u00e9, attaquant du GF38, alors que le score \u00e9tait de parit\u00e9 (1-1).<\/p>\n<p>  Marty sera suspendu pour les deux derbies<\/p>\n<p>Seule \u201cbonne\u201d nouvelle pour Max Marty, la suspension ne prendra effet que le 26\u00a0ao\u00fbt\u00a0; soit <a title=\"foot L2 Clermont - GF38 TV\" href=\"https:\/\/www.ledauphine.com\/sport\/2025\/08\/18\/ligue-2-sur-quelle-chaine-regarder-clermont-gf38\" target=\"_blank\" rel=\"noopener\">apr\u00e8s la 3e journ\u00e9e de championnat vendredi chez le Clermont Foot<\/a> (20 heures).<\/p>\n<p>Selon le calendrier du GF38 en Ligue 2, le dirigeant is\u00e9rois sera oblig\u00e9 de suivre d\u2019un peu plus loin Saint-Etienne &#8211; Grenoble (30 ao\u00fbt \u00e0 20 heures), Grenoble &#8211; Dunkerque (13\u00a0septembre \u00e0 14 heures) et Grenoble &#8211; Annecy (19\u00a0septembre \u00e0 20 heures).<\/p>\n","protected":false},"excerpt":{"rendered":"Habituellement, la commission de discipline de la Ligue de Football Professionnel (LFP) traite plut\u00f4t des cas de joueurs.&hellip;\n","protected":false},"author":2,"featured_media":333414,"comment_status":"","ping_status":"","sticky":false,"template":"","format":"standard","meta":{"footnotes":""},"categories":[9566],"tags":[1111,11,2430,112,1777,674,63,1011,27,12637,2731,2732,108,12636,12,25,517],"class_list":{"0":"post-333413","1":"post","2":"type-post","3":"status-publish","4":"format-standard","5":"has-post-thumbnail","7":"category-grenoble","8":"tag-actu","9":"tag-actualites","10":"tag-auvergne-rhone-alpes","11":"tag-edition-grenoble-agglomeration","12":"tag-eu","13":"tag-europe","14":"tag-football","15":"tag-fr","16":"tag-france","17":"tag-gf38-grenoble-foot-38","18":"tag-grenoble","19":"tag-grenoble-bassin","20":"tag-isere","21":"tag-ligue-2-football","22":"tag-news","23":"tag-republique-francaise","24":"tag-sport"},"share_on_mastodon":{"url":"https:\/\/pubeurope.com\/@fr\/115065622546509234","error":""},"_links":{"self":[{"href":"https:\/\/www.europesays.com\/fr\/wp-json\/wp\/v2\/posts\/333413","targetHints":{"allow":["GET"]}}],"collection":[{"href":"https:\/\/www.europesays.com\/fr\/wp-json\/wp\/v2\/posts"}],"about":[{"href":"https:\/\/www.europesays.com\/fr\/wp-json\/wp\/v2\/types\/post"}],"author":[{"embeddable":true,"href":"https:\/\/www.europesays.com\/fr\/wp-json\/wp\/v2\/users\/2"}],"replies":[{"embeddable":true,"href":"https:\/\/www.europesays.com\/fr\/wp-json\/wp\/v2\/comments?post=333413"}],"version-history":[{"count":0,"href":"https:\/\/www.europesays.com\/fr\/wp-json\/wp\/v2\/posts\/333413\/revisions"}],"wp:featuredmedia":[{"embeddable":true,"href":"https:\/\/www.europesays.com\/fr\/wp-json\/wp\/v2\/media\/333414"}],"wp:attachment":[{"href":"https:\/\/www.europesays.com\/fr\/wp-json\/wp\/v2\/media?parent=333413"}],"wp:term":[{"taxonomy":"category","embeddable":true,"href":"https:\/\/www.europesays.com\/fr\/wp-json\/wp\/v2\/categories?post=333413"},{"taxonomy":"post_tag","embeddable":true,"href":"https:\/\/www.europesays.com\/fr\/wp-json\/wp\/v2\/tags?post=333413"}],"curies":[{"name":"wp","href":"https:\/\/api.w.org\/{rel}","templated":true}]}}