{"id":333415,"date":"2025-08-21T07:41:15","date_gmt":"2025-08-21T07:41:15","guid":{"rendered":"https:\/\/www.europesays.com\/fr\/333415\/"},"modified":"2025-08-21T07:41:15","modified_gmt":"2025-08-21T07:41:15","slug":"une-revelation-envoyee-en-d2-anglaise","status":"publish","type":"post","link":"https:\/\/www.europesays.com\/fr\/333415\/","title":{"rendered":"Une r\u00e9v\u00e9lation envoy\u00e9e en D2 anglaise"},"content":{"rendered":"<p><strong>Le Stade Rennais continue de se s\u00e9parer de certains \u00e9l\u00e9ments. Cette fois, c\u2019est une gros talent \u00e0 peine r\u00e9v\u00e9l\u00e9 qui est pouss\u00e9 vers la sortie. <\/strong><\/p>\n<p>Apr\u00e8s Arnaud Kalimuendo parti \u00e0 Nottingham Forest, Rennes compte encore lib\u00e9rer des joueurs pour se d\u00e9graisser. Cette fois, c\u2019est le nom d\u2019une p\u00e9pite qui circule. Selon les confidences de l\u2019Equipe, <strong><a href=\"https:\/\/www.les-transferts.com\/joueur\/jordan-james\/\" rel=\"nofollow noopener\" target=\"_blank\">Jordan James<\/a> va quitter le club breton<\/strong>. <\/p>\n<p>Le footballeur international gallois est courtis\u00e9 par Wrexham, pensionnaire de D2 anglaise. <strong>Le club de la championship a fait une offre de 5 millions d\u2019euros aux Les Rouges et Noirs pour le jeune milieu de terrain<\/strong>. <\/p>\n<\/p>\n<p>Il est \u00e0 noter qu\u2019une autre formation de championship veut aussi le joueur. Rennes r\u00e9clame 8 millions d\u2019euros pour son joyau. Auteur de 23 matchs (une passe d\u00e9cisive) en Ligue 1 la saison derni\u00e8re avec <a href=\"https:\/\/www.les-transferts.com\/club\/rennes\/\" rel=\"nofollow noopener\" target=\"_blank\">Rennes<\/a>, Jordan James a un contrat qui prend fin en juin 2028. <\/p>\n<p>Fan inconditionnel du Bar\u00e7a, je d\u00e9bute ma carri\u00e8re de journaliste en 2015. J\u2019ai couvert la CAN 2017 au Gabon et le mondial 2022 au Qatar entre autres. Commentateur des matchs foot, j\u2019ai r\u00e9cemment pris go\u00fbt pour l\u2019EuroLeague de Basket dont mon joueur pr\u00e9f\u00e9r\u00e9 est Facundo Campazzo.<\/p>\n","protected":false},"excerpt":{"rendered":"Le Stade Rennais continue de se s\u00e9parer de certains \u00e9l\u00e9ments. Cette fois, c\u2019est une gros talent \u00e0 peine&hellip;\n","protected":false},"author":2,"featured_media":333416,"comment_status":"","ping_status":"","sticky":false,"template":"","format":"standard","meta":{"footnotes":""},"categories":[2821],"tags":[1111,11,829,1777,674,1011,27,12,584,25],"class_list":{"0":"post-333415","1":"post","2":"type-post","3":"status-publish","4":"format-standard","5":"has-post-thumbnail","7":"category-rennes","8":"tag-actu","9":"tag-actualites","10":"tag-bretagne","11":"tag-eu","12":"tag-europe","13":"tag-fr","14":"tag-france","15":"tag-news","16":"tag-rennes","17":"tag-republique-francaise"},"share_on_mastodon":{"url":"https:\/\/pubeurope.com\/@fr\/115065630858141178","error":""},"_links":{"self":[{"href":"https:\/\/www.europesays.com\/fr\/wp-json\/wp\/v2\/posts\/333415","targetHints":{"allow":["GET"]}}],"collection":[{"href":"https:\/\/www.europesays.com\/fr\/wp-json\/wp\/v2\/posts"}],"about":[{"href":"https:\/\/www.europesays.com\/fr\/wp-json\/wp\/v2\/types\/post"}],"author":[{"embeddable":true,"href":"https:\/\/www.europesays.com\/fr\/wp-json\/wp\/v2\/users\/2"}],"replies":[{"embeddable":true,"href":"https:\/\/www.europesays.com\/fr\/wp-json\/wp\/v2\/comments?post=333415"}],"version-history":[{"count":0,"href":"https:\/\/www.europesays.com\/fr\/wp-json\/wp\/v2\/posts\/333415\/revisions"}],"wp:featuredmedia":[{"embeddable":true,"href":"https:\/\/www.europesays.com\/fr\/wp-json\/wp\/v2\/media\/333416"}],"wp:attachment":[{"href":"https:\/\/www.europesays.com\/fr\/wp-json\/wp\/v2\/media?parent=333415"}],"wp:term":[{"taxonomy":"category","embeddable":true,"href":"https:\/\/www.europesays.com\/fr\/wp-json\/wp\/v2\/categories?post=333415"},{"taxonomy":"post_tag","embeddable":true,"href":"https:\/\/www.europesays.com\/fr\/wp-json\/wp\/v2\/tags?post=333415"}],"curies":[{"name":"wp","href":"https:\/\/api.w.org\/{rel}","templated":true}]}}